{"id":39472,"date":"2013-11-12T09:40:53","date_gmt":"2013-11-12T12:40:53","guid":{"rendered":"http:\/\/www.eltrabajo.cl\/portal\/?p=39472"},"modified":"2013-11-12T09:40:53","modified_gmt":"2013-11-12T12:40:53","slug":"en-seis-meses-saldrian-los-comerciantes-de-la-terraza-de-la-plaza-de-armas","status":"publish","type":"post","link":"https:\/\/eltrabajo.cl\/portal\/en-seis-meses-saldrian-los-comerciantes-de-la-terraza-de-la-plaza-de-armas\/","title":{"rendered":"En seis meses saldr\u00edan los comerciantes de la terraza de la Plaza de Armas"},"content":{"rendered":"<figure id=\"attachment_39473\" aria-describedby=\"caption-attachment-39473\" style=\"width: 529px\" class=\"wp-caption alignnone\"><a href=\"https:\/\/i0.wp.com\/www.eltrabajo.cl\/portal\/wp-content\/uploads\/2013\/11\/terraza-de-la-plaza-de-armas.jpg\"><img data-recalc-dims=\"1\" loading=\"lazy\" decoding=\"async\" class=\"size-full wp-image-39473\" title=\"La belleza de la terraza de la Plaza de Armas es imposible de apreciar hoy en d\u00eda, producto de la presencia de los comerciantes. Ellos tendr\u00e1n tambi\u00e9n su espacio, pero fuera de este paseo p\u00fablico.\" alt=\"La belleza de la terraza de la Plaza de Armas es imposible de apreciar hoy en d\u00eda, producto de la presencia de los comerciantes. Ellos tendr\u00e1n tambi\u00e9n su espacio, pero fuera de este paseo p\u00fablico.\" src=\"https:\/\/i0.wp.com\/www.eltrabajo.cl\/portal\/wp-content\/uploads\/2013\/11\/terraza-de-la-plaza-de-armas.jpg?resize=529%2C320\" width=\"529\" height=\"320\" srcset=\"https:\/\/i0.wp.com\/eltrabajo.cl\/portal\/wp-content\/uploads\/2013\/11\/terraza-de-la-plaza-de-armas.jpg?w=529&amp;ssl=1 529w, https:\/\/i0.wp.com\/eltrabajo.cl\/portal\/wp-content\/uploads\/2013\/11\/terraza-de-la-plaza-de-armas.jpg?resize=200%2C120&amp;ssl=1 200w, https:\/\/i0.wp.com\/eltrabajo.cl\/portal\/wp-content\/uploads\/2013\/11\/terraza-de-la-plaza-de-armas.jpg?resize=300%2C181&amp;ssl=1 300w, https:\/\/i0.wp.com\/eltrabajo.cl\/portal\/wp-content\/uploads\/2013\/11\/terraza-de-la-plaza-de-armas.jpg?resize=150%2C90&amp;ssl=1 150w, https:\/\/i0.wp.com\/eltrabajo.cl\/portal\/wp-content\/uploads\/2013\/11\/terraza-de-la-plaza-de-armas.jpg?resize=400%2C241&amp;ssl=1 400w\" sizes=\"auto, (max-width: 529px) 100vw, 529px\" \/><\/a><figcaption id=\"caption-attachment-39473\" class=\"wp-caption-text\">La belleza de la terraza de la Plaza de Armas es imposible de apreciar hoy en d\u00eda, producto de la presencia de los comerciantes. Ellos tendr\u00e1n tambi\u00e9n su espacio, pero fuera de este paseo p\u00fablico.<\/figcaption><\/figure>\n<p>Alcalde afirm\u00f3 que el proyecto para una suerte de \u2018pueblito artesanal\u2019 en Yungay esquina San Mart\u00edn est\u00e1 ad portas de su aprobaci\u00f3n, por lo que esperan antes de finalizar el primer semestre de 2014, que la terraza se pueda recuperar para toda la comunidad.<\/p>\n<p>Dentro de seis meses calcula el Alcalde Patricio Freire, que se producir\u00e1 la salida de los comerciantes de la terraza de la Plaza de Armas, para que se instalen en los nuevos puestos de venta que ser\u00e1n construidos en el sector de Yungay esquina de San Mart\u00edn, gracias a un proyecto que el municipio est\u00e1 postulando al Fondo Regional de Iniciativa Local.<\/p>\n<p>Si bien se esperaba que este a\u00f1o la terraza fuese recuperada para la comunidad, lo cierto es que esto no ser\u00e1 as\u00ed, no obstante el alcalde manifest\u00f3 que espera antes de finalizar el primer semestre de 2014, que los comerciantes se trasladen a su nueva ubicaci\u00f3n, devolvi\u00e9ndole as\u00ed este espacio que anta\u00f1o serv\u00eda para el encuentro, la pr\u00e1ctica del patinaje y la realizaci\u00f3n de muestras art\u00edsticas.<\/p>\n<p>\u201cEl proyecto de la terraza est\u00e1 terminado, se envi\u00f3 al Gobierno Regional y estamos esperando la aprobaci\u00f3n de los fondos FRIL, de los cuales requerimos la suma de 50 millones de pesos, que son los que se requieren para esta primera etapa\u201d, se\u00f1al\u00f3 el alcalde Freire.<\/p>\n<p>Explic\u00f3 que con la materializaci\u00f3n de este proyecto, la totalidad de los comerciantes que actualmente ejercen su actividad en la terraza del principal paseo p\u00fablico de la ciudad, podr\u00e1n trasladarse a este sector, donde ciertamente estar\u00e1n en mejores condiciones, al contar con espacios realmente aptos para su permanencia.<\/p>\n<p>\u201cNosotros estamos apoyando a los emprendedores de la terraza, para que ellos est\u00e9n en un lugar muy bonito y que se va a habilitar especialmente para ellos. Ah\u00ed hay algunos artesanos y si bien lo ideal es que todos vendieran artesan\u00eda, hay que entender que ellos se han ganado la vida por muchos a\u00f1os ah\u00ed y se les va a dar la oportunidad de tener esta otra opci\u00f3n\u201d, se\u00f1al\u00f3 el alcalde.<\/p>\n<p>Sobre el destino de la terraza, dijo que una vez que salgan los comerciantes, se va a someter a obras de reparaci\u00f3n y pintura, \u201cpara darle el destino que siempre tuvo, donde por ejemplo los ni\u00f1os puedan ir a patinar, donde vayan a jugar, en mis tiempos se hac\u00edan encuentros pol\u00edticos, se proyectaban pel\u00edculas, se hac\u00edan muchas cosas, entonces esa yo creo que va a ser la t\u00f3nica de la terraza, que sea lo que siempre fue\u201d.<\/p>\n<p>&nbsp;<\/p>\n","protected":false},"excerpt":{"rendered":"<p>Alcalde afirm\u00f3 que el proyecto para una suerte de \u2018pueblito artesanal\u2019 en Yungay esquina San Mart\u00edn est\u00e1 ad portas de su aprobaci\u00f3n, por lo que esperan antes de finalizar el primer semestre&#8230;<\/p>\n","protected":false},"author":482,"featured_media":39473,"comment_status":"open","ping_status":"closed","sticky":false,"template":"","format":"standard","meta":{"advanced_seo_description":"","jetpack_seo_html_title":"","jetpack_seo_noindex":false,"_jetpack_memberships_contains_paid_content":false,"footnotes":""},"categories":[1],"tags":[],"class_list":["post-39472","post","type-post","status-publish","format-standard","has-post-thumbnail","hentry","category-cronica"],"jetpack_featured_media_url":"https:\/\/i0.wp.com\/eltrabajo.cl\/portal\/wp-content\/uploads\/2013\/11\/terraza-de-la-plaza-de-armas.jpg?fit=529%2C320&ssl=1","jetpack_sharing_enabled":true,"jetpack_likes_enabled":true,"jetpack-related-posts":[],"_links":{"self":[{"href":"https:\/\/eltrabajo.cl\/portal\/wp-json\/wp\/v2\/posts\/39472","targetHints":{"allow":["GET"]}}],"collection":[{"href":"https:\/\/eltrabajo.cl\/portal\/wp-json\/wp\/v2\/posts"}],"about":[{"href":"https:\/\/eltrabajo.cl\/portal\/wp-json\/wp\/v2\/types\/post"}],"author":[{"embeddable":true,"href":"https:\/\/eltrabajo.cl\/portal\/wp-json\/wp\/v2\/users\/482"}],"replies":[{"embeddable":true,"href":"https:\/\/eltrabajo.cl\/portal\/wp-json\/wp\/v2\/comments?post=39472"}],"version-history":[{"count":0,"href":"https:\/\/eltrabajo.cl\/portal\/wp-json\/wp\/v2\/posts\/39472\/revisions"}],"wp:featuredmedia":[{"embeddable":true,"href":"https:\/\/eltrabajo.cl\/portal\/wp-json\/wp\/v2\/media\/39473"}],"wp:attachment":[{"href":"https:\/\/eltrabajo.cl\/portal\/wp-json\/wp\/v2\/media?parent=39472"}],"wp:term":[{"taxonomy":"category","embeddable":true,"href":"https:\/\/eltrabajo.cl\/portal\/wp-json\/wp\/v2\/categories?post=39472"},{"taxonomy":"post_tag","embeddable":true,"href":"https:\/\/eltrabajo.cl\/portal\/wp-json\/wp\/v2\/tags?post=39472"}],"curies":[{"name":"wp","href":"https:\/\/api.w.org\/{rel}","templated":true}]}}