{"id":39475,"date":"2013-11-12T09:44:36","date_gmt":"2013-11-12T12:44:36","guid":{"rendered":"http:\/\/www.eltrabajo.cl\/portal\/?p=39475"},"modified":"2013-11-12T09:44:36","modified_gmt":"2013-11-12T12:44:36","slug":"con-coronacion-de-reina-celebraron-nuevo-aniversario-en-poblacion-la-santita","status":"publish","type":"post","link":"https:\/\/eltrabajo.cl\/portal\/con-coronacion-de-reina-celebraron-nuevo-aniversario-en-poblacion-la-santita\/","title":{"rendered":"Con coronaci\u00f3n de reina celebraron nuevo aniversario en poblaci\u00f3n La Santita"},"content":{"rendered":"<figure id=\"attachment_39477\" aria-describedby=\"caption-attachment-39477\" style=\"width: 529px\" class=\"wp-caption alignnone\"><a href=\"https:\/\/i0.wp.com\/www.eltrabajo.cl\/portal\/wp-content\/uploads\/2013\/11\/aniversario.jpg\"><img data-recalc-dims=\"1\" loading=\"lazy\" decoding=\"async\" class=\"size-full wp-image-39477\" title=\"El Alcalde Patricio Freire estuvo presente en la ceremonia de coronaci\u00f3n, donde las dem\u00e1s candidaturas tambi\u00e9n fueron destacadas. \" alt=\"El Alcalde Patricio Freire estuvo presente en la ceremonia de coronaci\u00f3n, donde las dem\u00e1s candidaturas tambi\u00e9n fueron destacadas. \" src=\"https:\/\/i0.wp.com\/www.eltrabajo.cl\/portal\/wp-content\/uploads\/2013\/11\/aniversario.jpg?resize=529%2C353\" width=\"529\" height=\"353\" srcset=\"https:\/\/i0.wp.com\/eltrabajo.cl\/portal\/wp-content\/uploads\/2013\/11\/aniversario.jpg?w=529&amp;ssl=1 529w, https:\/\/i0.wp.com\/eltrabajo.cl\/portal\/wp-content\/uploads\/2013\/11\/aniversario.jpg?resize=200%2C133&amp;ssl=1 200w, https:\/\/i0.wp.com\/eltrabajo.cl\/portal\/wp-content\/uploads\/2013\/11\/aniversario.jpg?resize=300%2C200&amp;ssl=1 300w, https:\/\/i0.wp.com\/eltrabajo.cl\/portal\/wp-content\/uploads\/2013\/11\/aniversario.jpg?resize=150%2C100&amp;ssl=1 150w, https:\/\/i0.wp.com\/eltrabajo.cl\/portal\/wp-content\/uploads\/2013\/11\/aniversario.jpg?resize=400%2C266&amp;ssl=1 400w\" sizes=\"auto, (max-width: 529px) 100vw, 529px\" \/><\/a><figcaption id=\"caption-attachment-39477\" class=\"wp-caption-text\">El Alcalde Patricio Freire estuvo presente en la ceremonia de coronaci\u00f3n, donde las dem\u00e1s candidaturas tambi\u00e9n fueron destacadas.<\/figcaption><\/figure>\n<p><a href=\"https:\/\/i0.wp.com\/www.eltrabajo.cl\/portal\/wp-content\/uploads\/2013\/11\/aniversario1.jpg\"><img data-recalc-dims=\"1\" loading=\"lazy\" decoding=\"async\" class=\"alignnone size-full wp-image-39476\" alt=\"aniversario1\" src=\"https:\/\/i0.wp.com\/www.eltrabajo.cl\/portal\/wp-content\/uploads\/2013\/11\/aniversario1.jpg?resize=529%2C429\" width=\"529\" height=\"429\" srcset=\"https:\/\/i0.wp.com\/eltrabajo.cl\/portal\/wp-content\/uploads\/2013\/11\/aniversario1.jpg?w=529&amp;ssl=1 529w, https:\/\/i0.wp.com\/eltrabajo.cl\/portal\/wp-content\/uploads\/2013\/11\/aniversario1.jpg?resize=184%2C150&amp;ssl=1 184w, https:\/\/i0.wp.com\/eltrabajo.cl\/portal\/wp-content\/uploads\/2013\/11\/aniversario1.jpg?resize=300%2C243&amp;ssl=1 300w, https:\/\/i0.wp.com\/eltrabajo.cl\/portal\/wp-content\/uploads\/2013\/11\/aniversario1.jpg?resize=150%2C121&amp;ssl=1 150w, https:\/\/i0.wp.com\/eltrabajo.cl\/portal\/wp-content\/uploads\/2013\/11\/aniversario1.jpg?resize=400%2C324&amp;ssl=1 400w\" sizes=\"auto, (max-width: 529px) 100vw, 529px\" \/><\/a><\/p>\n<p>Cuarenta y ocho a\u00f1os de vida cumpli\u00f3 el viernes reci\u00e9n pasado la poblaci\u00f3n La Santita y la fecha la celebraron los vecinos eligiendo Reina y \u2018Rey Feo\u2019 entre los ni\u00f1os que viven en este sector residencial de San Felipe.<\/p>\n<p>Dice la historia que esta poblaci\u00f3n fue la primera de autoconstrucci\u00f3n en la comuna y eso signific\u00f3 que cada vecino pusiera todo su esfuerzo por lograr tener su casa propia.<\/p>\n<p>Cuarenta y ocho a\u00f1os y muchas generaciones han pasado y los residentes de este sector contin\u00faan con las mismas ganas, trabajando por su poblaci\u00f3n para mantenerla en muy buenas condiciones.<\/p>\n<p>\u201cEmpezamos a luchar por la poblaci\u00f3n, porque nosotros fuimos los que tuvimos que colocar vidrios, descargar camiones que llegaban con ripio, porque est\u00e1bamos j\u00f3venes, ten\u00edamos que ayudar, estuve un tiempo de bodeguera y para m\u00ed esto es un orgullo, porque cuando a uno le cuestan las cosas las quiere m\u00e1s\u201d, dijo Silvia Arancibia, presidenta de la Junta de vecinos de la poblaci\u00f3n.<\/p>\n<p>Este esp\u00edritu de trabajo se mantiene hasta hoy entre los dirigentes, que buscan continuar trabajando junto a la autoridad por los vecinos de La Santita.<\/p>\n<p>\u201cLas veces que he ido donde el Alcalde Patricio Freire, siempre he tenido respuesta positiva y eso me gusta, porque esto es lo que quiero para la poblaci\u00f3n. Si hay reuni\u00f3n, ah\u00ed estoy porque son importantes, porque uno se entera de muchas cosas en beneficio para la poblaci\u00f3n\u201d, dijo la dirigente.<\/p>\n<p>El Alcalde Patricio Freire se mostr\u00f3 muy contento de celebrar esta fecha junto a los vecinos, destacando el rol de los dirigentes de los distintos sectores, que con su trabajo consiguen buenos proyectos para sus poblaciones.<\/p>\n<p>\u201cCuando vemos dirigentes como Silvia Arancibia, al lado de sus vecinos, sacando proyectos y golpeando las puertas del municipio, dirigentes de ese estilo, que llegan all\u00e1 por los vecinos, dejando muchas labores de ellas de lado para ayudarlos, esas cosas se destacan. Hoy celebramos 48 a\u00f1os de esta poblaci\u00f3n, la primera de autoconstrucci\u00f3n, por eso nos sentimos orgullosos de estar junto a los vecinos\u201d, dijo el jefe comunal.<\/p>\n<p>Los vecinos se reunieron el viernes por la tarde para coronar a la reina de la poblaci\u00f3n y a sus damas de honor junto a sus acompa\u00f1antes, pasando un momento muy agradable y de amistad entre quienes viven en ese sector de la comuna.<\/p>\n<p>&nbsp;<\/p>\n","protected":false},"excerpt":{"rendered":"<p>Cuarenta y ocho a\u00f1os de vida cumpli\u00f3 el viernes reci\u00e9n pasado la poblaci\u00f3n La Santita y la fecha la celebraron los vecinos eligiendo Reina y \u2018Rey Feo\u2019 entre los ni\u00f1os que viven&#8230;<\/p>\n","protected":false},"author":482,"featured_media":39477,"comment_status":"open","ping_status":"closed","sticky":false,"template":"","format":"standard","meta":{"advanced_seo_description":"","jetpack_seo_html_title":"","jetpack_seo_noindex":false,"_jetpack_memberships_contains_paid_content":false,"footnotes":""},"categories":[15],"tags":[],"class_list":["post-39475","post","type-post","status-publish","format-standard","has-post-thumbnail","hentry","category-comunidad"],"jetpack_featured_media_url":"https:\/\/i0.wp.com\/eltrabajo.cl\/portal\/wp-content\/uploads\/2013\/11\/aniversario.jpg?fit=529%2C353&ssl=1","jetpack_sharing_enabled":true,"jetpack_likes_enabled":true,"jetpack-related-posts":[],"_links":{"self":[{"href":"https:\/\/eltrabajo.cl\/portal\/wp-json\/wp\/v2\/posts\/39475","targetHints":{"allow":["GET"]}}],"collection":[{"href":"https:\/\/eltrabajo.cl\/portal\/wp-json\/wp\/v2\/posts"}],"about":[{"href":"https:\/\/eltrabajo.cl\/portal\/wp-json\/wp\/v2\/types\/post"}],"author":[{"embeddable":true,"href":"https:\/\/eltrabajo.cl\/portal\/wp-json\/wp\/v2\/users\/482"}],"replies":[{"embeddable":true,"href":"https:\/\/eltrabajo.cl\/portal\/wp-json\/wp\/v2\/comments?post=39475"}],"version-history":[{"count":0,"href":"https:\/\/eltrabajo.cl\/portal\/wp-json\/wp\/v2\/posts\/39475\/revisions"}],"wp:featuredmedia":[{"embeddable":true,"href":"https:\/\/eltrabajo.cl\/portal\/wp-json\/wp\/v2\/media\/39477"}],"wp:attachment":[{"href":"https:\/\/eltrabajo.cl\/portal\/wp-json\/wp\/v2\/media?parent=39475"}],"wp:term":[{"taxonomy":"category","embeddable":true,"href":"https:\/\/eltrabajo.cl\/portal\/wp-json\/wp\/v2\/categories?post=39475"},{"taxonomy":"post_tag","embeddable":true,"href":"https:\/\/eltrabajo.cl\/portal\/wp-json\/wp\/v2\/tags?post=39475"}],"curies":[{"name":"wp","href":"https:\/\/api.w.org\/{rel}","templated":true}]}}