{"id":39479,"date":"2013-11-12T09:46:48","date_gmt":"2013-11-12T12:46:48","guid":{"rendered":"http:\/\/www.eltrabajo.cl\/portal\/?p=39479"},"modified":"2013-11-12T09:46:48","modified_gmt":"2013-11-12T12:46:48","slug":"funcionarios-municipales-anuncian-que-no-trabajaran-para-las-elecciones","status":"publish","type":"post","link":"https:\/\/eltrabajo.cl\/portal\/funcionarios-municipales-anuncian-que-no-trabajaran-para-las-elecciones\/","title":{"rendered":"Funcionarios Municipales anuncian que no trabajar\u00e1n para las elecciones"},"content":{"rendered":"<figure id=\"attachment_39480\" aria-describedby=\"caption-attachment-39480\" style=\"width: 529px\" class=\"wp-caption alignnone\"><a href=\"https:\/\/i0.wp.com\/www.eltrabajo.cl\/portal\/wp-content\/uploads\/2013\/11\/dirigentes-en-conferencia.jpg\"><img data-recalc-dims=\"1\" loading=\"lazy\" decoding=\"async\" class=\"size-full wp-image-39480\" title=\"Dirigentes de Asemuch de distintas comunas del valle, participaron de la conferencia de prensa, donde manifestaron que la movilizaci\u00f3n contin\u00faa.\" alt=\"Dirigentes de Asemuch de distintas comunas del valle, participaron de la conferencia de prensa, donde manifestaron que la movilizaci\u00f3n contin\u00faa.\" src=\"https:\/\/i0.wp.com\/www.eltrabajo.cl\/portal\/wp-content\/uploads\/2013\/11\/dirigentes-en-conferencia.jpg?resize=529%2C270\" width=\"529\" height=\"270\" srcset=\"https:\/\/i0.wp.com\/eltrabajo.cl\/portal\/wp-content\/uploads\/2013\/11\/dirigentes-en-conferencia.jpg?w=529&amp;ssl=1 529w, https:\/\/i0.wp.com\/eltrabajo.cl\/portal\/wp-content\/uploads\/2013\/11\/dirigentes-en-conferencia.jpg?resize=200%2C102&amp;ssl=1 200w, https:\/\/i0.wp.com\/eltrabajo.cl\/portal\/wp-content\/uploads\/2013\/11\/dirigentes-en-conferencia.jpg?resize=300%2C153&amp;ssl=1 300w, https:\/\/i0.wp.com\/eltrabajo.cl\/portal\/wp-content\/uploads\/2013\/11\/dirigentes-en-conferencia.jpg?resize=150%2C76&amp;ssl=1 150w, https:\/\/i0.wp.com\/eltrabajo.cl\/portal\/wp-content\/uploads\/2013\/11\/dirigentes-en-conferencia.jpg?resize=400%2C204&amp;ssl=1 400w\" sizes=\"auto, (max-width: 529px) 100vw, 529px\" \/><\/a><figcaption id=\"caption-attachment-39480\" class=\"wp-caption-text\">Dirigentes de Asemuch de distintas comunas del valle, participaron de la conferencia de prensa, donde manifestaron que la movilizaci\u00f3n contin\u00faa.<\/figcaption><\/figure>\n<p>Funcionarios municipales del valle de Aconcagua dieron una se\u00f1al de unidad el d\u00eda de ayer, al realizar sus dirigentes de manera conjunta, una conferencia de prensa donde manifestaron que siguen paralizados y adem\u00e1s, que no trabajar\u00e1n en los preparativos de las elecciones de este domingo.<\/p>\n<p>El d\u00eda de ayer fue el presidente de Asemuch Los Andes, Marcelo Figueroa, quien tom\u00f3 la palabra en la conferencia con los medios, afirmando que decidieron rechazar la \u00faltima propuesta del gobierno, por cuanto no responde de manera integral al pliego de peticiones que ellos realizaron.<\/p>\n<p>Esto, por cuanto se da respuesta a su petici\u00f3n de homologar con el sector p\u00fablico la asignaci\u00f3n del Programa de Mejoramiento de la Gesti\u00f3n, pero no da cuenta de las restantes exigencias, que dicen relaci\u00f3n con la readecuaci\u00f3n de la planta funcionaria, bono de desempe\u00f1o e incremento previsional.<\/p>\n<p>Seg\u00fan dijo el dirigente, la movilizaci\u00f3n \u201cha ido de menos a m\u00e1s\u201d, demostrando a las autoridades y a los representantes del gobierno, \u201cque los funcionarios municipales estamos m\u00e1s unidos que nunca, alineados buscando nuestras mejoras salariales, recordando que todos los gobiernos han sido mezquinos con nosotros, pese a que somos el brazo derecho del Estado\u201d.<\/p>\n<p>En la oportunidad, Figueroa formul\u00f3 un llamado a los funcionarios municipales de Aconcagua, a participar de la marcha que se realizar\u00e1 este martes en Valpara\u00edso.<\/p>\n<p>Al referirse a la f\u00f3rmula para dar salida a este conflicto, dijo el dirigente que \u201cesto se soluciona con una propuesta decente, nosotros no estamos pidiendo bonos millonarios como algunos sindicatos de este pa\u00eds, nosotros estamos pidiendo algo tan simple, como es que se equipare o iguale a los funcionarios municipales, con el resto del sector p\u00fablico\u201d.<\/p>\n<p>Respecto del proceso electoral de este domingo y todos los preparativos de habilitaci\u00f3n de locales de votaci\u00f3n, se\u00f1al\u00f3 el presidente de Asemuch Los Andes que \u201clos funcionarios municipales de Aconcagua, no vamos a trabajar en estas elecciones, por lo que los alcaldes, con el respeto que se merecen, ver\u00e1n c\u00f3mo solucionan el problema, pero ellos est\u00e1n de acuerdo en que los funcionarios no trabajen\u201d.<\/p>\n<p>&nbsp;<\/p>\n<p>TODO LISTO Y DISPUESTO<\/p>\n<p>Pese a los anuncios de no trabajar en la log\u00edstica del proceso eleccionario de este domingo, el alcalde de San Felipe se\u00f1al\u00f3 que al menos su comuna est\u00e1 lista y dispuesta para enfrentar la jornada de votaciones, y es as\u00ed que los locales quedar\u00e1n oportunamente habilitados para el domingo.<\/p>\n<p>Seg\u00fan explic\u00f3 Patricio Freire, el municipio se adelant\u00f3 a esta contingencia y dispuso que personal de la DAEM, que no tiene relaci\u00f3n con el movimiento de Asemuch, asumiera tareas para la construcci\u00f3n de las urnas que faltaban, recordando que ahora se suma la elecci\u00f3n de consejeros regionales.<\/p>\n<p>A\u00f1adi\u00f3 que ser\u00e1 este mismo personal, m\u00e1s otros funcionarios, los que desarrollar\u00e1n el trabajo de preparaci\u00f3n de los cinco locales de votaci\u00f3n (Liceo Corina Urbina, Liceo Roberto Humeres, Escuela Jos\u00e9 de San Mart\u00edn, Escuela Bernardo O\u2019Higgins y Escuela Manuel Rodr\u00edguez).<\/p>\n<p>\u201cPor lo tanto, yo llamo a la tranquilidad, porque nosotros comprendiendo las demandas de los funcionarios y adhiriendo a este movimiento, hemos tomado las medidas necesarias para salir de esta contingencia y responder de buena manera a la exigencia que se nos hace, en cuanto a habilitar los locales de votaci\u00f3n\u201d, puntualiz\u00f3 el alcalde Freire.<\/p>\n<p>&nbsp;<\/p>\n","protected":false},"excerpt":{"rendered":"<p>Funcionarios municipales del valle de Aconcagua dieron una se\u00f1al de unidad el d\u00eda de ayer, al realizar sus dirigentes de manera conjunta, una conferencia de prensa donde manifestaron que siguen paralizados y&#8230;<\/p>\n","protected":false},"author":482,"featured_media":39480,"comment_status":"open","ping_status":"closed","sticky":false,"template":"","format":"standard","meta":{"advanced_seo_description":"","jetpack_seo_html_title":"","jetpack_seo_noindex":false,"_jetpack_memberships_contains_paid_content":false,"footnotes":""},"categories":[1],"tags":[],"class_list":["post-39479","post","type-post","status-publish","format-standard","has-post-thumbnail","hentry","category-cronica"],"jetpack_featured_media_url":"https:\/\/i0.wp.com\/eltrabajo.cl\/portal\/wp-content\/uploads\/2013\/11\/dirigentes-en-conferencia.jpg?fit=529%2C270&ssl=1","jetpack_sharing_enabled":true,"jetpack_likes_enabled":true,"jetpack-related-posts":[],"_links":{"self":[{"href":"https:\/\/eltrabajo.cl\/portal\/wp-json\/wp\/v2\/posts\/39479","targetHints":{"allow":["GET"]}}],"collection":[{"href":"https:\/\/eltrabajo.cl\/portal\/wp-json\/wp\/v2\/posts"}],"about":[{"href":"https:\/\/eltrabajo.cl\/portal\/wp-json\/wp\/v2\/types\/post"}],"author":[{"embeddable":true,"href":"https:\/\/eltrabajo.cl\/portal\/wp-json\/wp\/v2\/users\/482"}],"replies":[{"embeddable":true,"href":"https:\/\/eltrabajo.cl\/portal\/wp-json\/wp\/v2\/comments?post=39479"}],"version-history":[{"count":0,"href":"https:\/\/eltrabajo.cl\/portal\/wp-json\/wp\/v2\/posts\/39479\/revisions"}],"wp:featuredmedia":[{"embeddable":true,"href":"https:\/\/eltrabajo.cl\/portal\/wp-json\/wp\/v2\/media\/39480"}],"wp:attachment":[{"href":"https:\/\/eltrabajo.cl\/portal\/wp-json\/wp\/v2\/media?parent=39479"}],"wp:term":[{"taxonomy":"category","embeddable":true,"href":"https:\/\/eltrabajo.cl\/portal\/wp-json\/wp\/v2\/categories?post=39479"},{"taxonomy":"post_tag","embeddable":true,"href":"https:\/\/eltrabajo.cl\/portal\/wp-json\/wp\/v2\/tags?post=39479"}],"curies":[{"name":"wp","href":"https:\/\/api.w.org\/{rel}","templated":true}]}}