{"id":39503,"date":"2013-11-13T09:13:54","date_gmt":"2013-11-13T12:13:54","guid":{"rendered":"http:\/\/www.eltrabajo.cl\/portal\/?p=39503"},"modified":"2013-11-13T09:13:54","modified_gmt":"2013-11-13T12:13:54","slug":"importante-inversion-permite-mejorar-infraestructura-jardin-infantil-cuncunitas","status":"publish","type":"post","link":"https:\/\/eltrabajo.cl\/portal\/importante-inversion-permite-mejorar-infraestructura-jardin-infantil-cuncunitas\/","title":{"rendered":"Importante inversi\u00f3n permite mejorar infraestructura Jard\u00edn Infantil Cuncunitas"},"content":{"rendered":"<figure id=\"attachment_39504\" aria-describedby=\"caption-attachment-39504\" style=\"width: 528px\" class=\"wp-caption alignnone\"><a href=\"https:\/\/i0.wp.com\/www.eltrabajo.cl\/portal\/wp-content\/uploads\/2013\/11\/jardin-infantil-cuncunitas.jpg\"><img data-recalc-dims=\"1\" loading=\"lazy\" decoding=\"async\" class=\"size-full wp-image-39504\" title=\"En la actualidad, el Jard\u00edn infantil Cuncunitas atiende las necesidades de 78 ni\u00f1os y ni\u00f1as de distintos sectores de San Felipe.\" alt=\"En la actualidad, el Jard\u00edn infantil Cuncunitas atiende las necesidades de 78 ni\u00f1os y ni\u00f1as de distintos sectores de San Felipe.\" src=\"https:\/\/i0.wp.com\/www.eltrabajo.cl\/portal\/wp-content\/uploads\/2013\/11\/jardin-infantil-cuncunitas.jpg?resize=528%2C323\" width=\"528\" height=\"323\" srcset=\"https:\/\/i0.wp.com\/eltrabajo.cl\/portal\/wp-content\/uploads\/2013\/11\/jardin-infantil-cuncunitas.jpg?w=528&amp;ssl=1 528w, https:\/\/i0.wp.com\/eltrabajo.cl\/portal\/wp-content\/uploads\/2013\/11\/jardin-infantil-cuncunitas.jpg?resize=200%2C122&amp;ssl=1 200w, https:\/\/i0.wp.com\/eltrabajo.cl\/portal\/wp-content\/uploads\/2013\/11\/jardin-infantil-cuncunitas.jpg?resize=300%2C183&amp;ssl=1 300w, https:\/\/i0.wp.com\/eltrabajo.cl\/portal\/wp-content\/uploads\/2013\/11\/jardin-infantil-cuncunitas.jpg?resize=150%2C91&amp;ssl=1 150w, https:\/\/i0.wp.com\/eltrabajo.cl\/portal\/wp-content\/uploads\/2013\/11\/jardin-infantil-cuncunitas.jpg?resize=400%2C244&amp;ssl=1 400w\" sizes=\"auto, (max-width: 528px) 100vw, 528px\" \/><\/a><figcaption id=\"caption-attachment-39504\" class=\"wp-caption-text\">En la actualidad, el Jard\u00edn infantil Cuncunitas atiende las necesidades de 78 ni\u00f1os y ni\u00f1as de distintos sectores de San Felipe.<\/figcaption><\/figure>\n<p>Gracias al aporte obtenido por la adjudicaci\u00f3n de dos proyectos presentados por los apoderados a fondos municipales concursables, uno para cambiar el piso y pintura del establecimiento, y otro de la habilitaci\u00f3n de un comedor y sala multiuso, que alcanza a la suma de un mill\u00f3n setecientos mil pesos aproximadamente, se logr\u00f3 realizar importantes mejoras en la infraestructura del Jard\u00edn Infantil Cuncunitas de San Felipe.<\/p>\n<p>Las obras, que demoraron dos meses en su ejecuci\u00f3n, permitir\u00e1n entregar una mejor atenci\u00f3n a los ni\u00f1os y ni\u00f1as que diariamente asisten a este establecimiento ubicado en la Villa Departamental, y que ya lleva 16 a\u00f1os al servicio de la educaci\u00f3n pre b\u00e1sica, lo que lo transforma en el m\u00e1s antiguo de la comuna.<\/p>\n<p>En la actualidad, el Jard\u00edn infantil Cuncunitas atiende las necesidades de 78 ni\u00f1os y ni\u00f1as de los distintos sectores de San Felipe, en los niveles sala cuna mixta, medio Menor, medio mayor, con una capacidad de 84 alumnos, contando para el pr\u00f3ximo a\u00f1o con una lista de espera para lograr matr\u00edcula, para lo cual trece funcionarios, divididos en la directora, tres educadoras de p\u00e1rvulos, tres t\u00e9cnicos en sala cuna, dos en nivel medio menor y dos en el nivel medio mayor y un auxiliar de servicio.<\/p>\n<p>Paula Padilla, Educadora de P\u00e1rvulos y directora del establecimiento, se\u00f1al\u00f3 que \u201cdesde octubre del a\u00f1o 2012, se viene realizando un estudio de cu\u00e1l era la importancia del jard\u00edn infantil para la comunidad y de cu\u00e1les eran sus falencias m\u00e1s importantes, detectando que el aspecto comunicativo y lenguaje se\u00f1alaba la prioridad a abordar, lo que permiti\u00f3 generar una nueva forma de trabajo, tendiente a abordar y solucionar esta materia, buscando, de esta manera, generar expectativas de superaci\u00f3n de aspectos importantes en materia de avances educacionales, trabajando fuertemente en sala como parte de la rutina diaria el lenguaje, lo que se realiza dos veces al d\u00eda, teniendo como prioridad incrementar el vocabulario, adem\u00e1s de la realizaci\u00f3n de talleres con las familias, buscando complementar lo realizado en sala desde los hogares, para lo cual un fonoaudi\u00f3logo realiz\u00f3 diversas orientaciones para padres y apoderados\u201d.<\/p>\n<p>A futuro se espera poder concretar la construcci\u00f3n de otras dependencias como una oficina y una bodega, lo que continuar\u00e1 con las importantes obras de mejoramiento para este emblem\u00e1tico jard\u00edn infantil, fortaleciendo y reafirmando los compromisos en materia educativa del alcalde Patricio Freire.<\/p>\n<p>&nbsp;<\/p>\n","protected":false},"excerpt":{"rendered":"<p>Gracias al aporte obtenido por la adjudicaci\u00f3n de dos proyectos presentados por los apoderados a fondos municipales concursables, uno para cambiar el piso y pintura del establecimiento, y otro de la habilitaci\u00f3n&#8230;<\/p>\n","protected":false},"author":482,"featured_media":39504,"comment_status":"open","ping_status":"closed","sticky":false,"template":"","format":"standard","meta":{"advanced_seo_description":"","jetpack_seo_html_title":"","jetpack_seo_noindex":false,"_jetpack_memberships_contains_paid_content":false,"footnotes":""},"categories":[1],"tags":[],"class_list":["post-39503","post","type-post","status-publish","format-standard","has-post-thumbnail","hentry","category-cronica"],"jetpack_featured_media_url":"https:\/\/i0.wp.com\/eltrabajo.cl\/portal\/wp-content\/uploads\/2013\/11\/jardin-infantil-cuncunitas.jpg?fit=528%2C323&ssl=1","jetpack_sharing_enabled":true,"jetpack_likes_enabled":true,"jetpack-related-posts":[],"_links":{"self":[{"href":"https:\/\/eltrabajo.cl\/portal\/wp-json\/wp\/v2\/posts\/39503","targetHints":{"allow":["GET"]}}],"collection":[{"href":"https:\/\/eltrabajo.cl\/portal\/wp-json\/wp\/v2\/posts"}],"about":[{"href":"https:\/\/eltrabajo.cl\/portal\/wp-json\/wp\/v2\/types\/post"}],"author":[{"embeddable":true,"href":"https:\/\/eltrabajo.cl\/portal\/wp-json\/wp\/v2\/users\/482"}],"replies":[{"embeddable":true,"href":"https:\/\/eltrabajo.cl\/portal\/wp-json\/wp\/v2\/comments?post=39503"}],"version-history":[{"count":0,"href":"https:\/\/eltrabajo.cl\/portal\/wp-json\/wp\/v2\/posts\/39503\/revisions"}],"wp:featuredmedia":[{"embeddable":true,"href":"https:\/\/eltrabajo.cl\/portal\/wp-json\/wp\/v2\/media\/39504"}],"wp:attachment":[{"href":"https:\/\/eltrabajo.cl\/portal\/wp-json\/wp\/v2\/media?parent=39503"}],"wp:term":[{"taxonomy":"category","embeddable":true,"href":"https:\/\/eltrabajo.cl\/portal\/wp-json\/wp\/v2\/categories?post=39503"},{"taxonomy":"post_tag","embeddable":true,"href":"https:\/\/eltrabajo.cl\/portal\/wp-json\/wp\/v2\/tags?post=39503"}],"curies":[{"name":"wp","href":"https:\/\/api.w.org\/{rel}","templated":true}]}}