{"id":39506,"date":"2013-11-13T09:15:00","date_gmt":"2013-11-13T12:15:00","guid":{"rendered":"http:\/\/www.eltrabajo.cl\/portal\/?p=39506"},"modified":"2013-11-13T09:15:00","modified_gmt":"2013-11-13T12:15:00","slug":"seleccion-de-futbol-del-liceo-cordillera-logra-3er-lugar-en-olimpiadas-de-teno","status":"publish","type":"post","link":"https:\/\/eltrabajo.cl\/portal\/seleccion-de-futbol-del-liceo-cordillera-logra-3er-lugar-en-olimpiadas-de-teno\/","title":{"rendered":"Selecci\u00f3n de F\u00fatbol del Liceo Cordillera logra 3er lugar en Olimpiadas de Teno"},"content":{"rendered":"<figure id=\"attachment_39507\" aria-describedby=\"caption-attachment-39507\" style=\"width: 528px\" class=\"wp-caption alignnone\"><a href=\"https:\/\/i0.wp.com\/www.eltrabajo.cl\/portal\/wp-content\/uploads\/2013\/11\/equipo-liceo-cordillera.jpg\"><img data-recalc-dims=\"1\" loading=\"lazy\" decoding=\"async\" class=\"size-full wp-image-39507\" title=\"Este es el equipo de f\u00fatbol femenino que logr\u00f3 el tercer lugar en las Olimpiadas de Teno, que organiz\u00f3 la Corporaci\u00f3n Educacional Aquelarre.\" alt=\"Este es el equipo de f\u00fatbol femenino que logr\u00f3 el tercer lugar en las Olimpiadas de Teno, que organiz\u00f3 la Corporaci\u00f3n Educacional Aquelarre.\" src=\"https:\/\/i0.wp.com\/www.eltrabajo.cl\/portal\/wp-content\/uploads\/2013\/11\/equipo-liceo-cordillera.jpg?resize=528%2C271\" width=\"528\" height=\"271\" srcset=\"https:\/\/i0.wp.com\/eltrabajo.cl\/portal\/wp-content\/uploads\/2013\/11\/equipo-liceo-cordillera.jpg?w=528&amp;ssl=1 528w, https:\/\/i0.wp.com\/eltrabajo.cl\/portal\/wp-content\/uploads\/2013\/11\/equipo-liceo-cordillera.jpg?resize=200%2C102&amp;ssl=1 200w, https:\/\/i0.wp.com\/eltrabajo.cl\/portal\/wp-content\/uploads\/2013\/11\/equipo-liceo-cordillera.jpg?resize=300%2C153&amp;ssl=1 300w, https:\/\/i0.wp.com\/eltrabajo.cl\/portal\/wp-content\/uploads\/2013\/11\/equipo-liceo-cordillera.jpg?resize=150%2C76&amp;ssl=1 150w, https:\/\/i0.wp.com\/eltrabajo.cl\/portal\/wp-content\/uploads\/2013\/11\/equipo-liceo-cordillera.jpg?resize=400%2C205&amp;ssl=1 400w\" sizes=\"auto, (max-width: 528px) 100vw, 528px\" \/><\/a><figcaption id=\"caption-attachment-39507\" class=\"wp-caption-text\">Este es el equipo de f\u00fatbol femenino que logr\u00f3 el tercer lugar en las Olimpiadas de Teno, que organiz\u00f3 la Corporaci\u00f3n Educacional Aquelarre.<\/figcaption><\/figure>\n<p>El tercer lugar consigui\u00f3 el seleccionado de f\u00fatbol femenino del Liceo Bicentenario Cordillera, en el campeonato nacional de la disciplina realizado en la ciudad de Teno, en las Olimpiadas de Teno, organizadas por la Corporaci\u00f3n Educacional Aquelarre.<\/p>\n<p>A la cita asisti\u00f3 una delegaci\u00f3n de 36 alumnos, ya que el encuentro consider\u00f3 competencias en las disciplinas de b\u00e1squetbol, v\u00f3leibol y h\u00e1ndbol.<\/p>\n<p>Seg\u00fan explic\u00f3 el entrenador y profesor del Liceo Cordillera, Nelson Herrera, la delegaci\u00f3n trabaj\u00f3 arduamente durante tres meses para prepararse con miras a estas olimpiadas, lo que significa que si siguen prepar\u00e1ndose y entrenando, podr\u00e1n conseguir mejores resultados en pr\u00f3ximas citas deportivas.<\/p>\n<p>\u201cCreo que esto hay que seguir trabaj\u00e1ndolo, seguir apoyando a las chicas\u201d, dijo el entrenador.<\/p>\n<p>Se\u00f1al\u00f3 que fueron seis los partidos que jug\u00f3 el equipo del Cordillera, enfrent\u00e1ndose con las campeonas nacionales en la definici\u00f3n del tercer y cuarto lugar.<\/p>\n<p>\u201cNosotros jugamos contra el Colegio Insuco de Talca, Aquelarre que era el local, en total jugamos seis partidos. Fueron tres d\u00edas arduos, las chicas ganaban 15 \u2013 20 a cero. Las chicas de Talca incentivaron mucho a las m\u00edas, pero este es m\u00e9rito de las ni\u00f1as, que se la jugaron todo\u201d, se\u00f1al\u00f3 el profesor.<\/p>\n<p>Si bien el profesor Nelson Herrera tiene gran experiencia como entrenador de selecciones masculinas, dijo que es escasa su trayectoria junto a equipos femeninos de f\u00fatbol, no obstante se ha llevado una grata sorpresa con estas ni\u00f1as, que han realizado un gran esfuerzo por cosechar frutos en tan escaso tiempo de trabajo.<\/p>\n<p>El docente manifest\u00f3 que esperan seguir entrenando arduamente el pr\u00f3ximo a\u00f1o, con la finalidad de seguir dejando bien puesto el nombre de la ciudad de San Felipe y particularmente, del Liceo Bicentenario Cordillera.<\/p>\n<p>&nbsp;<\/p>\n","protected":false},"excerpt":{"rendered":"<p>El tercer lugar consigui\u00f3 el seleccionado de f\u00fatbol femenino del Liceo Bicentenario Cordillera, en el campeonato nacional de la disciplina realizado en la ciudad de Teno, en las Olimpiadas de Teno, organizadas&#8230;<\/p>\n","protected":false},"author":482,"featured_media":39507,"comment_status":"open","ping_status":"closed","sticky":false,"template":"","format":"standard","meta":{"advanced_seo_description":"","jetpack_seo_html_title":"","jetpack_seo_noindex":false,"_jetpack_memberships_contains_paid_content":false,"footnotes":""},"categories":[1],"tags":[],"class_list":["post-39506","post","type-post","status-publish","format-standard","has-post-thumbnail","hentry","category-cronica"],"jetpack_featured_media_url":"https:\/\/i0.wp.com\/eltrabajo.cl\/portal\/wp-content\/uploads\/2013\/11\/equipo-liceo-cordillera.jpg?fit=528%2C271&ssl=1","jetpack_sharing_enabled":true,"jetpack_likes_enabled":true,"jetpack-related-posts":[],"_links":{"self":[{"href":"https:\/\/eltrabajo.cl\/portal\/wp-json\/wp\/v2\/posts\/39506","targetHints":{"allow":["GET"]}}],"collection":[{"href":"https:\/\/eltrabajo.cl\/portal\/wp-json\/wp\/v2\/posts"}],"about":[{"href":"https:\/\/eltrabajo.cl\/portal\/wp-json\/wp\/v2\/types\/post"}],"author":[{"embeddable":true,"href":"https:\/\/eltrabajo.cl\/portal\/wp-json\/wp\/v2\/users\/482"}],"replies":[{"embeddable":true,"href":"https:\/\/eltrabajo.cl\/portal\/wp-json\/wp\/v2\/comments?post=39506"}],"version-history":[{"count":0,"href":"https:\/\/eltrabajo.cl\/portal\/wp-json\/wp\/v2\/posts\/39506\/revisions"}],"wp:featuredmedia":[{"embeddable":true,"href":"https:\/\/eltrabajo.cl\/portal\/wp-json\/wp\/v2\/media\/39507"}],"wp:attachment":[{"href":"https:\/\/eltrabajo.cl\/portal\/wp-json\/wp\/v2\/media?parent=39506"}],"wp:term":[{"taxonomy":"category","embeddable":true,"href":"https:\/\/eltrabajo.cl\/portal\/wp-json\/wp\/v2\/categories?post=39506"},{"taxonomy":"post_tag","embeddable":true,"href":"https:\/\/eltrabajo.cl\/portal\/wp-json\/wp\/v2\/tags?post=39506"}],"curies":[{"name":"wp","href":"https:\/\/api.w.org\/{rel}","templated":true}]}}