{"id":39509,"date":"2013-11-13T09:15:59","date_gmt":"2013-11-13T12:15:59","guid":{"rendered":"http:\/\/www.eltrabajo.cl\/portal\/?p=39509"},"modified":"2013-11-13T09:15:59","modified_gmt":"2013-11-13T12:15:59","slug":"municipio-inicia-trabajo-con-tias-de-jardines-vtf-para-reajustar-sus-sueldos","status":"publish","type":"post","link":"https:\/\/eltrabajo.cl\/portal\/municipio-inicia-trabajo-con-tias-de-jardines-vtf-para-reajustar-sus-sueldos\/","title":{"rendered":"Municipio inicia trabajo con t\u00edas de jardines VTF para reajustar sus sueldos"},"content":{"rendered":"<figure id=\"attachment_39510\" aria-describedby=\"caption-attachment-39510\" style=\"width: 317px\" class=\"wp-caption alignleft\"><a href=\"https:\/\/i0.wp.com\/www.eltrabajo.cl\/portal\/wp-content\/uploads\/2013\/11\/patricio-gonzalez.jpg\"><img data-recalc-dims=\"1\" loading=\"lazy\" decoding=\"async\" class=\" wp-image-39510 \" title=\"Patricio Gonz\u00e1lez manifest\u00f3 que esperan equiparar los sueldos en relaci\u00f3n a los dem\u00e1s municipios de la provincia.\" alt=\"Patricio Gonz\u00e1lez manifest\u00f3 que esperan equiparar los sueldos en relaci\u00f3n a los dem\u00e1s municipios de la provincia.\" src=\"https:\/\/i0.wp.com\/www.eltrabajo.cl\/portal\/wp-content\/uploads\/2013\/11\/patricio-gonzalez.jpg?resize=317%2C237\" width=\"317\" height=\"237\" srcset=\"https:\/\/i0.wp.com\/eltrabajo.cl\/portal\/wp-content\/uploads\/2013\/11\/patricio-gonzalez.jpg?w=529&amp;ssl=1 529w, https:\/\/i0.wp.com\/eltrabajo.cl\/portal\/wp-content\/uploads\/2013\/11\/patricio-gonzalez.jpg?resize=200%2C150&amp;ssl=1 200w, https:\/\/i0.wp.com\/eltrabajo.cl\/portal\/wp-content\/uploads\/2013\/11\/patricio-gonzalez.jpg?resize=300%2C224&amp;ssl=1 300w, https:\/\/i0.wp.com\/eltrabajo.cl\/portal\/wp-content\/uploads\/2013\/11\/patricio-gonzalez.jpg?resize=150%2C112&amp;ssl=1 150w, https:\/\/i0.wp.com\/eltrabajo.cl\/portal\/wp-content\/uploads\/2013\/11\/patricio-gonzalez.jpg?resize=400%2C298&amp;ssl=1 400w\" sizes=\"auto, (max-width: 317px) 100vw, 317px\" \/><\/a><figcaption id=\"caption-attachment-39510\" class=\"wp-caption-text\">Patricio Gonz\u00e1lez manifest\u00f3 que esperan equiparar los sueldos en relaci\u00f3n a los dem\u00e1s municipios de la provincia.<\/figcaption><\/figure>\n<p>Aseverando que hace a\u00f1os las funcionarias de los jardines infantiles que administra el municipio presentan problemas en materia de sueldos, que en algunos casos son distintos pese a cumplir las funcionarias la misma labor, el administrador municipal de San Felipe, Patricio Gonz\u00e1lez, se\u00f1al\u00f3 que el Alcalde Patricio Freire se propuso resolver este tema.<\/p>\n<p>El viernes pasado, educadoras de seis jardines paralizaron sus funciones, por lo tanto no hubo atenci\u00f3n, participando las t\u00edas de las movilizaciones de los empleados municipales.<\/p>\n<p>Seg\u00fan explic\u00f3 Patricio Gonz\u00e1lez, a prop\u00f3sito de la demanda de las educadoras de p\u00e1rvulos, se instal\u00f3 una mesa de di\u00e1logo, en tanto que se analizar\u00e1 caso a caso el reajuste salarial, solicitando para ello un informe a la DAEM sobre sus actuales sueldos y sobre el rango de remuneraciones que perciben en otros jardines del resto de las comunas de la provincia.<\/p>\n<p>\u201cEsto nos permitir\u00e1 determinar, por cu\u00e1nto estamos por debajo o en promedio o sobre los sueldos que se cancelan. Nosotros entendemos que en algunos jardines infantiles de sus mismas caracter\u00edsticas, hay una mejor\u00eda en torno a algunas decisiones que habr\u00edan tomado alcaldes, y por supuesto a ellas les afecta ver que sus propios pares, en iguales condiciones, con jardines del mismo tama\u00f1o y n\u00famero de alumnos, se estar\u00edan cancelando sueldos por sobre lo que ellas ganan\u201d, se\u00f1al\u00f3 Patricio Gonz\u00e1lez.<\/p>\n<p>De ah\u00ed que el alcalde Freire solicit\u00f3 este informe para conocer en detalle los montos que se est\u00e1n cancelando en otras comunas, a las educadoras, asistentes y auxiliares.<\/p>\n<p>Reconoci\u00f3 el administrador municipal que \u201cen el caso de San Felipe hay casos de algunos auxiliares que teniendo igualdad de a\u00f1os de antig\u00fcedad, ganan unos m\u00e1s y otros menos. Estas son situaciones que deben subsanarse\u201d.<\/p>\n<p>A\u00f1adi\u00f3 que es necesario en este sentido verificar las posibilidades econ\u00f3micas del municipio para concretar esta medida, de tal manera que esos casos se resuelvan a la brevedad, explicando de paso que hay directoras de jardines que perciben sueldos inferiores a sus pares de otros planteles.<\/p>\n<p>Patricio Gonz\u00e1lez manifest\u00f3 que le resulta extra\u00f1o que las educadoras se hayan movilizado, pese a que ya se hab\u00edan reunido con la municipalidad en dos ocasiones. Se\u00f1al\u00f3 que el viernes se reuni\u00f3 con las representantes de cada uno de los establecimientos para darles a conocer las medidas y soluciones a plantear.<\/p>\n<p>En definitiva se espera avanzar en la nivelaci\u00f3n de sueldos en relaci\u00f3n al resto de los municipios, aun cuando recalc\u00f3 que en promedio San Felipe no est\u00e1 por debajo de otros jardines infantiles de la provincia en base al presupuesto anual que entrega Junji.<\/p>\n<p>El pr\u00f3ximo 20 de noviembre se realizar\u00e1 una reuni\u00f3n donde se har\u00e1 una propuesta a las educadoras.<\/p>\n<p>&nbsp;<\/p>\n","protected":false},"excerpt":{"rendered":"<p>Aseverando que hace a\u00f1os las funcionarias de los jardines infantiles que administra el municipio presentan problemas en materia de sueldos, que en algunos casos son distintos pese a cumplir las funcionarias la&#8230;<\/p>\n","protected":false},"author":482,"featured_media":39510,"comment_status":"open","ping_status":"closed","sticky":false,"template":"","format":"standard","meta":{"advanced_seo_description":"","jetpack_seo_html_title":"","jetpack_seo_noindex":false,"_jetpack_memberships_contains_paid_content":false,"footnotes":""},"categories":[1],"tags":[],"class_list":["post-39509","post","type-post","status-publish","format-standard","has-post-thumbnail","hentry","category-cronica"],"jetpack_featured_media_url":"https:\/\/i0.wp.com\/eltrabajo.cl\/portal\/wp-content\/uploads\/2013\/11\/patricio-gonzalez.jpg?fit=529%2C395&ssl=1","jetpack_sharing_enabled":true,"jetpack_likes_enabled":true,"jetpack-related-posts":[],"_links":{"self":[{"href":"https:\/\/eltrabajo.cl\/portal\/wp-json\/wp\/v2\/posts\/39509","targetHints":{"allow":["GET"]}}],"collection":[{"href":"https:\/\/eltrabajo.cl\/portal\/wp-json\/wp\/v2\/posts"}],"about":[{"href":"https:\/\/eltrabajo.cl\/portal\/wp-json\/wp\/v2\/types\/post"}],"author":[{"embeddable":true,"href":"https:\/\/eltrabajo.cl\/portal\/wp-json\/wp\/v2\/users\/482"}],"replies":[{"embeddable":true,"href":"https:\/\/eltrabajo.cl\/portal\/wp-json\/wp\/v2\/comments?post=39509"}],"version-history":[{"count":0,"href":"https:\/\/eltrabajo.cl\/portal\/wp-json\/wp\/v2\/posts\/39509\/revisions"}],"wp:featuredmedia":[{"embeddable":true,"href":"https:\/\/eltrabajo.cl\/portal\/wp-json\/wp\/v2\/media\/39510"}],"wp:attachment":[{"href":"https:\/\/eltrabajo.cl\/portal\/wp-json\/wp\/v2\/media?parent=39509"}],"wp:term":[{"taxonomy":"category","embeddable":true,"href":"https:\/\/eltrabajo.cl\/portal\/wp-json\/wp\/v2\/categories?post=39509"},{"taxonomy":"post_tag","embeddable":true,"href":"https:\/\/eltrabajo.cl\/portal\/wp-json\/wp\/v2\/tags?post=39509"}],"curies":[{"name":"wp","href":"https:\/\/api.w.org\/{rel}","templated":true}]}}