{"id":39512,"date":"2013-11-13T09:17:03","date_gmt":"2013-11-13T12:17:03","guid":{"rendered":"http:\/\/www.eltrabajo.cl\/portal\/?p=39512"},"modified":"2013-11-13T09:17:03","modified_gmt":"2013-11-13T12:17:03","slug":"tras-larga-espera-vecinos-de-la-troya-contaran-con-multicancha-a-fin-de-ano","status":"publish","type":"post","link":"https:\/\/eltrabajo.cl\/portal\/tras-larga-espera-vecinos-de-la-troya-contaran-con-multicancha-a-fin-de-ano\/","title":{"rendered":"Tras larga espera vecinos de La Troya contar\u00e1n con multicancha a fin de a\u00f1o"},"content":{"rendered":"<figure id=\"attachment_39513\" aria-describedby=\"caption-attachment-39513\" style=\"width: 529px\" class=\"wp-caption alignnone\"><a href=\"https:\/\/i0.wp.com\/www.eltrabajo.cl\/portal\/wp-content\/uploads\/2013\/11\/visita-multicancha-2.jpg\"><img data-recalc-dims=\"1\" loading=\"lazy\" decoding=\"async\" class=\"size-full wp-image-39513\" title=\"El Alcalde Patricio Freire junto al Core Eduardo Le\u00f3n visitaron este martes el lugar para ver el avance de las obras.\" alt=\"El Alcalde Patricio Freire junto al Core Eduardo Le\u00f3n visitaron este martes el lugar para ver el avance de las obras.\" src=\"https:\/\/i0.wp.com\/www.eltrabajo.cl\/portal\/wp-content\/uploads\/2013\/11\/visita-multicancha-2.jpg?resize=529%2C355\" width=\"529\" height=\"355\" srcset=\"https:\/\/i0.wp.com\/eltrabajo.cl\/portal\/wp-content\/uploads\/2013\/11\/visita-multicancha-2.jpg?w=529&amp;ssl=1 529w, https:\/\/i0.wp.com\/eltrabajo.cl\/portal\/wp-content\/uploads\/2013\/11\/visita-multicancha-2.jpg?resize=200%2C134&amp;ssl=1 200w, https:\/\/i0.wp.com\/eltrabajo.cl\/portal\/wp-content\/uploads\/2013\/11\/visita-multicancha-2.jpg?resize=300%2C201&amp;ssl=1 300w, https:\/\/i0.wp.com\/eltrabajo.cl\/portal\/wp-content\/uploads\/2013\/11\/visita-multicancha-2.jpg?resize=150%2C100&amp;ssl=1 150w, https:\/\/i0.wp.com\/eltrabajo.cl\/portal\/wp-content\/uploads\/2013\/11\/visita-multicancha-2.jpg?resize=400%2C268&amp;ssl=1 400w\" sizes=\"auto, (max-width: 529px) 100vw, 529px\" \/><\/a><figcaption id=\"caption-attachment-39513\" class=\"wp-caption-text\">El Alcalde Patricio Freire junto al Core Eduardo Le\u00f3n visitaron este martes el lugar para ver el avance de las obras.<\/figcaption><\/figure>\n<p>A fines del mes de diciembre de este a\u00f1o los vecinos de La Troya podr\u00e1n comenzar a disfrutar de la nueva multichancha que se est\u00e1 construyendo en ese sector de la comuna, una iniciativa que por a\u00f1os esperaron los habitantes de esta zona y que finalmente ser\u00e1 una realidad en la administraci\u00f3n alcaldicia de Patricio Freire.<\/p>\n<p>As\u00ed lo dio a conocer el jefe comunal, quien en horas de la ma\u00f1ana de este martes se traslad\u00f3 hasta el lugar, para ver el avance de las obras, constatando que los trabajos avanzan de acuerdo a los plazos y que a fines de este a\u00f1o ser\u00e1 entregada a los vecinos.<\/p>\n<p>\u201cEste es un sue\u00f1o de los vecinos del sector La Troya esperado por muchos a\u00f1os, cuando llega el primer PMU de nuestra gesti\u00f3n municipal, pens\u00e9 en el gran sue\u00f1o de la gente de La Troya porque se lo merec\u00edan, muchos a\u00f1os llevaban esperando y ahora estamos contentos que se est\u00e9 realizando la construcci\u00f3n\u201d, dijo el jefe comunal.<\/p>\n<p>Los trabajos contemplan la construcci\u00f3n en hormig\u00f3n, adem\u00e1s de un cierre perimetral y la implementaci\u00f3n de arcos y cestos deportivos para la pr\u00e1ctica de deportes como babyf\u00fatbol y b\u00e1squetbol, a lo que se suman ocho luminarias para que los vecinos puedan practicar deporte en horas de la noche.<\/p>\n<p>El proyecto corresponde a un PMU con recursos de la Subsecretar\u00eda de Desarrollo Regional, que alcanzan los 30 millones de pesos aproximadamente.<\/p>\n<p>El presidente de la Junta de Vecinos de La Troya, Oscar Valencia, se mostr\u00f3 muy contento de finalmente contar con esta multicancha que ser\u00e1 usada por los ni\u00f1os, j\u00f3venes y adultos de este sector.<\/p>\n<p>\u201cContent\u00edsimo, como toda la comunidad, este proyecto lo ven\u00edamos esperando hace muchos a\u00f1os, cuando era dirigente de un grupo juvenil, siempre se escuchaba en las campa\u00f1as pol\u00edticas la multicancha de La Troya, hasta que lleg\u00f3 don Patricio, quien recogi\u00f3 el proyecto y finalmente se est\u00e1 haciendo\u201d, dijo el dirigente.<\/p>\n<p>Valencia se\u00f1al\u00f3 que en ese sector vive una importante cantidad de personas, por lo que estim\u00f3 que la multicancha ser\u00e1 utilizada por miles de vecinos que finalmente tendr\u00e1n un lugar donde practicar deporte.<\/p>\n","protected":false},"excerpt":{"rendered":"<p>A fines del mes de diciembre de este a\u00f1o los vecinos de La Troya podr\u00e1n comenzar a disfrutar de la nueva multichancha que se est\u00e1 construyendo en ese sector de la comuna,&#8230;<\/p>\n","protected":false},"author":482,"featured_media":39513,"comment_status":"open","ping_status":"closed","sticky":false,"template":"","format":"standard","meta":{"advanced_seo_description":"","jetpack_seo_html_title":"","jetpack_seo_noindex":false,"_jetpack_memberships_contains_paid_content":false,"footnotes":""},"categories":[1],"tags":[],"class_list":["post-39512","post","type-post","status-publish","format-standard","has-post-thumbnail","hentry","category-cronica"],"jetpack_featured_media_url":"https:\/\/i0.wp.com\/eltrabajo.cl\/portal\/wp-content\/uploads\/2013\/11\/visita-multicancha-2.jpg?fit=529%2C355&ssl=1","jetpack_sharing_enabled":true,"jetpack_likes_enabled":true,"jetpack-related-posts":[],"_links":{"self":[{"href":"https:\/\/eltrabajo.cl\/portal\/wp-json\/wp\/v2\/posts\/39512","targetHints":{"allow":["GET"]}}],"collection":[{"href":"https:\/\/eltrabajo.cl\/portal\/wp-json\/wp\/v2\/posts"}],"about":[{"href":"https:\/\/eltrabajo.cl\/portal\/wp-json\/wp\/v2\/types\/post"}],"author":[{"embeddable":true,"href":"https:\/\/eltrabajo.cl\/portal\/wp-json\/wp\/v2\/users\/482"}],"replies":[{"embeddable":true,"href":"https:\/\/eltrabajo.cl\/portal\/wp-json\/wp\/v2\/comments?post=39512"}],"version-history":[{"count":0,"href":"https:\/\/eltrabajo.cl\/portal\/wp-json\/wp\/v2\/posts\/39512\/revisions"}],"wp:featuredmedia":[{"embeddable":true,"href":"https:\/\/eltrabajo.cl\/portal\/wp-json\/wp\/v2\/media\/39513"}],"wp:attachment":[{"href":"https:\/\/eltrabajo.cl\/portal\/wp-json\/wp\/v2\/media?parent=39512"}],"wp:term":[{"taxonomy":"category","embeddable":true,"href":"https:\/\/eltrabajo.cl\/portal\/wp-json\/wp\/v2\/categories?post=39512"},{"taxonomy":"post_tag","embeddable":true,"href":"https:\/\/eltrabajo.cl\/portal\/wp-json\/wp\/v2\/tags?post=39512"}],"curies":[{"name":"wp","href":"https:\/\/api.w.org\/{rel}","templated":true}]}}