{"id":39515,"date":"2013-11-13T09:18:41","date_gmt":"2013-11-13T12:18:41","guid":{"rendered":"http:\/\/www.eltrabajo.cl\/portal\/?p=39515"},"modified":"2013-11-13T09:18:41","modified_gmt":"2013-11-13T12:18:41","slug":"servicio-de-salud-entrego-el-nuevo-tranque-para-el-hospital-psiquiatrico","status":"publish","type":"post","link":"https:\/\/eltrabajo.cl\/portal\/servicio-de-salud-entrego-el-nuevo-tranque-para-el-hospital-psiquiatrico\/","title":{"rendered":"Servicio de Salud entreg\u00f3 el nuevo tranque para el Hospital Psiqui\u00e1trico"},"content":{"rendered":"<figure id=\"attachment_39516\" aria-describedby=\"caption-attachment-39516\" style=\"width: 529px\" class=\"wp-caption alignnone\"><a href=\"https:\/\/i0.wp.com\/www.eltrabajo.cl\/portal\/wp-content\/uploads\/2013\/11\/agua1.jpg\"><img data-recalc-dims=\"1\" loading=\"lazy\" decoding=\"async\" class=\"size-full wp-image-39516\" title=\"El tranque acumulador de agua, con capacidad de 90.000 metros c\u00fabicos, fue inaugurado la ma\u00f1ana de este viernes.\" alt=\"El tranque acumulador de agua, con capacidad de 90.000 metros c\u00fabicos, fue inaugurado la ma\u00f1ana de este viernes.\" src=\"https:\/\/i0.wp.com\/www.eltrabajo.cl\/portal\/wp-content\/uploads\/2013\/11\/agua1.jpg?resize=529%2C353\" width=\"529\" height=\"353\" srcset=\"https:\/\/i0.wp.com\/eltrabajo.cl\/portal\/wp-content\/uploads\/2013\/11\/agua1.jpg?w=529&amp;ssl=1 529w, https:\/\/i0.wp.com\/eltrabajo.cl\/portal\/wp-content\/uploads\/2013\/11\/agua1.jpg?resize=200%2C133&amp;ssl=1 200w, https:\/\/i0.wp.com\/eltrabajo.cl\/portal\/wp-content\/uploads\/2013\/11\/agua1.jpg?resize=300%2C200&amp;ssl=1 300w, https:\/\/i0.wp.com\/eltrabajo.cl\/portal\/wp-content\/uploads\/2013\/11\/agua1.jpg?resize=150%2C100&amp;ssl=1 150w, https:\/\/i0.wp.com\/eltrabajo.cl\/portal\/wp-content\/uploads\/2013\/11\/agua1.jpg?resize=400%2C266&amp;ssl=1 400w\" sizes=\"auto, (max-width: 529px) 100vw, 529px\" \/><\/a><figcaption id=\"caption-attachment-39516\" class=\"wp-caption-text\">El tranque acumulador de agua, con capacidad de 90.000 metros c\u00fabicos, fue inaugurado la ma\u00f1ana de este viernes.<\/figcaption><\/figure>\n<ul>\n<li><strong>En el marco del plan de desarrollo para el establecimiento, el Director del Servicio de Salud Aconcagua, Rodrigo Infante, presidi\u00f3 la inauguraci\u00f3n de esta nueva infraestructura, la que permitir\u00e1 acumular agua para el desarrollo de diferentes iniciativas dentro del recinto asistencial.<\/strong><\/li>\n<\/ul>\n<p>Con la presencia de las autoridades del Servicio de Salud Aconcagua y del Hospital Psiqui\u00e1trico Philippe Pinel de Putaendo, se llev\u00f3 a cabo la inauguraci\u00f3n del nuevo tranque acumulador de agua del establecimiento, el que tiene una capacidad de 9.000 metros c\u00fabicos y signific\u00f3 una inversi\u00f3n de m\u00e1s de quince millones de pesos.<\/p>\n<p>En su intervenci\u00f3n, el Director del Servicio de Salud destac\u00f3 que esta iniciativa se ajusta a la visi\u00f3n que ha tenido su gesti\u00f3n al mando de la organizaci\u00f3n. \u201cHace un a\u00f1o est\u00e1bamos dise\u00f1ando este proyecto con los equipos del establecimiento, en especial con el Jefe de la Unidad de Agricultura, Sr. V\u00edctor Olivares. Hoy es una realidad y podemos contar con agua para el desarrollo de nuestro Hospital Philippe Pinel, porque queremos que sea un hermoso predio que vaya de la mano con el proyecto de remodelaci\u00f3n y normalizaci\u00f3n del establecimiento, que deber\u00e1 iniciarse a mediados de diciembre\u201d.<\/p>\n<p>A su vez, Infante resalt\u00f3 que esta obra tuvo una motivaci\u00f3n especial en las dif\u00edciles condiciones que ha debido enfrentar Putaendo ante la falta de agua, lo que lo llev\u00f3 a impulsar esta inversi\u00f3n. \u201cLa sequ\u00eda es una realidad en nuestro Valle de Aconcagua y por definici\u00f3n es la m\u00e1s larga de las emergencias a las que se puede enfrentar la comunidad. Por lo mismo quisimos ser previsores y construir este tranque que nos permite acumular una importante cantidad de agua que potenciar\u00e1 todas las labores de agricultura que se hacen al interior del hospital, donde se hacen muchas actividades terap\u00e9uticas\u201d, manifest\u00f3 Infante.<\/p>\n<p>Finalmente el Director del Servicio de Salud Aconcagua manifest\u00f3 su visi\u00f3n para los pr\u00f3ximos a\u00f1os del Hospital Philippe Pinel, donde en esta gesti\u00f3n se han invertido m\u00e1s de 100 millones de pesos en iniciativas de desarrollo. \u201cProyectamos al hospital hacia un futuro en donde los familiares que vengan a visitar a los usuarios se encuentren con recinto diferente, distinto en su presentaci\u00f3n. Una parte de eso es el proyecto de normalizaci\u00f3n, pero otra es que el terreno en que se encuentra el hospital cambie la sequedad que hoy presenta por un panorama mucho m\u00e1s agradable y distinto, un entorno que sea mucho m\u00e1s acogedor para los usuarios, los funcionarios y las familias. As\u00ed tambi\u00e9n queremos que los funcionarios tambi\u00e9n participen de esta modernizaci\u00f3n con un trabajo intenso en recursos humanos, que ser\u00e1 respaldado por una serie de iniciativas que se desarrollar\u00e1n el pr\u00f3ximo a\u00f1o\u201d<\/p>\n<p>&nbsp;<\/p>\n","protected":false},"excerpt":{"rendered":"<p>En el marco del plan de desarrollo para el establecimiento, el Director del Servicio de Salud Aconcagua, Rodrigo Infante, presidi\u00f3 la inauguraci\u00f3n de esta nueva infraestructura, la que permitir\u00e1 acumular agua para&#8230;<\/p>\n","protected":false},"author":482,"featured_media":39516,"comment_status":"open","ping_status":"closed","sticky":false,"template":"","format":"standard","meta":{"advanced_seo_description":"","jetpack_seo_html_title":"","jetpack_seo_noindex":false,"_jetpack_memberships_contains_paid_content":false,"footnotes":""},"categories":[1],"tags":[],"class_list":["post-39515","post","type-post","status-publish","format-standard","has-post-thumbnail","hentry","category-cronica"],"jetpack_featured_media_url":"https:\/\/i0.wp.com\/eltrabajo.cl\/portal\/wp-content\/uploads\/2013\/11\/agua1.jpg?fit=529%2C353&ssl=1","jetpack_sharing_enabled":true,"jetpack_likes_enabled":true,"jetpack-related-posts":[],"_links":{"self":[{"href":"https:\/\/eltrabajo.cl\/portal\/wp-json\/wp\/v2\/posts\/39515","targetHints":{"allow":["GET"]}}],"collection":[{"href":"https:\/\/eltrabajo.cl\/portal\/wp-json\/wp\/v2\/posts"}],"about":[{"href":"https:\/\/eltrabajo.cl\/portal\/wp-json\/wp\/v2\/types\/post"}],"author":[{"embeddable":true,"href":"https:\/\/eltrabajo.cl\/portal\/wp-json\/wp\/v2\/users\/482"}],"replies":[{"embeddable":true,"href":"https:\/\/eltrabajo.cl\/portal\/wp-json\/wp\/v2\/comments?post=39515"}],"version-history":[{"count":0,"href":"https:\/\/eltrabajo.cl\/portal\/wp-json\/wp\/v2\/posts\/39515\/revisions"}],"wp:featuredmedia":[{"embeddable":true,"href":"https:\/\/eltrabajo.cl\/portal\/wp-json\/wp\/v2\/media\/39516"}],"wp:attachment":[{"href":"https:\/\/eltrabajo.cl\/portal\/wp-json\/wp\/v2\/media?parent=39515"}],"wp:term":[{"taxonomy":"category","embeddable":true,"href":"https:\/\/eltrabajo.cl\/portal\/wp-json\/wp\/v2\/categories?post=39515"},{"taxonomy":"post_tag","embeddable":true,"href":"https:\/\/eltrabajo.cl\/portal\/wp-json\/wp\/v2\/tags?post=39515"}],"curies":[{"name":"wp","href":"https:\/\/api.w.org\/{rel}","templated":true}]}}