{"id":39518,"date":"2013-11-13T09:24:27","date_gmt":"2013-11-13T12:24:27","guid":{"rendered":"http:\/\/www.eltrabajo.cl\/portal\/?p=39518"},"modified":"2013-11-13T09:35:30","modified_gmt":"2013-11-13T12:35:30","slug":"concejo-municipal-aprobo-comprar-casa-que-permitira-abrir-avda-chile","status":"publish","type":"post","link":"https:\/\/eltrabajo.cl\/portal\/concejo-municipal-aprobo-comprar-casa-que-permitira-abrir-avda-chile\/","title":{"rendered":"Concejo Municipal aprob\u00f3 comprar casa que permitir\u00e1 abrir Avda. Chile"},"content":{"rendered":"<figure id=\"attachment_39519\" aria-describedby=\"caption-attachment-39519\" style=\"width: 317px\" class=\"wp-caption alignleft\"><a href=\"https:\/\/i0.wp.com\/www.eltrabajo.cl\/portal\/wp-content\/uploads\/2013\/11\/jorge-jara1.jpg\"><img data-recalc-dims=\"1\" loading=\"lazy\" decoding=\"async\" class=\" wp-image-39519 \" title=\"Jorge Jara, asesor jur\u00eddico Municipalidad San Felipe.\" alt=\"Jorge Jara, asesor jur\u00eddico Municipalidad San Felipe.\" src=\"https:\/\/i0.wp.com\/www.eltrabajo.cl\/portal\/wp-content\/uploads\/2013\/11\/jorge-jara1.jpg?resize=317%2C256\" width=\"317\" height=\"256\" srcset=\"https:\/\/i0.wp.com\/eltrabajo.cl\/portal\/wp-content\/uploads\/2013\/11\/jorge-jara1.jpg?w=529&amp;ssl=1 529w, https:\/\/i0.wp.com\/eltrabajo.cl\/portal\/wp-content\/uploads\/2013\/11\/jorge-jara1.jpg?resize=185%2C150&amp;ssl=1 185w, https:\/\/i0.wp.com\/eltrabajo.cl\/portal\/wp-content\/uploads\/2013\/11\/jorge-jara1.jpg?resize=300%2C242&amp;ssl=1 300w, https:\/\/i0.wp.com\/eltrabajo.cl\/portal\/wp-content\/uploads\/2013\/11\/jorge-jara1.jpg?resize=150%2C121&amp;ssl=1 150w, https:\/\/i0.wp.com\/eltrabajo.cl\/portal\/wp-content\/uploads\/2013\/11\/jorge-jara1.jpg?resize=400%2C322&amp;ssl=1 400w\" sizes=\"auto, (max-width: 317px) 100vw, 317px\" \/><\/a><figcaption id=\"caption-attachment-39519\" class=\"wp-caption-text\">Jorge Jara, asesor jur\u00eddico Municipalidad San Felipe.<\/figcaption><\/figure>\n<ul>\n<li><strong>Proyecto dar\u00e1 conectividad vial a todo el sector norponiente de la comuna.<\/strong><\/li>\n<\/ul>\n<p>El Concejo Municipal aprob\u00f3 ayer martes por unanimidad la propuesta del Alcalde Patricio Freire de comprar una vivienda ubicada en la Avenida Chile, en San Felipe, lo que permitir\u00e1 mejorar la conectividad vial de todo el sector norponiente de la comuna, con un proyecto que le dar\u00e1 continuidad a esa importante arteria.<\/p>\n<p>La informaci\u00f3n la entreg\u00f3 el asesor jur\u00eddico de la municipalidad, Jorge Jara, quien expres\u00f3 que con esta adquisici\u00f3n \u201cel municipio se hace due\u00f1o del inmueble que es imprescindible para el proyecto de pavimentaci\u00f3n de Avenida Chile, que va a significar la apertura de esta calle y la incorporaci\u00f3n del sector norponiente de la ciudad con vialidad adecuada. Van a restar ajustar peque\u00f1os retazos de terreno para darle la amplitud y el ancho necesario a la calle, pero eso se va a hacer a trav\u00e9s de la Secretar\u00eda de Planificaci\u00f3n del municipio y los propietarios colindantes\u201d.<\/p>\n<p>La compra del inmueble y el terreno, que posee una superficie de 800 metros cuadrados, tendr\u00e1 un costo de 47 millones de pesos, los que ser\u00e1n cancelados a los propietarios en dos pagos, uno dentro de los pr\u00f3ximos d\u00edas, y el restante a fines del mes de marzo del pr\u00f3ximo a\u00f1o 2014.<\/p>\n<p>\u201cA fines del primer semestre pasado se iniciaron las conversaciones del alcalde Freire con los propietarios y finalmente se lleg\u00f3 a este acuerdo que es satisfactorio tanto para los interesados en vender como para el Concejo y el municipio, porque va a dar soluci\u00f3n a un problema hist\u00f3rico de conectividad de ese sector. Hay que normalizar el proyecto y generar las condiciones, para que seg\u00fan la proyecci\u00f3n de Secpla, se pueda postular el proyecto el primer semestre del pr\u00f3ximo a\u00f1o para financiamiento y ejecuci\u00f3n al Fondo Nacional de Desarrollo Regional\u201d, expres\u00f3 Jara finalmente.<\/p>\n<p>&nbsp;<\/p>\n","protected":false},"excerpt":{"rendered":"<p>Proyecto dar\u00e1 conectividad vial a todo el sector norponiente de la comuna. El Concejo Municipal aprob\u00f3 ayer martes por unanimidad la propuesta del Alcalde Patricio Freire de comprar una vivienda ubicada en&#8230;<\/p>\n","protected":false},"author":482,"featured_media":39519,"comment_status":"open","ping_status":"closed","sticky":false,"template":"","format":"standard","meta":{"advanced_seo_description":"","jetpack_seo_html_title":"","jetpack_seo_noindex":false,"_jetpack_memberships_contains_paid_content":false,"footnotes":""},"categories":[1],"tags":[],"class_list":["post-39518","post","type-post","status-publish","format-standard","has-post-thumbnail","hentry","category-cronica"],"jetpack_featured_media_url":"https:\/\/i0.wp.com\/eltrabajo.cl\/portal\/wp-content\/uploads\/2013\/11\/jorge-jara1.jpg?fit=529%2C427&ssl=1","jetpack_sharing_enabled":true,"jetpack_likes_enabled":true,"jetpack-related-posts":[],"_links":{"self":[{"href":"https:\/\/eltrabajo.cl\/portal\/wp-json\/wp\/v2\/posts\/39518","targetHints":{"allow":["GET"]}}],"collection":[{"href":"https:\/\/eltrabajo.cl\/portal\/wp-json\/wp\/v2\/posts"}],"about":[{"href":"https:\/\/eltrabajo.cl\/portal\/wp-json\/wp\/v2\/types\/post"}],"author":[{"embeddable":true,"href":"https:\/\/eltrabajo.cl\/portal\/wp-json\/wp\/v2\/users\/482"}],"replies":[{"embeddable":true,"href":"https:\/\/eltrabajo.cl\/portal\/wp-json\/wp\/v2\/comments?post=39518"}],"version-history":[{"count":0,"href":"https:\/\/eltrabajo.cl\/portal\/wp-json\/wp\/v2\/posts\/39518\/revisions"}],"wp:featuredmedia":[{"embeddable":true,"href":"https:\/\/eltrabajo.cl\/portal\/wp-json\/wp\/v2\/media\/39519"}],"wp:attachment":[{"href":"https:\/\/eltrabajo.cl\/portal\/wp-json\/wp\/v2\/media?parent=39518"}],"wp:term":[{"taxonomy":"category","embeddable":true,"href":"https:\/\/eltrabajo.cl\/portal\/wp-json\/wp\/v2\/categories?post=39518"},{"taxonomy":"post_tag","embeddable":true,"href":"https:\/\/eltrabajo.cl\/portal\/wp-json\/wp\/v2\/tags?post=39518"}],"curies":[{"name":"wp","href":"https:\/\/api.w.org\/{rel}","templated":true}]}}