{"id":39521,"date":"2013-11-13T09:23:01","date_gmt":"2013-11-13T12:23:01","guid":{"rendered":"http:\/\/www.eltrabajo.cl\/portal\/?p=39521"},"modified":"2013-11-13T09:23:01","modified_gmt":"2013-11-13T12:23:01","slug":"padem-2014-fue-aprobado-por-unanimidad-y-no-contempla-cierre-de-escuelas-municipales","status":"publish","type":"post","link":"https:\/\/eltrabajo.cl\/portal\/padem-2014-fue-aprobado-por-unanimidad-y-no-contempla-cierre-de-escuelas-municipales\/","title":{"rendered":"Padem 2014 fue aprobado por unanimidad y no contempla cierre de escuelas municipales"},"content":{"rendered":"<figure id=\"attachment_39522\" aria-describedby=\"caption-attachment-39522\" style=\"width: 317px\" class=\"wp-caption alignleft\"><a href=\"https:\/\/i0.wp.com\/www.eltrabajo.cl\/portal\/wp-content\/uploads\/2013\/11\/alcalde-freire-2.jpg\"><img data-recalc-dims=\"1\" loading=\"lazy\" decoding=\"async\" class=\" wp-image-39522 \" title=\"El Alcalde Patricio Freire la aprobaci\u00f3n del Padem 2014, con un presupuesto de nueve mil 300 millones de pesos.\" alt=\"El Alcalde Patricio Freire la aprobaci\u00f3n del Padem 2014, con un presupuesto de nueve mil 300 millones de pesos.\" src=\"https:\/\/i0.wp.com\/www.eltrabajo.cl\/portal\/wp-content\/uploads\/2013\/11\/alcalde-freire-2.jpg?resize=317%2C238\" width=\"317\" height=\"238\" srcset=\"https:\/\/i0.wp.com\/eltrabajo.cl\/portal\/wp-content\/uploads\/2013\/11\/alcalde-freire-2.jpg?w=528&amp;ssl=1 528w, https:\/\/i0.wp.com\/eltrabajo.cl\/portal\/wp-content\/uploads\/2013\/11\/alcalde-freire-2.jpg?resize=200%2C150&amp;ssl=1 200w, https:\/\/i0.wp.com\/eltrabajo.cl\/portal\/wp-content\/uploads\/2013\/11\/alcalde-freire-2.jpg?resize=300%2C225&amp;ssl=1 300w, https:\/\/i0.wp.com\/eltrabajo.cl\/portal\/wp-content\/uploads\/2013\/11\/alcalde-freire-2.jpg?resize=150%2C112&amp;ssl=1 150w, https:\/\/i0.wp.com\/eltrabajo.cl\/portal\/wp-content\/uploads\/2013\/11\/alcalde-freire-2.jpg?resize=400%2C300&amp;ssl=1 400w\" sizes=\"auto, (max-width: 317px) 100vw, 317px\" \/><\/a><figcaption id=\"caption-attachment-39522\" class=\"wp-caption-text\">El Alcalde Patricio Freire la aprobaci\u00f3n del Padem 2014, con un presupuesto de nueve mil 300 millones de pesos.<\/figcaption><\/figure>\n<p>El Concejo Municipal de San Felipe aprob\u00f3 por unanimidad el Padem, con un marco presupuestario de alrededor de nueve mil millones de pesos para la Educaci\u00f3n de la comuna para el pr\u00f3ximo a\u00f1o 2014.<\/p>\n<p>La sesi\u00f3n de Concejo se realiz\u00f3 este martes y contempl\u00f3 la discusi\u00f3n de dos \u00fanicos temas, entre los que destac\u00f3 la aprobaci\u00f3n del Padem 2014, documento que signific\u00f3 varias reuniones de trabajo que se desarrollaron las \u00faltimas semanas, donde participaron activamente el Alcalde Patricio Freire y los Concejales, realizando observaciones y planteamientos.<\/p>\n<p>Es as\u00ed que en lo principal, el Padem 2014 no contempla el cierre de establecimientos educacionales, como se hab\u00eda planteado como duda por algunos sectores en las \u00faltimas semanas, un aspecto que fue rechazado enf\u00e1ticamente por el Alcalde Freire, quien apuesta por potenciar la educaci\u00f3n municipal, tanto rural como urbana, como una forma de entregar una real alternativa de calidad a las familias de San Felipe que prefieren este sistema para la educaci\u00f3n de sus hijos.<\/p>\n<p>\u201cSe aprob\u00f3 el Padem 2014, con un presupuesto de nueve mil 300 millones de pesos y en este Padem se toma el acuerdo de no cerrar ninguna escuela municipal, sino que al contrario, la idea es potenciar la educaci\u00f3n municipal, la educaci\u00f3n p\u00fablica en todos sus \u00e1mbitos. Adem\u00e1s no se despiden profesores titulares, porque creemos que la educaci\u00f3n p\u00fablica tenemos que reforzarla, este a\u00f1o hemos entregado recursos propios por alrededor de mil millones y nuestro norte es reforzarla\u201d, dijo el jefe comunal.<\/p>\n<p>La preocupaci\u00f3n de esta gesti\u00f3n alcaldicia por la Educaci\u00f3n en todos sus \u00e1mbitos ha quedado de manifiesto desde su inicio, al potenciar distintas iniciativas en beneficio de los establecimientos municipalizados de la comuna, entre los que se cuentan el proyecto de mejoramiento del gimnasio del Liceo Corina Urbina, una iniciativa que fue mejorada y finalmente aprobada para su ejecuci\u00f3n.<\/p>\n<p>La realidad actual de la educaci\u00f3n municipal plantea que un 75% de los establecimientos se encuentran con problemas de financiamiento, sin embargo, la apuesta del Alcalde Freire es utilizar distintos recursos para mantener abiertas estas escuelas y as\u00ed entregar una real alternativa a los ni\u00f1os de San Felipe.<\/p>\n<p>&nbsp;<\/p>\n","protected":false},"excerpt":{"rendered":"<p>El Concejo Municipal de San Felipe aprob\u00f3 por unanimidad el Padem, con un marco presupuestario de alrededor de nueve mil millones de pesos para la Educaci\u00f3n de la comuna para el pr\u00f3ximo&#8230;<\/p>\n","protected":false},"author":482,"featured_media":39522,"comment_status":"open","ping_status":"closed","sticky":false,"template":"","format":"standard","meta":{"advanced_seo_description":"","jetpack_seo_html_title":"","jetpack_seo_noindex":false,"_jetpack_memberships_contains_paid_content":false,"footnotes":""},"categories":[1],"tags":[],"class_list":["post-39521","post","type-post","status-publish","format-standard","has-post-thumbnail","hentry","category-cronica"],"jetpack_featured_media_url":"https:\/\/i0.wp.com\/eltrabajo.cl\/portal\/wp-content\/uploads\/2013\/11\/alcalde-freire-2.jpg?fit=528%2C396&ssl=1","jetpack_sharing_enabled":true,"jetpack_likes_enabled":true,"jetpack-related-posts":[],"_links":{"self":[{"href":"https:\/\/eltrabajo.cl\/portal\/wp-json\/wp\/v2\/posts\/39521","targetHints":{"allow":["GET"]}}],"collection":[{"href":"https:\/\/eltrabajo.cl\/portal\/wp-json\/wp\/v2\/posts"}],"about":[{"href":"https:\/\/eltrabajo.cl\/portal\/wp-json\/wp\/v2\/types\/post"}],"author":[{"embeddable":true,"href":"https:\/\/eltrabajo.cl\/portal\/wp-json\/wp\/v2\/users\/482"}],"replies":[{"embeddable":true,"href":"https:\/\/eltrabajo.cl\/portal\/wp-json\/wp\/v2\/comments?post=39521"}],"version-history":[{"count":0,"href":"https:\/\/eltrabajo.cl\/portal\/wp-json\/wp\/v2\/posts\/39521\/revisions"}],"wp:featuredmedia":[{"embeddable":true,"href":"https:\/\/eltrabajo.cl\/portal\/wp-json\/wp\/v2\/media\/39522"}],"wp:attachment":[{"href":"https:\/\/eltrabajo.cl\/portal\/wp-json\/wp\/v2\/media?parent=39521"}],"wp:term":[{"taxonomy":"category","embeddable":true,"href":"https:\/\/eltrabajo.cl\/portal\/wp-json\/wp\/v2\/categories?post=39521"},{"taxonomy":"post_tag","embeddable":true,"href":"https:\/\/eltrabajo.cl\/portal\/wp-json\/wp\/v2\/tags?post=39521"}],"curies":[{"name":"wp","href":"https:\/\/api.w.org\/{rel}","templated":true}]}}