{"id":39547,"date":"2013-11-14T09:32:05","date_gmt":"2013-11-14T12:32:05","guid":{"rendered":"http:\/\/www.eltrabajo.cl\/portal\/?p=39547"},"modified":"2013-11-14T09:32:05","modified_gmt":"2013-11-14T12:32:05","slug":"alumnos-de-la-maria-espinola-viajan-a-la-isla-de-pascua","status":"publish","type":"post","link":"https:\/\/eltrabajo.cl\/portal\/alumnos-de-la-maria-espinola-viajan-a-la-isla-de-pascua\/","title":{"rendered":"Alumnos de la Mar\u00eda Esp\u00ednola viajan a la Isla de Pascua"},"content":{"rendered":"<figure id=\"attachment_39548\" aria-describedby=\"caption-attachment-39548\" style=\"width: 529px\" class=\"wp-caption alignnone\"><a href=\"https:\/\/i0.wp.com\/www.eltrabajo.cl\/portal\/wp-content\/uploads\/2013\/11\/pascua1.jpg\"><img data-recalc-dims=\"1\" loading=\"lazy\" decoding=\"async\" class=\"size-full wp-image-39548\" title=\"Los estudiantes favorecidos que viajar\u00e1n son Mat\u00edas Rojas de 15 a\u00f1os; Soledad Chinch\u00f3n de trece a\u00f1os; Alberto Araya de 18 a\u00f1os; una apoderada y el propio director. \" alt=\"Los estudiantes favorecidos que viajar\u00e1n son Mat\u00edas Rojas de 15 a\u00f1os; Soledad Chinch\u00f3n de trece a\u00f1os; Alberto Araya de 18 a\u00f1os; una apoderada y el propio director. \" src=\"https:\/\/i0.wp.com\/www.eltrabajo.cl\/portal\/wp-content\/uploads\/2013\/11\/pascua1.jpg?resize=529%2C494\" width=\"529\" height=\"494\" srcset=\"https:\/\/i0.wp.com\/eltrabajo.cl\/portal\/wp-content\/uploads\/2013\/11\/pascua1.jpg?w=529&amp;ssl=1 529w, https:\/\/i0.wp.com\/eltrabajo.cl\/portal\/wp-content\/uploads\/2013\/11\/pascua1.jpg?resize=160%2C150&amp;ssl=1 160w, https:\/\/i0.wp.com\/eltrabajo.cl\/portal\/wp-content\/uploads\/2013\/11\/pascua1.jpg?resize=300%2C280&amp;ssl=1 300w, https:\/\/i0.wp.com\/eltrabajo.cl\/portal\/wp-content\/uploads\/2013\/11\/pascua1.jpg?resize=150%2C140&amp;ssl=1 150w, https:\/\/i0.wp.com\/eltrabajo.cl\/portal\/wp-content\/uploads\/2013\/11\/pascua1.jpg?resize=400%2C373&amp;ssl=1 400w\" sizes=\"auto, (max-width: 529px) 100vw, 529px\" \/><\/a><figcaption id=\"caption-attachment-39548\" class=\"wp-caption-text\">Los estudiantes favorecidos que viajar\u00e1n son Mat\u00edas Rojas de 15 a\u00f1os; Soledad Chinch\u00f3n de trece a\u00f1os; Alberto Araya de 18 a\u00f1os; una apoderada y el propio director.<\/figcaption><\/figure>\n<p><strong>SANTA MAR\u00cdA.<\/strong>&#8211; Tres estudiantes de la Escuela Mar\u00eda Esp\u00ednola de San Fernando en Santa Mar\u00eda, est\u00e1n que no caben de contentos con el premio que recibir\u00e1n este a\u00f1o, premio que representa un viaje por cincos d\u00edas a la Isla de Pascua. Los recursos para los boletos y dem\u00e1s gastos del viaje, fueron aportados por el propio director de la escuela, Helmut Kauffmann y los apoderados de los peque\u00f1os.<\/p>\n<p>\u00abEs un sue\u00f1o que siempre he acariciado, poder premiar a los mejores promedios en Rendimiento del 8\u00ba B\u00e1sico, pues creo que ellos se han esforzado durante muchos a\u00f1os para lograr llegar a terminar su educaci\u00f3n b\u00e1sica\u00bb, coment\u00f3 Kauffmann a Diario El Trabajo.<\/p>\n<p>Seg\u00fan lo reportado por el Mag\u00edster en Liderazgo Transformacional, \u00absaldremos el viernes 29 de noviembre a las 17:40 horas del aeropuerto hacia la isla y regresar\u00e1n el 5, all\u00e1 realizaremos presentaciones art\u00edsticas y charlas motivacionales, aparte de la gratificante experiencia para los peque\u00f1os, pues ellos no conocen esa regi\u00f3n de Chile\u00bb, agreg\u00f3 el profesional.<\/p>\n<p>Los estudiantes favorecidos que viajar\u00e1n son Mat\u00edas Rojas de 15 a\u00f1os; Soledad Chinch\u00f3n de trece a\u00f1os; Alberto Araya de 18 a\u00f1os; una apoderada y el propio director.<\/p>\n<p>Estos chicos se presentar\u00e1n tambi\u00e9n en TV Mata Ki Te Rangui en la isla, adem\u00e1s ser\u00e1n recibidos por el Alcalde de Isla de Pascua, Pedro Pablo Edmunds, quien ya est\u00e1 coordinando con las autoridades de nuestro valle, la posibilidad de establecer una ruta de turismo estudiantil y art\u00edstico hacia la isla.<\/p>\n<p>\u00abEstoy muy contento con este viaje, voy a bailar con las nativas y a ba\u00f1arme con mis amigos en la playa, estoy agradecido por este lindo regalo\u00bb, coment\u00f3 emocionado Alberto Araya a Diario El Trabajo.<\/p>\n<p>Seg\u00fan lo informado por Helmut Kauffmann, los alcaldes Claudio Zurita de Santa Mar\u00eda; Patricio Freire de San Felipe; Pedro Caballer\u00eda de Rinconada, AS\u00cd como Mario y Rafael Sottolichio, han aportado tambi\u00e9n recursos para que este proyecto salga adelante, s\u00f3lo en boletos, los gastos ascienden a m\u00e1s de $2 millones de pesos.<\/p>\n<p>Roberto Gonz\u00e1lez Short<\/p>\n<p>rgonzalez@eltrabajo<\/p>\n<p>&nbsp;<\/p>\n","protected":false},"excerpt":{"rendered":"<p>SANTA MAR\u00cdA.&#8211; Tres estudiantes de la Escuela Mar\u00eda Esp\u00ednola de San Fernando en Santa Mar\u00eda, est\u00e1n que no caben de contentos con el premio que recibir\u00e1n este a\u00f1o, premio que representa un&#8230;<\/p>\n","protected":false},"author":482,"featured_media":39548,"comment_status":"open","ping_status":"closed","sticky":false,"template":"","format":"standard","meta":{"advanced_seo_description":"","jetpack_seo_html_title":"","jetpack_seo_noindex":false,"_jetpack_memberships_contains_paid_content":false,"footnotes":""},"categories":[15],"tags":[],"class_list":["post-39547","post","type-post","status-publish","format-standard","has-post-thumbnail","hentry","category-comunidad"],"jetpack_featured_media_url":"https:\/\/i0.wp.com\/eltrabajo.cl\/portal\/wp-content\/uploads\/2013\/11\/pascua1.jpg?fit=529%2C494&ssl=1","jetpack_sharing_enabled":true,"jetpack_likes_enabled":true,"jetpack-related-posts":[],"_links":{"self":[{"href":"https:\/\/eltrabajo.cl\/portal\/wp-json\/wp\/v2\/posts\/39547","targetHints":{"allow":["GET"]}}],"collection":[{"href":"https:\/\/eltrabajo.cl\/portal\/wp-json\/wp\/v2\/posts"}],"about":[{"href":"https:\/\/eltrabajo.cl\/portal\/wp-json\/wp\/v2\/types\/post"}],"author":[{"embeddable":true,"href":"https:\/\/eltrabajo.cl\/portal\/wp-json\/wp\/v2\/users\/482"}],"replies":[{"embeddable":true,"href":"https:\/\/eltrabajo.cl\/portal\/wp-json\/wp\/v2\/comments?post=39547"}],"version-history":[{"count":0,"href":"https:\/\/eltrabajo.cl\/portal\/wp-json\/wp\/v2\/posts\/39547\/revisions"}],"wp:featuredmedia":[{"embeddable":true,"href":"https:\/\/eltrabajo.cl\/portal\/wp-json\/wp\/v2\/media\/39548"}],"wp:attachment":[{"href":"https:\/\/eltrabajo.cl\/portal\/wp-json\/wp\/v2\/media?parent=39547"}],"wp:term":[{"taxonomy":"category","embeddable":true,"href":"https:\/\/eltrabajo.cl\/portal\/wp-json\/wp\/v2\/categories?post=39547"},{"taxonomy":"post_tag","embeddable":true,"href":"https:\/\/eltrabajo.cl\/portal\/wp-json\/wp\/v2\/tags?post=39547"}],"curies":[{"name":"wp","href":"https:\/\/api.w.org\/{rel}","templated":true}]}}