{"id":39550,"date":"2013-11-14T09:34:30","date_gmt":"2013-11-14T12:34:30","guid":{"rendered":"http:\/\/www.eltrabajo.cl\/portal\/?p=39550"},"modified":"2013-11-14T09:34:30","modified_gmt":"2013-11-14T12:34:30","slug":"joven-actor-putaendino-nominado-como-mejor-artista-latinoamericano","status":"publish","type":"post","link":"https:\/\/eltrabajo.cl\/portal\/joven-actor-putaendino-nominado-como-mejor-artista-latinoamericano\/","title":{"rendered":"Joven actor putaendino nominado como mejor artista latinoamericano"},"content":{"rendered":"<figure id=\"attachment_39551\" aria-describedby=\"caption-attachment-39551\" style=\"width: 317px\" class=\"wp-caption alignleft\"><a href=\"https:\/\/i0.wp.com\/www.eltrabajo.cl\/portal\/wp-content\/uploads\/2013\/11\/claudio.jpg\"><img data-recalc-dims=\"1\" loading=\"lazy\" decoding=\"async\" class=\" wp-image-39551 \" title=\"Claudio Riquelme es un ejemplo de que los sue\u00f1os, con esfuerzo y dedicaci\u00f3n, se pueden llegar a concretar.\" alt=\"Claudio Riquelme es un ejemplo de que los sue\u00f1os, con esfuerzo y dedicaci\u00f3n, se pueden llegar a concretar.\" src=\"https:\/\/i0.wp.com\/www.eltrabajo.cl\/portal\/wp-content\/uploads\/2013\/11\/claudio.jpg?resize=317%2C169\" width=\"317\" height=\"169\" srcset=\"https:\/\/i0.wp.com\/eltrabajo.cl\/portal\/wp-content\/uploads\/2013\/11\/claudio.jpg?w=528&amp;ssl=1 528w, https:\/\/i0.wp.com\/eltrabajo.cl\/portal\/wp-content\/uploads\/2013\/11\/claudio.jpg?resize=200%2C106&amp;ssl=1 200w, https:\/\/i0.wp.com\/eltrabajo.cl\/portal\/wp-content\/uploads\/2013\/11\/claudio.jpg?resize=300%2C159&amp;ssl=1 300w, https:\/\/i0.wp.com\/eltrabajo.cl\/portal\/wp-content\/uploads\/2013\/11\/claudio.jpg?resize=150%2C79&amp;ssl=1 150w, https:\/\/i0.wp.com\/eltrabajo.cl\/portal\/wp-content\/uploads\/2013\/11\/claudio.jpg?resize=400%2C212&amp;ssl=1 400w\" sizes=\"auto, (max-width: 317px) 100vw, 317px\" \/><\/a><figcaption id=\"caption-attachment-39551\" class=\"wp-caption-text\">Claudio Riquelme es un ejemplo de que los sue\u00f1os, con esfuerzo y dedicaci\u00f3n, se pueden llegar a concretar.<\/figcaption><\/figure>\n<p>El actor y presentador putaendino, Claudio Patricio Riquelme Romero, se encuentra en un creciente y buen momento de su carrera art\u00edstica que ha internacionalizado, desde el momento en que toma la decisi\u00f3n de incursionar en el \u00e1mbito teatral y de la televisi\u00f3n en la ciudad de Bogot\u00e1, Colombia.<\/p>\n<p>All\u00ed ya arraigado y consolidado, ha sido protagonista de diversas inclusiones televisivas, incluyendo su trayectoria en tem\u00e1ticas de Sanaci\u00f3n Interior y Ayuda Espiritual a las personas, por medio de t\u00e9cnicas milenarias que ha ido perfeccionando en su diario devenir, y que le han permitido ser un puente de ayuda integral a muchas actrices, actores y personajes vinculados al mundo art\u00edstico internacional. Todo ello gracias al esfuerzo, el apoyo de su familia, del sector de Tabolango en Putaendo, y su manager Colombiana de artistas de destacada trayectoria , Liliana Cer\u00f3n, quien con su experticia y aciertos, ha logrado vincular a Claudio Patricio en los lugares y trabajos actorales y de presentaci\u00f3n adecuados, y en los momentos justos.<\/p>\n<p>Hoy el actor putaendino ha recibido una importante nominaci\u00f3n al premio como artista destacado postulante a la representaci\u00f3n de Chile en Am\u00e9rica Central de la Asociaci\u00f3n Internacional de Artistas AiA (con sede en Oporto, Portugal). La Asociaci\u00f3n AiA donde solo algunos artistas tienen el privilegio de pertenecer ha convocado a este artista de nuestra tierra aconcag\u00fcina, a formar parte de sus filas en 2008 hasta la fecha, en que diversos artistas del mundo lo proponen como encargado de Am\u00e9rica central en representaci\u00f3n de Chile.<\/p>\n<p>Para ello Patricio viaja este 22 de noviembre 2013 desde Bogot\u00e1, Colombia, donde actualmente tiene su residencia, a Estados Unidos a recibir los resultados de la nominaci\u00f3n y adem\u00e1s a compartir experiencias con diversos y destacados artistas del mundo.<\/p>\n<p>Su viaje a Estados Unidos tambi\u00e9n coincide con una serie de reuniones por futuros proyectos de tv y cine en el pa\u00eds Norteamericano.<\/p>\n<p>En entrevista exclusiva con nuestro medio indica: \u201cDejo algunos proyectos en pausa en Colombia, para poder disfrutar de este regalo que Dios y mis colegas artistas me entregan. Sea cual sea el resultado, llevo en mi mente mi ciudad de San Felipe querido, mi hermoso y emprendedor Valle del Aconcagua y mi pujante comuna de Putaendo, mi familia, de quienes son estos peque\u00f1os pasos\u201d, dice el actor putaendino.<\/p>\n<p>Patricio Gallardo M.<\/p>\n<p>&nbsp;<\/p>\n","protected":false},"excerpt":{"rendered":"<p>El actor y presentador putaendino, Claudio Patricio Riquelme Romero, se encuentra en un creciente y buen momento de su carrera art\u00edstica que ha internacionalizado, desde el momento en que toma la decisi\u00f3n&#8230;<\/p>\n","protected":false},"author":482,"featured_media":39551,"comment_status":"open","ping_status":"closed","sticky":false,"template":"","format":"standard","meta":{"advanced_seo_description":"","jetpack_seo_html_title":"","jetpack_seo_noindex":false,"_jetpack_memberships_contains_paid_content":false,"footnotes":""},"categories":[15],"tags":[],"class_list":["post-39550","post","type-post","status-publish","format-standard","has-post-thumbnail","hentry","category-comunidad"],"jetpack_featured_media_url":"https:\/\/i0.wp.com\/eltrabajo.cl\/portal\/wp-content\/uploads\/2013\/11\/claudio.jpg?fit=528%2C281&ssl=1","jetpack_sharing_enabled":true,"jetpack_likes_enabled":true,"jetpack-related-posts":[],"_links":{"self":[{"href":"https:\/\/eltrabajo.cl\/portal\/wp-json\/wp\/v2\/posts\/39550","targetHints":{"allow":["GET"]}}],"collection":[{"href":"https:\/\/eltrabajo.cl\/portal\/wp-json\/wp\/v2\/posts"}],"about":[{"href":"https:\/\/eltrabajo.cl\/portal\/wp-json\/wp\/v2\/types\/post"}],"author":[{"embeddable":true,"href":"https:\/\/eltrabajo.cl\/portal\/wp-json\/wp\/v2\/users\/482"}],"replies":[{"embeddable":true,"href":"https:\/\/eltrabajo.cl\/portal\/wp-json\/wp\/v2\/comments?post=39550"}],"version-history":[{"count":0,"href":"https:\/\/eltrabajo.cl\/portal\/wp-json\/wp\/v2\/posts\/39550\/revisions"}],"wp:featuredmedia":[{"embeddable":true,"href":"https:\/\/eltrabajo.cl\/portal\/wp-json\/wp\/v2\/media\/39551"}],"wp:attachment":[{"href":"https:\/\/eltrabajo.cl\/portal\/wp-json\/wp\/v2\/media?parent=39550"}],"wp:term":[{"taxonomy":"category","embeddable":true,"href":"https:\/\/eltrabajo.cl\/portal\/wp-json\/wp\/v2\/categories?post=39550"},{"taxonomy":"post_tag","embeddable":true,"href":"https:\/\/eltrabajo.cl\/portal\/wp-json\/wp\/v2\/tags?post=39550"}],"curies":[{"name":"wp","href":"https:\/\/api.w.org\/{rel}","templated":true}]}}