{"id":39553,"date":"2013-11-14T09:36:13","date_gmt":"2013-11-14T12:36:13","guid":{"rendered":"http:\/\/www.eltrabajo.cl\/portal\/?p=39553"},"modified":"2013-11-14T09:36:13","modified_gmt":"2013-11-14T12:36:13","slug":"comunidad-educativa-del-liceo-san-felipe-celebro-109-anos-de-existencia","status":"publish","type":"post","link":"https:\/\/eltrabajo.cl\/portal\/comunidad-educativa-del-liceo-san-felipe-celebro-109-anos-de-existencia\/","title":{"rendered":"Comunidad educativa del Liceo San Felipe celebr\u00f3 109 a\u00f1os de existencia"},"content":{"rendered":"<figure id=\"attachment_39554\" aria-describedby=\"caption-attachment-39554\" style=\"width: 528px\" class=\"wp-caption alignnone\"><a href=\"https:\/\/i0.wp.com\/www.eltrabajo.cl\/portal\/wp-content\/uploads\/2013\/11\/aniversario2.jpg\"><img data-recalc-dims=\"1\" loading=\"lazy\" decoding=\"async\" class=\"size-full wp-image-39554\" title=\"Alcalde Freire celebr\u00f3 junto a la comunidad educativa del Liceo San Felipe sus 109 a\u00f1os de existencia \" alt=\"Alcalde Freire celebr\u00f3 junto a la comunidad educativa del Liceo San Felipe sus 109 a\u00f1os de existencia \" src=\"https:\/\/i0.wp.com\/www.eltrabajo.cl\/portal\/wp-content\/uploads\/2013\/11\/aniversario2.jpg?resize=528%2C397\" width=\"528\" height=\"397\" srcset=\"https:\/\/i0.wp.com\/eltrabajo.cl\/portal\/wp-content\/uploads\/2013\/11\/aniversario2.jpg?w=528&amp;ssl=1 528w, https:\/\/i0.wp.com\/eltrabajo.cl\/portal\/wp-content\/uploads\/2013\/11\/aniversario2.jpg?resize=200%2C150&amp;ssl=1 200w, https:\/\/i0.wp.com\/eltrabajo.cl\/portal\/wp-content\/uploads\/2013\/11\/aniversario2.jpg?resize=300%2C225&amp;ssl=1 300w, https:\/\/i0.wp.com\/eltrabajo.cl\/portal\/wp-content\/uploads\/2013\/11\/aniversario2.jpg?resize=150%2C112&amp;ssl=1 150w, https:\/\/i0.wp.com\/eltrabajo.cl\/portal\/wp-content\/uploads\/2013\/11\/aniversario2.jpg?resize=400%2C300&amp;ssl=1 400w\" sizes=\"auto, (max-width: 528px) 100vw, 528px\" \/><\/a><figcaption id=\"caption-attachment-39554\" class=\"wp-caption-text\">Alcalde Freire celebr\u00f3 junto a la comunidad educativa del Liceo San Felipe sus 109 a\u00f1os de existencia<\/figcaption><\/figure>\n<p>Ciento nueve a\u00f1os de existencia cumpli\u00f3 el 5 de noviembre pasado el Liceo San Felipe de nuestra comuna y la fecha la celebraron \u00e9ste mi\u00e9rcoles con un desayuno donde participaron el Alcalde Patricio Freire, todos los alumnos, profesores y el centro de padres y apoderados.<\/p>\n<p>Reunidos todos en el patio del establecimiento educacional, los alumnos, profesores y autoridades disfrutaron de un rico desayuno, donde adem\u00e1s la direcci\u00f3n del liceo entreg\u00f3 reconocimientos a algunos de los asistentes.<\/p>\n<p>En la ocasi\u00f3n el Alcalde Freire destac\u00f3 el trabajo que se realiza al interior de los establecimientos municipalizados, y por ello enfatiz\u00f3 el compromiso que existe con ellos al ir cumpliendo con distintos compromisos con este sector, como por ejemplo cancelar lo adeudado a los profesores por Bono SAE, el mejoramiento de algunos establecimientos a trav\u00e9s de importantes proyectos que ya se comenzar\u00e1n a ejecutar.<\/p>\n<p>\u201cEstamos cumpliendo con la educaci\u00f3n p\u00fablica municipal, hoy d\u00eda estamos en un liceo centenario, como este Liceo San Felipe, que tiene una matr\u00edcula de alrededor de 270 alumnos, y estamos muy contentos de estar ac\u00e1, por el trabajo que se est\u00e1 realizando al interior de este establecimiento, por eso destacar el trabajo de la directora y mantenemos el compromiso del municipio para sacar adelante la educaci\u00f3n municipal\u201d, dijo el jefe comunal.<\/p>\n<p>Carmen Gloria V\u00e1squez, directora del establecimiento, destac\u00f3 la importancia de la fecha, se\u00f1alando que d\u00eda a d\u00eda el liceo contin\u00faa avanzando y mejorando el trabajo que se realiza al interior del establecimiento.<\/p>\n<p>\u201cEn el Liceo San Felipe nos estamos consolidando y trabajando como comunidad educativa, padres, profesores y alumnos en que este establecimiento sea una respuesta a las necesidades de la comunidad\u201d, dijo la directora.<\/p>\n<p>Consultada por los desaf\u00edos que como cuerpo directivo se han planteado, V\u00e1squez se\u00f1al\u00f3 que buscan subir los puntajes de las distintas pruebas que deben rendir los alumnos, y alcanzar mejores niveles acad\u00e9micos. \u201cPorque los alumnos son capaces de hacerlo, eso lo tenemos claro\u201d, enfatiz\u00f3 la profesional.<\/p>\n<p>&nbsp;<\/p>\n","protected":false},"excerpt":{"rendered":"<p>Ciento nueve a\u00f1os de existencia cumpli\u00f3 el 5 de noviembre pasado el Liceo San Felipe de nuestra comuna y la fecha la celebraron \u00e9ste mi\u00e9rcoles con un desayuno donde participaron el Alcalde&#8230;<\/p>\n","protected":false},"author":482,"featured_media":39554,"comment_status":"open","ping_status":"closed","sticky":false,"template":"","format":"standard","meta":{"advanced_seo_description":"","jetpack_seo_html_title":"","jetpack_seo_noindex":false,"_jetpack_memberships_contains_paid_content":false,"footnotes":""},"categories":[15],"tags":[],"class_list":["post-39553","post","type-post","status-publish","format-standard","has-post-thumbnail","hentry","category-comunidad"],"jetpack_featured_media_url":"https:\/\/i0.wp.com\/eltrabajo.cl\/portal\/wp-content\/uploads\/2013\/11\/aniversario2.jpg?fit=528%2C397&ssl=1","jetpack_sharing_enabled":true,"jetpack_likes_enabled":true,"jetpack-related-posts":[],"_links":{"self":[{"href":"https:\/\/eltrabajo.cl\/portal\/wp-json\/wp\/v2\/posts\/39553","targetHints":{"allow":["GET"]}}],"collection":[{"href":"https:\/\/eltrabajo.cl\/portal\/wp-json\/wp\/v2\/posts"}],"about":[{"href":"https:\/\/eltrabajo.cl\/portal\/wp-json\/wp\/v2\/types\/post"}],"author":[{"embeddable":true,"href":"https:\/\/eltrabajo.cl\/portal\/wp-json\/wp\/v2\/users\/482"}],"replies":[{"embeddable":true,"href":"https:\/\/eltrabajo.cl\/portal\/wp-json\/wp\/v2\/comments?post=39553"}],"version-history":[{"count":0,"href":"https:\/\/eltrabajo.cl\/portal\/wp-json\/wp\/v2\/posts\/39553\/revisions"}],"wp:featuredmedia":[{"embeddable":true,"href":"https:\/\/eltrabajo.cl\/portal\/wp-json\/wp\/v2\/media\/39554"}],"wp:attachment":[{"href":"https:\/\/eltrabajo.cl\/portal\/wp-json\/wp\/v2\/media?parent=39553"}],"wp:term":[{"taxonomy":"category","embeddable":true,"href":"https:\/\/eltrabajo.cl\/portal\/wp-json\/wp\/v2\/categories?post=39553"},{"taxonomy":"post_tag","embeddable":true,"href":"https:\/\/eltrabajo.cl\/portal\/wp-json\/wp\/v2\/tags?post=39553"}],"curies":[{"name":"wp","href":"https:\/\/api.w.org\/{rel}","templated":true}]}}