{"id":39556,"date":"2013-11-14T09:37:31","date_gmt":"2013-11-14T12:37:31","guid":{"rendered":"http:\/\/www.eltrabajo.cl\/portal\/?p=39556"},"modified":"2013-11-14T09:37:31","modified_gmt":"2013-11-14T12:37:31","slug":"seremi-aprueba-cierre-de-acceso-a-laguna-del-inca-por-parte-del-hotel-portillo","status":"publish","type":"post","link":"https:\/\/eltrabajo.cl\/portal\/seremi-aprueba-cierre-de-acceso-a-laguna-del-inca-por-parte-del-hotel-portillo\/","title":{"rendered":"Seremi aprueba cierre de acceso a Laguna del Inca por parte del Hotel Portillo"},"content":{"rendered":"<figure id=\"attachment_39557\" aria-describedby=\"caption-attachment-39557\" style=\"width: 529px\" class=\"wp-caption alignnone\"><a href=\"https:\/\/i0.wp.com\/www.eltrabajo.cl\/portal\/wp-content\/uploads\/2013\/11\/portillo-in5.jpg\"><img data-recalc-dims=\"1\" loading=\"lazy\" decoding=\"async\" class=\"size-full wp-image-39557\" title=\"El acceso a la Laguna del Inca, patrimonio del Valle de Aconcagua, fue cerrado por el Hotel Portillo, empresa perteneciente a un ciudadano extranjero.\" alt=\"El acceso a la Laguna del Inca, patrimonio del Valle de Aconcagua, fue cerrado por el Hotel Portillo, empresa perteneciente a un ciudadano extranjero.\" src=\"https:\/\/i0.wp.com\/www.eltrabajo.cl\/portal\/wp-content\/uploads\/2013\/11\/portillo-in5.jpg?resize=529%2C352\" width=\"529\" height=\"352\" srcset=\"https:\/\/i0.wp.com\/eltrabajo.cl\/portal\/wp-content\/uploads\/2013\/11\/portillo-in5.jpg?w=529&amp;ssl=1 529w, https:\/\/i0.wp.com\/eltrabajo.cl\/portal\/wp-content\/uploads\/2013\/11\/portillo-in5.jpg?resize=200%2C133&amp;ssl=1 200w, https:\/\/i0.wp.com\/eltrabajo.cl\/portal\/wp-content\/uploads\/2013\/11\/portillo-in5.jpg?resize=300%2C199&amp;ssl=1 300w, https:\/\/i0.wp.com\/eltrabajo.cl\/portal\/wp-content\/uploads\/2013\/11\/portillo-in5.jpg?resize=150%2C99&amp;ssl=1 150w, https:\/\/i0.wp.com\/eltrabajo.cl\/portal\/wp-content\/uploads\/2013\/11\/portillo-in5.jpg?resize=400%2C266&amp;ssl=1 400w\" sizes=\"auto, (max-width: 529px) 100vw, 529px\" \/><\/a><figcaption id=\"caption-attachment-39557\" class=\"wp-caption-text\">El acceso a la Laguna del Inca, patrimonio del Valle de Aconcagua, fue cerrado por el Hotel Portillo, empresa perteneciente a un ciudadano extranjero.<\/figcaption><\/figure>\n<p><strong>LOS ANDES.<\/strong>&#8211; En respuesta al reclamo interpuesto por el alcalde Mauricio Navarro, la Seremi de Bienes Nacionales aval\u00f3 el cierre de los accesos a la laguna del Inca durante la temporada invernal por parte de la administraci\u00f3n del Hotel Portillo.<\/p>\n<p>Como se recordar\u00e1, tanto el alcalde Navarro como el concejal Benigno Retamal hab\u00edan reclamado porque el Hotel imped\u00eda el acceso a la laguna en invierno a personas que no alojaban en el centro invernal debido a razones de seguridad.<\/p>\n<p>A ra\u00edz de ello se present\u00f3 un reclamo ante Bienes Nacionales a fin de que clarificara la situaci\u00f3n, por cuanto a su juicio la laguna es un bien de uso p\u00fablico.<\/p>\n<p>Sin embargo, la Seremi de Bienes Nacionales, Paola La Roca, aclar\u00f3 que la laguna no constituye un bien de uso p\u00fablico debido a que \u00e9sta no es navegable por un buque que supere las 100 toneladas y no hay derechos de aprovechamientos de sus aguas, \u201csiendo su \u00e1lveo o cauce y sus riberas de dominio fiscal\u201d.<\/p>\n<p>Sobre esta decisi\u00f3n, la Jefa de Comunicaciones del centro de Sky Portillo, Ver\u00f3nica Soto, valor\u00f3 la determinaci\u00f3n adoptada por la Seremi, pues no corresponde mantener una v\u00eda de acceso a un lugar que no es de uso p\u00fablico.<\/p>\n<p>La propiedad que rodea a la laguna fue vendida por Corfo a la Inmobiliaria Portillo, cuya inscripci\u00f3n se realiz\u00f3 en el registro de propiedad del Conservador de Bienes Ra\u00edces de Los Andes en 1963.<\/p>\n<p>Con posterioridad, el predio fue adquirido por la Sociedad Hotel Portillo Limitada -en la actualidad Sky Portillo S.A.- que registr\u00f3 el dominio en 1994.<\/p>\n<p>&nbsp;<\/p>\n","protected":false},"excerpt":{"rendered":"<p>LOS ANDES.&#8211; En respuesta al reclamo interpuesto por el alcalde Mauricio Navarro, la Seremi de Bienes Nacionales aval\u00f3 el cierre de los accesos a la laguna del Inca durante la temporada invernal&#8230;<\/p>\n","protected":false},"author":482,"featured_media":39557,"comment_status":"open","ping_status":"closed","sticky":false,"template":"","format":"standard","meta":{"advanced_seo_description":"","jetpack_seo_html_title":"","jetpack_seo_noindex":false,"_jetpack_memberships_contains_paid_content":false,"footnotes":""},"categories":[1],"tags":[],"class_list":["post-39556","post","type-post","status-publish","format-standard","has-post-thumbnail","hentry","category-cronica"],"jetpack_featured_media_url":"https:\/\/i0.wp.com\/eltrabajo.cl\/portal\/wp-content\/uploads\/2013\/11\/portillo-in5.jpg?fit=529%2C352&ssl=1","jetpack_sharing_enabled":true,"jetpack_likes_enabled":true,"jetpack-related-posts":[],"_links":{"self":[{"href":"https:\/\/eltrabajo.cl\/portal\/wp-json\/wp\/v2\/posts\/39556","targetHints":{"allow":["GET"]}}],"collection":[{"href":"https:\/\/eltrabajo.cl\/portal\/wp-json\/wp\/v2\/posts"}],"about":[{"href":"https:\/\/eltrabajo.cl\/portal\/wp-json\/wp\/v2\/types\/post"}],"author":[{"embeddable":true,"href":"https:\/\/eltrabajo.cl\/portal\/wp-json\/wp\/v2\/users\/482"}],"replies":[{"embeddable":true,"href":"https:\/\/eltrabajo.cl\/portal\/wp-json\/wp\/v2\/comments?post=39556"}],"version-history":[{"count":0,"href":"https:\/\/eltrabajo.cl\/portal\/wp-json\/wp\/v2\/posts\/39556\/revisions"}],"wp:featuredmedia":[{"embeddable":true,"href":"https:\/\/eltrabajo.cl\/portal\/wp-json\/wp\/v2\/media\/39557"}],"wp:attachment":[{"href":"https:\/\/eltrabajo.cl\/portal\/wp-json\/wp\/v2\/media?parent=39556"}],"wp:term":[{"taxonomy":"category","embeddable":true,"href":"https:\/\/eltrabajo.cl\/portal\/wp-json\/wp\/v2\/categories?post=39556"},{"taxonomy":"post_tag","embeddable":true,"href":"https:\/\/eltrabajo.cl\/portal\/wp-json\/wp\/v2\/tags?post=39556"}],"curies":[{"name":"wp","href":"https:\/\/api.w.org\/{rel}","templated":true}]}}