{"id":39559,"date":"2013-11-14T09:38:37","date_gmt":"2013-11-14T12:38:37","guid":{"rendered":"http:\/\/www.eltrabajo.cl\/portal\/?p=39559"},"modified":"2013-11-14T09:38:37","modified_gmt":"2013-11-14T12:38:37","slug":"nace-fidelio-para-llevar-el-arte-a-las-calles-de-nuestra-provincia","status":"publish","type":"post","link":"https:\/\/eltrabajo.cl\/portal\/nace-fidelio-para-llevar-el-arte-a-las-calles-de-nuestra-provincia\/","title":{"rendered":"Nace &#8216;Fidelio&#8217; para llevar el arte a las calles de nuestra provincia"},"content":{"rendered":"<figure id=\"attachment_39560\" aria-describedby=\"caption-attachment-39560\" style=\"width: 528px\" class=\"wp-caption alignnone\"><a href=\"https:\/\/i0.wp.com\/www.eltrabajo.cl\/portal\/wp-content\/uploads\/2013\/11\/fidelio1.jpg\"><img data-recalc-dims=\"1\" loading=\"lazy\" decoding=\"async\" class=\"size-full wp-image-39560\" title=\"Los chicos de Fidelio visitaron Radio 10 y Diario El Trabajo para promocionar su propuesta y el evento de ma\u00f1ana viernes en Bar Aries.\" alt=\"Los chicos de Fidelio visitaron Radio 10 y Diario El Trabajo para promocionar su propuesta y el evento de ma\u00f1ana viernes en Bar Aries.\" src=\"https:\/\/i0.wp.com\/www.eltrabajo.cl\/portal\/wp-content\/uploads\/2013\/11\/fidelio1.jpg?resize=528%2C353\" width=\"528\" height=\"353\" srcset=\"https:\/\/i0.wp.com\/eltrabajo.cl\/portal\/wp-content\/uploads\/2013\/11\/fidelio1.jpg?w=528&amp;ssl=1 528w, https:\/\/i0.wp.com\/eltrabajo.cl\/portal\/wp-content\/uploads\/2013\/11\/fidelio1.jpg?resize=200%2C133&amp;ssl=1 200w, https:\/\/i0.wp.com\/eltrabajo.cl\/portal\/wp-content\/uploads\/2013\/11\/fidelio1.jpg?resize=300%2C200&amp;ssl=1 300w, https:\/\/i0.wp.com\/eltrabajo.cl\/portal\/wp-content\/uploads\/2013\/11\/fidelio1.jpg?resize=150%2C100&amp;ssl=1 150w, https:\/\/i0.wp.com\/eltrabajo.cl\/portal\/wp-content\/uploads\/2013\/11\/fidelio1.jpg?resize=400%2C267&amp;ssl=1 400w\" sizes=\"auto, (max-width: 528px) 100vw, 528px\" \/><\/a><figcaption id=\"caption-attachment-39560\" class=\"wp-caption-text\">Los chicos de Fidelio visitaron Radio 10 y Diario El Trabajo para promocionar su propuesta y el evento de ma\u00f1ana viernes en Bar Aries.<\/figcaption><\/figure>\n<p>Una nueva expresi\u00f3n popular en las calles se hace escuchar en San Felipe, pero esta vez los protagonistas se tomar\u00e1n el Bar Aries, se trata de \u2018Fidelio\u2019, un grupo de 20 artistas locales que idearon organizarse para que la m\u00fasica; el teatro; la poes\u00eda; las acrobacias y el malabarismo, no se limiten a escenarios de cuatro paredes y que mejor est\u00e9n desarroll\u00e1ndose en nuestras calles.<\/p>\n<p>\u00abMi familia me apoya en todo este proyecto, me encanta poder presentar mi arte en las calles, pues no cobramos dinero por hacerlo, sin embargo este viernes 15 de noviembre s\u00ed que cobraremos s\u00f3lo $500 por entrada, dinero que nos servir\u00e1 para arrancar con este proyecto\u00bb, asegur\u00f3 a Diario El Trabajo P\u00eda Jeldes, artista del Grupo Fidelio.<\/p>\n<p>Por su parte Oscar Reyes, artista y vocero de la agrupaci\u00f3n, explic\u00f3 a nuestro medio que \u00ablo que anhelamos tambi\u00e9n, es que en un futuro cercano podamos pronto realizar un festival de arte al aire libre, y que \u00e9ste se convierta en un referente de San Felipe, por lo que buscamos tambi\u00e9n a otros artistas para que participen con nosotros\u00bb.<\/p>\n<p>El evento de este viernes inicia a las 17:00 horas y en el mismo habr\u00e1 una serie de sorpresas art\u00edsticas que Fidelio han preparado. Los interesados en conocer m\u00e1s sobre esta propuesta art\u00edstica, pueden llamar al fono 6167 2391.<\/p>\n<p>Roberto Gonz\u00e1lez Short<\/p>\n<p>rgonzalez@eltrabajo.cl<\/p>\n<p>&nbsp;<\/p>\n","protected":false},"excerpt":{"rendered":"<p>Una nueva expresi\u00f3n popular en las calles se hace escuchar en San Felipe, pero esta vez los protagonistas se tomar\u00e1n el Bar Aries, se trata de \u2018Fidelio\u2019, un grupo de 20 artistas&#8230;<\/p>\n","protected":false},"author":482,"featured_media":39560,"comment_status":"open","ping_status":"closed","sticky":false,"template":"","format":"standard","meta":{"advanced_seo_description":"","jetpack_seo_html_title":"","jetpack_seo_noindex":false,"_jetpack_memberships_contains_paid_content":false,"footnotes":""},"categories":[15],"tags":[],"class_list":["post-39559","post","type-post","status-publish","format-standard","has-post-thumbnail","hentry","category-comunidad"],"jetpack_featured_media_url":"https:\/\/i0.wp.com\/eltrabajo.cl\/portal\/wp-content\/uploads\/2013\/11\/fidelio1.jpg?fit=528%2C353&ssl=1","jetpack_sharing_enabled":true,"jetpack_likes_enabled":true,"jetpack-related-posts":[],"_links":{"self":[{"href":"https:\/\/eltrabajo.cl\/portal\/wp-json\/wp\/v2\/posts\/39559","targetHints":{"allow":["GET"]}}],"collection":[{"href":"https:\/\/eltrabajo.cl\/portal\/wp-json\/wp\/v2\/posts"}],"about":[{"href":"https:\/\/eltrabajo.cl\/portal\/wp-json\/wp\/v2\/types\/post"}],"author":[{"embeddable":true,"href":"https:\/\/eltrabajo.cl\/portal\/wp-json\/wp\/v2\/users\/482"}],"replies":[{"embeddable":true,"href":"https:\/\/eltrabajo.cl\/portal\/wp-json\/wp\/v2\/comments?post=39559"}],"version-history":[{"count":0,"href":"https:\/\/eltrabajo.cl\/portal\/wp-json\/wp\/v2\/posts\/39559\/revisions"}],"wp:featuredmedia":[{"embeddable":true,"href":"https:\/\/eltrabajo.cl\/portal\/wp-json\/wp\/v2\/media\/39560"}],"wp:attachment":[{"href":"https:\/\/eltrabajo.cl\/portal\/wp-json\/wp\/v2\/media?parent=39559"}],"wp:term":[{"taxonomy":"category","embeddable":true,"href":"https:\/\/eltrabajo.cl\/portal\/wp-json\/wp\/v2\/categories?post=39559"},{"taxonomy":"post_tag","embeddable":true,"href":"https:\/\/eltrabajo.cl\/portal\/wp-json\/wp\/v2\/tags?post=39559"}],"curies":[{"name":"wp","href":"https:\/\/api.w.org\/{rel}","templated":true}]}}