{"id":39562,"date":"2013-11-14T09:39:52","date_gmt":"2013-11-14T12:39:52","guid":{"rendered":"http:\/\/www.eltrabajo.cl\/portal\/?p=39562"},"modified":"2013-11-14T09:39:52","modified_gmt":"2013-11-14T12:39:52","slug":"baja-fue-la-adhesion-al-paro-de-los-servicios-publicos-en-san-felipe","status":"publish","type":"post","link":"https:\/\/eltrabajo.cl\/portal\/baja-fue-la-adhesion-al-paro-de-los-servicios-publicos-en-san-felipe\/","title":{"rendered":"Baja fue la adhesi\u00f3n al paro de los servicios p\u00fablicos en San Felipe"},"content":{"rendered":"<figure id=\"attachment_39563\" aria-describedby=\"caption-attachment-39563\" style=\"width: 317px\" class=\"wp-caption alignleft\"><a href=\"https:\/\/i0.wp.com\/www.eltrabajo.cl\/portal\/wp-content\/uploads\/2013\/11\/gobernadora-2.jpg\"><img data-recalc-dims=\"1\" loading=\"lazy\" decoding=\"async\" class=\" wp-image-39563 \" title=\"La gobernadora pidi\u00f3 en lo posible que los servicios p\u00fablicos dispongan turnos \u00e9ticos, en caso de paralizar este jueves.\" alt=\"La gobernadora pidi\u00f3 en lo posible que los servicios p\u00fablicos dispongan turnos \u00e9ticos, en caso de paralizar este jueves.\" src=\"https:\/\/i0.wp.com\/www.eltrabajo.cl\/portal\/wp-content\/uploads\/2013\/11\/gobernadora-2.jpg?resize=317%2C270\" width=\"317\" height=\"270\" srcset=\"https:\/\/i0.wp.com\/eltrabajo.cl\/portal\/wp-content\/uploads\/2013\/11\/gobernadora-2.jpg?w=529&amp;ssl=1 529w, https:\/\/i0.wp.com\/eltrabajo.cl\/portal\/wp-content\/uploads\/2013\/11\/gobernadora-2.jpg?resize=176%2C150&amp;ssl=1 176w, https:\/\/i0.wp.com\/eltrabajo.cl\/portal\/wp-content\/uploads\/2013\/11\/gobernadora-2.jpg?resize=300%2C255&amp;ssl=1 300w, https:\/\/i0.wp.com\/eltrabajo.cl\/portal\/wp-content\/uploads\/2013\/11\/gobernadora-2.jpg?resize=150%2C127&amp;ssl=1 150w, https:\/\/i0.wp.com\/eltrabajo.cl\/portal\/wp-content\/uploads\/2013\/11\/gobernadora-2.jpg?resize=400%2C340&amp;ssl=1 400w\" sizes=\"auto, (max-width: 317px) 100vw, 317px\" \/><\/a><figcaption id=\"caption-attachment-39563\" class=\"wp-caption-text\">La gobernadora pidi\u00f3 en lo posible que los servicios p\u00fablicos dispongan turnos \u00e9ticos, en caso de paralizar este jueves.<\/figcaption><\/figure>\n<ul>\n<li><strong>Gobernadora confirm\u00f3 que autoriz\u00f3 la realizaci\u00f3n de un acto en la Plaza C\u00edvica, a solicitud de la Central Unitaria de Trabajadores de San Felipe.<\/strong><\/li>\n<\/ul>\n<p>Una baja adhesi\u00f3n de funcionarios registr\u00f3 ayer, la primera de dos jornadas de paro a que convoc\u00f3 la Mesa del Sector P\u00fablico, tras suspenderse el martes la reuni\u00f3n con el Ministerio de Hacienda, donde se avanzar\u00eda en la discusi\u00f3n del reajuste salarial para 2014.<\/p>\n<p>La informaci\u00f3n la entreg\u00f3 la gobernadora provincial Patricia Boffa, quien se\u00f1al\u00f3 que en general, la gran mayor\u00eda de los servicios p\u00fablicos atendi\u00f3 de manera normal, sin que se registraran mayores dificultades, aun cuando hubo algunas reparticiones donde se plegaron al movimiento.<\/p>\n<p>La autoridad provincial manifest\u00f3 que hubo servicios como el IPS Chile Atiende que oper\u00f3 con turno \u00e9tico, al igual que la Inspecci\u00f3n del Trabajo, mientras que el Servicio de Impuestos Internos no atendi\u00f3. A nivel de Educaci\u00f3n, los establecimientos educacionales trabajaron normalmente, mientras que en el \u00e1rea de la salud, el Cesfam Segismundo Iturra dispuso un plan de contingencia para responder a los casos m\u00e1s urgentes de usuarios.<\/p>\n<p>Se espera que en el d\u00eda de hoy en tanto, la adhesi\u00f3n aumente, no obstante los funcionarios han resuelto esta situaci\u00f3n en asambleas que desarrollan a primera hora de la ma\u00f1ana, tal como ocurri\u00f3 ayer.<\/p>\n<p>La gobernadora Patricia Boffa manifest\u00f3 que \u201cel paro tuvo una adhesi\u00f3n muy baja en San Felipe, ni se realizaron marchas\u201d.<\/p>\n<p>A\u00f1adi\u00f3, eso s\u00ed, que en la ma\u00f1ana de ayer hab\u00eda ingresado una solicitud de la CUT Provincial San Felipe para utilizar la Plaza C\u00edvica, a objeto de realizar una actividad de los empleados p\u00fablicos movilizados.<\/p>\n<p>\u201cTenemos una solicitud para este jueves en la ma\u00f1ana, no es para realizar una marcha, sino un acto en la Plaza C\u00edvica. Esa es la \u00fanica solicitud que nos ha llegado. Estamos haciendo la documentaci\u00f3n con la autorizaci\u00f3n correspondiente\u201d, dijo la autoridad.<\/p>\n<p>Patricia Boffa en todo caso, formul\u00f3 un llamado a los empleados p\u00fablicos a realizar turnos \u00e9ticos, explicando que hay personas que necesitan con urgencia hacer tr\u00e1mites, sobre todo en el caso del Servicio de Impuestos Internos. Asimismo, pidi\u00f3 manifestarse de manera pac\u00edfica y sin ocasionar disturbios que pongan en riesgo el orden y la seguridad de la ciudad.<\/p>\n<p>&nbsp;<\/p>\n<p><strong>TOMA DE RUTA 5 NORTE<\/strong><\/p>\n<p>La gobernadora inform\u00f3 que en el marco del paro de los funcionarios municipales, unos cuarenta empleados de las municipalidades de Catemu y Llay Llay realizaron una toma de la Ruta 5 Norte a la altura de Las Palmas.<\/p>\n<p>La ocupaci\u00f3n de la carretera con la colocaci\u00f3n de barricadas y quema de neum\u00e1ticos se prolong\u00f3 por alrededor de 15 minutos, luego que el prefecto operativo de Carabineros, comandante Francisco Castro, dialogara con dirigentes de la Asemuch.<\/p>\n<p>\u201cSe interrumpi\u00f3 el tr\u00e1nsito por 10 a 12 minutos, eso fue todo, r\u00e1pidamente hubo un despeje de la ruta porque quemaron neum\u00e1ticos, pero no se registr\u00f3 ning\u00fan otro hecho en la provincia, solo esta situaci\u00f3n\u201d, se\u00f1al\u00f3 la gobernadora Patricia Boffa.<\/p>\n<p>&nbsp;<\/p>\n","protected":false},"excerpt":{"rendered":"<p>Gobernadora confirm\u00f3 que autoriz\u00f3 la realizaci\u00f3n de un acto en la Plaza C\u00edvica, a solicitud de la Central Unitaria de Trabajadores de San Felipe. Una baja adhesi\u00f3n de funcionarios registr\u00f3 ayer, la&#8230;<\/p>\n","protected":false},"author":482,"featured_media":39563,"comment_status":"open","ping_status":"closed","sticky":false,"template":"","format":"standard","meta":{"advanced_seo_description":"","jetpack_seo_html_title":"","jetpack_seo_noindex":false,"_jetpack_memberships_contains_paid_content":false,"footnotes":""},"categories":[1],"tags":[],"class_list":["post-39562","post","type-post","status-publish","format-standard","has-post-thumbnail","hentry","category-cronica"],"jetpack_featured_media_url":"https:\/\/i0.wp.com\/eltrabajo.cl\/portal\/wp-content\/uploads\/2013\/11\/gobernadora-2.jpg?fit=529%2C450&ssl=1","jetpack_sharing_enabled":true,"jetpack_likes_enabled":true,"jetpack-related-posts":[],"_links":{"self":[{"href":"https:\/\/eltrabajo.cl\/portal\/wp-json\/wp\/v2\/posts\/39562","targetHints":{"allow":["GET"]}}],"collection":[{"href":"https:\/\/eltrabajo.cl\/portal\/wp-json\/wp\/v2\/posts"}],"about":[{"href":"https:\/\/eltrabajo.cl\/portal\/wp-json\/wp\/v2\/types\/post"}],"author":[{"embeddable":true,"href":"https:\/\/eltrabajo.cl\/portal\/wp-json\/wp\/v2\/users\/482"}],"replies":[{"embeddable":true,"href":"https:\/\/eltrabajo.cl\/portal\/wp-json\/wp\/v2\/comments?post=39562"}],"version-history":[{"count":0,"href":"https:\/\/eltrabajo.cl\/portal\/wp-json\/wp\/v2\/posts\/39562\/revisions"}],"wp:featuredmedia":[{"embeddable":true,"href":"https:\/\/eltrabajo.cl\/portal\/wp-json\/wp\/v2\/media\/39563"}],"wp:attachment":[{"href":"https:\/\/eltrabajo.cl\/portal\/wp-json\/wp\/v2\/media?parent=39562"}],"wp:term":[{"taxonomy":"category","embeddable":true,"href":"https:\/\/eltrabajo.cl\/portal\/wp-json\/wp\/v2\/categories?post=39562"},{"taxonomy":"post_tag","embeddable":true,"href":"https:\/\/eltrabajo.cl\/portal\/wp-json\/wp\/v2\/tags?post=39562"}],"curies":[{"name":"wp","href":"https:\/\/api.w.org\/{rel}","templated":true}]}}