{"id":39586,"date":"2013-11-15T09:42:16","date_gmt":"2013-11-15T12:42:16","guid":{"rendered":"http:\/\/www.eltrabajo.cl\/portal\/?p=39586"},"modified":"2013-11-15T09:42:16","modified_gmt":"2013-11-15T12:42:16","slug":"competidores-andinos-lograron-los-tres-primeros-lugares-en-el-due-2013","status":"publish","type":"post","link":"https:\/\/eltrabajo.cl\/portal\/competidores-andinos-lograron-los-tres-primeros-lugares-en-el-due-2013\/","title":{"rendered":"Competidores Andinos lograron los tres primeros lugares en el DUE 2013"},"content":{"rendered":"<figure id=\"attachment_39587\" aria-describedby=\"caption-attachment-39587\" style=\"width: 528px\" class=\"wp-caption alignnone\"><a href=\"https:\/\/i0.wp.com\/www.eltrabajo.cl\/portal\/wp-content\/uploads\/2013\/11\/mountain-bike1.jpg\"><img data-recalc-dims=\"1\" loading=\"lazy\" decoding=\"async\" class=\"size-full wp-image-39587\" title=\"La competencia de Mountain Bike se desarroll\u00f3 entre Las Torres del Paine y Puerto Natales.\" alt=\"La competencia de Mountain Bike se desarroll\u00f3 entre Las Torres del Paine y Puerto Natales.\" src=\"https:\/\/i0.wp.com\/www.eltrabajo.cl\/portal\/wp-content\/uploads\/2013\/11\/mountain-bike1.jpg?resize=528%2C378\" width=\"528\" height=\"378\" srcset=\"https:\/\/i0.wp.com\/eltrabajo.cl\/portal\/wp-content\/uploads\/2013\/11\/mountain-bike1.jpg?w=528&amp;ssl=1 528w, https:\/\/i0.wp.com\/eltrabajo.cl\/portal\/wp-content\/uploads\/2013\/11\/mountain-bike1.jpg?resize=200%2C143&amp;ssl=1 200w, https:\/\/i0.wp.com\/eltrabajo.cl\/portal\/wp-content\/uploads\/2013\/11\/mountain-bike1.jpg?resize=300%2C214&amp;ssl=1 300w, https:\/\/i0.wp.com\/eltrabajo.cl\/portal\/wp-content\/uploads\/2013\/11\/mountain-bike1.jpg?resize=150%2C107&amp;ssl=1 150w, https:\/\/i0.wp.com\/eltrabajo.cl\/portal\/wp-content\/uploads\/2013\/11\/mountain-bike1.jpg?resize=400%2C286&amp;ssl=1 400w\" sizes=\"auto, (max-width: 528px) 100vw, 528px\" \/><\/a><figcaption id=\"caption-attachment-39587\" class=\"wp-caption-text\">La competencia de Mountain Bike se desarroll\u00f3 entre Las Torres del Paine y Puerto Natales.<\/figcaption><\/figure>\n<p><strong>LOS ANDES.<\/strong>&#8211; Tres corredores andinos obtuvieron los tres primeros lugares en la categor\u00eda promocional varones de la competencia de Mountain Bike \u2018Desaf\u00edo \u00daltima Esperanza 2013\u2019, desarrollada el pasado domingo en la duod\u00e9cima regi\u00f3n.<\/p>\n<p>En la competencia, que uni\u00f3 las Torres del Paine con la ciudad de Puerto Natales, participaron m\u00e1s de 700 competidores nacionales y extranjeros.<\/p>\n<p>Pese a la dura competencia, en la categor\u00eda promocional varones en un trayecto de 50 kil\u00f3metros, el primer lugar fue para Alejandro Valenzuela Carvajal, seguido de los hermanos Jorge y V\u00edctor Vielmas Mar\u00edn, todos oriundos de la ciudad de Los Andes.<\/p>\n<p>El ganador de la prueba, Alejandro Valenzuela, destac\u00f3 el esfuerzo casi personal que debieron hacer los tres competidores andinos para poder llegar hasta las Torres del Paine y poder participar de esta tradicional competencia de mountain bike.<\/p>\n<p>Lament\u00f3 eso s\u00ed que muchos competidores andinos no pudieran asistir precisamente por razones econ\u00f3micas y resalt\u00f3 que en nuestra zona existen muy buenos competidores en este deporte que por falta de apoyo no pueden participar en competencias de este nivel.<\/p>\n<p>Por ello, dijo que gracias a estos resultados esperan contar con el auspicio de la empresa privada y eventualmente de alg\u00fan municipio, ya que ellos participan representando a toda la provincia.<\/p>\n<p>Al mismo tiempo, destac\u00f3 el valle de Aconcagua tiene condiciones excepcionales para poder llevar adelante una competencia de este tipo y eso deber\u00eda ser explotado para fomentar este deporte.<\/p>\n<p>&nbsp;<\/p>\n","protected":false},"excerpt":{"rendered":"<p>LOS ANDES.&#8211; Tres corredores andinos obtuvieron los tres primeros lugares en la categor\u00eda promocional varones de la competencia de Mountain Bike \u2018Desaf\u00edo \u00daltima Esperanza 2013\u2019, desarrollada el pasado domingo en la duod\u00e9cima&#8230;<\/p>\n","protected":false},"author":482,"featured_media":39587,"comment_status":"open","ping_status":"closed","sticky":false,"template":"","format":"standard","meta":{"advanced_seo_description":"","jetpack_seo_html_title":"","jetpack_seo_noindex":false,"_jetpack_memberships_contains_paid_content":false,"footnotes":""},"categories":[15],"tags":[],"class_list":["post-39586","post","type-post","status-publish","format-standard","has-post-thumbnail","hentry","category-comunidad"],"jetpack_featured_media_url":"https:\/\/i0.wp.com\/eltrabajo.cl\/portal\/wp-content\/uploads\/2013\/11\/mountain-bike1.jpg?fit=528%2C378&ssl=1","jetpack_sharing_enabled":true,"jetpack_likes_enabled":true,"jetpack-related-posts":[],"_links":{"self":[{"href":"https:\/\/eltrabajo.cl\/portal\/wp-json\/wp\/v2\/posts\/39586","targetHints":{"allow":["GET"]}}],"collection":[{"href":"https:\/\/eltrabajo.cl\/portal\/wp-json\/wp\/v2\/posts"}],"about":[{"href":"https:\/\/eltrabajo.cl\/portal\/wp-json\/wp\/v2\/types\/post"}],"author":[{"embeddable":true,"href":"https:\/\/eltrabajo.cl\/portal\/wp-json\/wp\/v2\/users\/482"}],"replies":[{"embeddable":true,"href":"https:\/\/eltrabajo.cl\/portal\/wp-json\/wp\/v2\/comments?post=39586"}],"version-history":[{"count":0,"href":"https:\/\/eltrabajo.cl\/portal\/wp-json\/wp\/v2\/posts\/39586\/revisions"}],"wp:featuredmedia":[{"embeddable":true,"href":"https:\/\/eltrabajo.cl\/portal\/wp-json\/wp\/v2\/media\/39587"}],"wp:attachment":[{"href":"https:\/\/eltrabajo.cl\/portal\/wp-json\/wp\/v2\/media?parent=39586"}],"wp:term":[{"taxonomy":"category","embeddable":true,"href":"https:\/\/eltrabajo.cl\/portal\/wp-json\/wp\/v2\/categories?post=39586"},{"taxonomy":"post_tag","embeddable":true,"href":"https:\/\/eltrabajo.cl\/portal\/wp-json\/wp\/v2\/tags?post=39586"}],"curies":[{"name":"wp","href":"https:\/\/api.w.org\/{rel}","templated":true}]}}