{"id":39589,"date":"2013-11-15T09:44:35","date_gmt":"2013-11-15T12:44:35","guid":{"rendered":"http:\/\/www.eltrabajo.cl\/portal\/?p=39589"},"modified":"2013-11-15T09:44:35","modified_gmt":"2013-11-15T12:44:35","slug":"denuncian-instalacion-de-camaras-en-casino-para-espiar-a-contratistas","status":"publish","type":"post","link":"https:\/\/eltrabajo.cl\/portal\/denuncian-instalacion-de-camaras-en-casino-para-espiar-a-contratistas\/","title":{"rendered":"Denuncian instalaci\u00f3n de c\u00e1maras en casino para espiar a contratistas"},"content":{"rendered":"<figure id=\"attachment_39590\" aria-describedby=\"caption-attachment-39590\" style=\"width: 317px\" class=\"wp-caption alignleft\"><a href=\"https:\/\/i0.wp.com\/www.eltrabajo.cl\/portal\/wp-content\/uploads\/2013\/11\/ricardo-vergara-camaras.jpg\"><img data-recalc-dims=\"1\" loading=\"lazy\" decoding=\"async\" class=\"wp-image-39590 \" title=\"Ricardo Vergara, Presidente de la Fetramin.\" alt=\"Ricardo Vergara, Presidente de la Fetramin.\" src=\"https:\/\/i0.wp.com\/www.eltrabajo.cl\/portal\/wp-content\/uploads\/2013\/11\/ricardo-vergara-camaras.jpg?resize=317%2C212\" width=\"317\" height=\"212\" srcset=\"https:\/\/i0.wp.com\/eltrabajo.cl\/portal\/wp-content\/uploads\/2013\/11\/ricardo-vergara-camaras.jpg?w=529&amp;ssl=1 529w, https:\/\/i0.wp.com\/eltrabajo.cl\/portal\/wp-content\/uploads\/2013\/11\/ricardo-vergara-camaras.jpg?resize=200%2C133&amp;ssl=1 200w, https:\/\/i0.wp.com\/eltrabajo.cl\/portal\/wp-content\/uploads\/2013\/11\/ricardo-vergara-camaras.jpg?resize=300%2C200&amp;ssl=1 300w, https:\/\/i0.wp.com\/eltrabajo.cl\/portal\/wp-content\/uploads\/2013\/11\/ricardo-vergara-camaras.jpg?resize=150%2C100&amp;ssl=1 150w, https:\/\/i0.wp.com\/eltrabajo.cl\/portal\/wp-content\/uploads\/2013\/11\/ricardo-vergara-camaras.jpg?resize=400%2C266&amp;ssl=1 400w\" sizes=\"auto, (max-width: 317px) 100vw, 317px\" \/><\/a><figcaption id=\"caption-attachment-39590\" class=\"wp-caption-text\">Ricardo Vergara, Presidente de la Fetramin.<\/figcaption><\/figure>\n<ul>\n<li><strong>Fetramin interpuso una denuncia ante la Inspecci\u00f3n del Trabajo por la vulneraci\u00f3n de derechos.<\/strong><\/li>\n<\/ul>\n<p><strong>LOS ANDES<\/strong>.- La Federaci\u00f3n de Sindicatos de Empresas Contratistas de Andina interpuso una denuncia ante la Inspecci\u00f3n del Trabajo por la instalaci\u00f3n de c\u00e1maras de seguridad en el casino de la empresa Aramark al interior del \u00e1rea industrial de la Divisi\u00f3n Andina de Codelco.<\/p>\n<p>Para el Presidente de la Fetramin, Ricardo Vergara, estas c\u00e1maras no s\u00f3lo apuntan al personal que realiza las labores propias de alimentaci\u00f3n en el casino, sino que tambi\u00e9n a los trabajadores que concurren a consumir su merienda, lo cual, a juicio del dirigente, constituye una vulneraci\u00f3n clara a los derechos de los trabajadores garantizados en la constituci\u00f3n.<\/p>\n<p>Vergara dijo que la Inspecci\u00f3n del Trabajo les dio la raz\u00f3n en su demanda, \u201cpues la Divisi\u00f3n Andina no puede tener c\u00e1maras de seguridad que est\u00e9n vigilando a los trabajadores mientras hacen uso de sus descanso o alimentaci\u00f3n\u201d.<\/p>\n<p>El dirigente se\u00f1al\u00f3 que hace dos meses se interpuso esta denuncia ante la inspecci\u00f3n, \u201cpero la empresa mandante, en este caso Codelco, manifest\u00f3 que las c\u00e1maras eran para descomprimir un poco el casino para que los trabajadores ingresaran en forma expedita a recibir su alimento, pero lamentablemente no han sido usadas para ello y ante la Inspecci\u00f3n del Trabajo qued\u00f3 demostrado que \u00e9stas no cumplen ning\u00fan fin para lo que fueron las colocadas\u201d.<\/p>\n<p>Agreg\u00f3 que como Fetramin exigieron a Codelco que sean retiradas cuanto antes estas c\u00e1maras, ya que se est\u00e1n vulnerando sus derechos, advirtiendo que si la empresa no las retira, la Inspecci\u00f3n del Trabajo podr\u00eda llevarla a juicio.<\/p>\n<p>Vergara lament\u00f3 este tipo de situaciones que suman tambi\u00e9n a la contrataci\u00f3n en las empresas contratistas de mano de obra for\u00e1nea en desmedro de los trabajadores locales, \u201cy esa situaci\u00f3n se la hemos hecho ver a Codelco, pero hasta ahora no hemos recibido ninguna respuesta positiva para los trabajadores\u201d.<\/p>\n<p>Advirti\u00f3 que si Codelco insiste en este tipo de pr\u00e1cticas llevar\u00e1n adelante un proceso de movilizaciones.<\/p>\n<p>&nbsp;<\/p>\n","protected":false},"excerpt":{"rendered":"<p>Fetramin interpuso una denuncia ante la Inspecci\u00f3n del Trabajo por la vulneraci\u00f3n de derechos. LOS ANDES.- La Federaci\u00f3n de Sindicatos de Empresas Contratistas de Andina interpuso una denuncia ante la Inspecci\u00f3n del&#8230;<\/p>\n","protected":false},"author":482,"featured_media":39590,"comment_status":"open","ping_status":"closed","sticky":false,"template":"","format":"standard","meta":{"advanced_seo_description":"","jetpack_seo_html_title":"","jetpack_seo_noindex":false,"_jetpack_memberships_contains_paid_content":false,"footnotes":""},"categories":[1],"tags":[],"class_list":["post-39589","post","type-post","status-publish","format-standard","has-post-thumbnail","hentry","category-cronica"],"jetpack_featured_media_url":"https:\/\/i0.wp.com\/eltrabajo.cl\/portal\/wp-content\/uploads\/2013\/11\/ricardo-vergara-camaras.jpg?fit=529%2C353&ssl=1","jetpack_sharing_enabled":true,"jetpack_likes_enabled":true,"jetpack-related-posts":[],"_links":{"self":[{"href":"https:\/\/eltrabajo.cl\/portal\/wp-json\/wp\/v2\/posts\/39589","targetHints":{"allow":["GET"]}}],"collection":[{"href":"https:\/\/eltrabajo.cl\/portal\/wp-json\/wp\/v2\/posts"}],"about":[{"href":"https:\/\/eltrabajo.cl\/portal\/wp-json\/wp\/v2\/types\/post"}],"author":[{"embeddable":true,"href":"https:\/\/eltrabajo.cl\/portal\/wp-json\/wp\/v2\/users\/482"}],"replies":[{"embeddable":true,"href":"https:\/\/eltrabajo.cl\/portal\/wp-json\/wp\/v2\/comments?post=39589"}],"version-history":[{"count":0,"href":"https:\/\/eltrabajo.cl\/portal\/wp-json\/wp\/v2\/posts\/39589\/revisions"}],"wp:featuredmedia":[{"embeddable":true,"href":"https:\/\/eltrabajo.cl\/portal\/wp-json\/wp\/v2\/media\/39590"}],"wp:attachment":[{"href":"https:\/\/eltrabajo.cl\/portal\/wp-json\/wp\/v2\/media?parent=39589"}],"wp:term":[{"taxonomy":"category","embeddable":true,"href":"https:\/\/eltrabajo.cl\/portal\/wp-json\/wp\/v2\/categories?post=39589"},{"taxonomy":"post_tag","embeddable":true,"href":"https:\/\/eltrabajo.cl\/portal\/wp-json\/wp\/v2\/tags?post=39589"}],"curies":[{"name":"wp","href":"https:\/\/api.w.org\/{rel}","templated":true}]}}