{"id":39593,"date":"2013-11-15T09:46:09","date_gmt":"2013-11-15T12:46:09","guid":{"rendered":"http:\/\/www.eltrabajo.cl\/portal\/?p=39593"},"modified":"2013-11-15T09:49:35","modified_gmt":"2013-11-15T12:49:35","slug":"con-choripan-y-leo-rey-realizan-jornada-familiar-en-escuela-escorial","status":"publish","type":"post","link":"https:\/\/eltrabajo.cl\/portal\/con-choripan-y-leo-rey-realizan-jornada-familiar-en-escuela-escorial\/","title":{"rendered":"Con chorip\u00e1n y \u2018Leo Rey\u2019 realizan jornada familiar en Escuela Escorial"},"content":{"rendered":"<figure id=\"attachment_39594\" aria-describedby=\"caption-attachment-39594\" style=\"width: 529px\" class=\"wp-caption alignnone\"><a href=\"https:\/\/i0.wp.com\/www.eltrabajo.cl\/portal\/wp-content\/uploads\/2013\/11\/princesas1.jpg\"><img data-recalc-dims=\"1\" loading=\"lazy\" decoding=\"async\" class=\"size-full wp-image-39594\" title=\"Ellas son las simp\u00e1ticas bailarinas del Grupo Las Osadas, peque\u00f1itas que interpretaron bailes religiosos en esta jornada familiar.\" alt=\"Ellas son las simp\u00e1ticas bailarinas del Grupo Las Osadas, peque\u00f1itas que interpretaron bailes religiosos en esta jornada familiar.\" src=\"https:\/\/i0.wp.com\/www.eltrabajo.cl\/portal\/wp-content\/uploads\/2013\/11\/princesas1.jpg?resize=529%2C367\" width=\"529\" height=\"367\" srcset=\"https:\/\/i0.wp.com\/eltrabajo.cl\/portal\/wp-content\/uploads\/2013\/11\/princesas1.jpg?w=529&amp;ssl=1 529w, https:\/\/i0.wp.com\/eltrabajo.cl\/portal\/wp-content\/uploads\/2013\/11\/princesas1.jpg?resize=200%2C138&amp;ssl=1 200w, https:\/\/i0.wp.com\/eltrabajo.cl\/portal\/wp-content\/uploads\/2013\/11\/princesas1.jpg?resize=300%2C208&amp;ssl=1 300w, https:\/\/i0.wp.com\/eltrabajo.cl\/portal\/wp-content\/uploads\/2013\/11\/princesas1.jpg?resize=150%2C104&amp;ssl=1 150w, https:\/\/i0.wp.com\/eltrabajo.cl\/portal\/wp-content\/uploads\/2013\/11\/princesas1.jpg?resize=400%2C277&amp;ssl=1 400w\" sizes=\"auto, (max-width: 529px) 100vw, 529px\" \/><\/a><figcaption id=\"caption-attachment-39594\" class=\"wp-caption-text\">Ellas son las simp\u00e1ticas bailarinas del Grupo Las Osadas, peque\u00f1itas que interpretaron bailes religiosos en esta jornada familiar.<\/figcaption><\/figure>\n<p>Enmarcada como una acci\u00f3n del Plan de Mejoramiento SEP dentro del \u00e1rea convivencia y participaci\u00f3n, la Escuela El Escorial disfrut\u00f3 de un encuentro familia-escuela-comunidad, organizado por el cuerpo docente, el centro general de padres y apoderados del establecimiento.<\/p>\n<p>Los m\u00e1s peque\u00f1os pudieron gozar y divertirse con juegos inflables; camas el\u00e1sticas; monta\u00f1as de escalar y una espectacular iluminaci\u00f3n de rayos l\u00e1ser acompa\u00f1ada de su m\u00fasica favorita, disfrutando de las ventas organizadas por los padres y apoderados tales como papas fritas; sabrosas empanadas de queso, brochetas; chorip\u00e1n y un sin n\u00famero de exquisiteces a la venta.<\/p>\n<p>Los j\u00f3venes y adultos disfrutaron de un encendido show durante horas de la noche, que estuvo amenizado por la presentaci\u00f3n del grupo de danza del establecimiento, en donde los alumnos mostraron su plasticidad en temas tan recordados como \u2018El tiempo en las bastillas\u2019 y \u2018Yo no quiero que a mi ni\u00f1a\u2019. Tambi\u00e9n se hizo presente con danzas religiosas nortinas el Grupo Las osadas.<\/p>\n<p>Para los m\u00e1s rom\u00e1nticos, se present\u00f3 la cantante oriunda del sector de Vi\u00f1a Err\u00e1zuriz, Victoria Ojeda; para aquellos que gustan de la m\u00fasica del pa\u00eds azteca, se present\u00f3 el Charro Del Valle, quien hizo vibrar al p\u00fablico con las canciones que hablan de amores desafortunados, tequila y traiciones; y como broche de oro, cerr\u00f3 la jornada el Doble de Leo Rey, Marcelo, quien puso a bailar a los presentes con sus c\u00e1lidas canciones que hablan de amores prohibidos y encuentros furtivos.<\/p>\n<p>&nbsp;<\/p>\n","protected":false},"excerpt":{"rendered":"<p>Enmarcada como una acci\u00f3n del Plan de Mejoramiento SEP dentro del \u00e1rea convivencia y participaci\u00f3n, la Escuela El Escorial disfrut\u00f3 de un encuentro familia-escuela-comunidad, organizado por el cuerpo docente, el centro general&#8230;<\/p>\n","protected":false},"author":482,"featured_media":39594,"comment_status":"open","ping_status":"closed","sticky":false,"template":"","format":"standard","meta":{"advanced_seo_description":"","jetpack_seo_html_title":"","jetpack_seo_noindex":false,"_jetpack_memberships_contains_paid_content":false,"footnotes":""},"categories":[15],"tags":[],"class_list":["post-39593","post","type-post","status-publish","format-standard","has-post-thumbnail","hentry","category-comunidad"],"jetpack_featured_media_url":"https:\/\/i0.wp.com\/eltrabajo.cl\/portal\/wp-content\/uploads\/2013\/11\/princesas1.jpg?fit=529%2C367&ssl=1","jetpack_sharing_enabled":true,"jetpack_likes_enabled":true,"jetpack-related-posts":[],"_links":{"self":[{"href":"https:\/\/eltrabajo.cl\/portal\/wp-json\/wp\/v2\/posts\/39593","targetHints":{"allow":["GET"]}}],"collection":[{"href":"https:\/\/eltrabajo.cl\/portal\/wp-json\/wp\/v2\/posts"}],"about":[{"href":"https:\/\/eltrabajo.cl\/portal\/wp-json\/wp\/v2\/types\/post"}],"author":[{"embeddable":true,"href":"https:\/\/eltrabajo.cl\/portal\/wp-json\/wp\/v2\/users\/482"}],"replies":[{"embeddable":true,"href":"https:\/\/eltrabajo.cl\/portal\/wp-json\/wp\/v2\/comments?post=39593"}],"version-history":[{"count":0,"href":"https:\/\/eltrabajo.cl\/portal\/wp-json\/wp\/v2\/posts\/39593\/revisions"}],"wp:featuredmedia":[{"embeddable":true,"href":"https:\/\/eltrabajo.cl\/portal\/wp-json\/wp\/v2\/media\/39594"}],"wp:attachment":[{"href":"https:\/\/eltrabajo.cl\/portal\/wp-json\/wp\/v2\/media?parent=39593"}],"wp:term":[{"taxonomy":"category","embeddable":true,"href":"https:\/\/eltrabajo.cl\/portal\/wp-json\/wp\/v2\/categories?post=39593"},{"taxonomy":"post_tag","embeddable":true,"href":"https:\/\/eltrabajo.cl\/portal\/wp-json\/wp\/v2\/tags?post=39593"}],"curies":[{"name":"wp","href":"https:\/\/api.w.org\/{rel}","templated":true}]}}