{"id":39596,"date":"2013-11-15T09:47:29","date_gmt":"2013-11-15T12:47:29","guid":{"rendered":"http:\/\/www.eltrabajo.cl\/portal\/?p=39596"},"modified":"2013-11-15T09:47:29","modified_gmt":"2013-11-15T12:47:29","slug":"musicos-regresaron-con-nota-7-de-la-gira-del-aconcagua-a-magallanes","status":"publish","type":"post","link":"https:\/\/eltrabajo.cl\/portal\/musicos-regresaron-con-nota-7-de-la-gira-del-aconcagua-a-magallanes\/","title":{"rendered":"M\u00fasicos regresaron con Nota 7 de la gira \u2018Del Aconcagua a Magallanes"},"content":{"rendered":"<figure id=\"attachment_39597\" aria-describedby=\"caption-attachment-39597\" style=\"width: 528px\" class=\"wp-caption alignnone\"><a href=\"https:\/\/i0.wp.com\/www.eltrabajo.cl\/portal\/wp-content\/uploads\/2013\/11\/musicos1.jpg\"><img data-recalc-dims=\"1\" loading=\"lazy\" decoding=\"async\" class=\"size-full wp-image-39597\" title=\"En Punta Arenas los peque\u00f1os disfrutaron de su viaje, aparte de hacer lo suyo como m\u00fasicos aconcag\u00fcinos.\" alt=\"En Punta Arenas los peque\u00f1os disfrutaron de su viaje, aparte de hacer lo suyo como m\u00fasicos aconcag\u00fcinos.\" src=\"https:\/\/i0.wp.com\/www.eltrabajo.cl\/portal\/wp-content\/uploads\/2013\/11\/musicos1.jpg?resize=528%2C232\" width=\"528\" height=\"232\" srcset=\"https:\/\/i0.wp.com\/eltrabajo.cl\/portal\/wp-content\/uploads\/2013\/11\/musicos1.jpg?w=528&amp;ssl=1 528w, https:\/\/i0.wp.com\/eltrabajo.cl\/portal\/wp-content\/uploads\/2013\/11\/musicos1.jpg?resize=200%2C87&amp;ssl=1 200w, https:\/\/i0.wp.com\/eltrabajo.cl\/portal\/wp-content\/uploads\/2013\/11\/musicos1.jpg?resize=300%2C131&amp;ssl=1 300w, https:\/\/i0.wp.com\/eltrabajo.cl\/portal\/wp-content\/uploads\/2013\/11\/musicos1.jpg?resize=150%2C65&amp;ssl=1 150w, https:\/\/i0.wp.com\/eltrabajo.cl\/portal\/wp-content\/uploads\/2013\/11\/musicos1.jpg?resize=400%2C175&amp;ssl=1 400w\" sizes=\"auto, (max-width: 528px) 100vw, 528px\" \/><\/a><figcaption id=\"caption-attachment-39597\" class=\"wp-caption-text\">En Punta Arenas los peque\u00f1os disfrutaron de su viaje, aparte de hacer lo suyo como m\u00fasicos aconcag\u00fcinos.<\/figcaption><\/figure>\n<p>Tal como lo anunciamos en Diario El Trabajo, fueron 30 personas las que integraron la comitiva art\u00edstica de la Orquesta Juvenil de Santa Mar\u00eda, compuesta por 27 m\u00fasicos y tres apoderados a cargo de la gira \u2018Del Aconcagua a Magallanes\u2019, gesta de cinco d\u00edas en la que se embarcaron estos j\u00f3venes estudiantes de varias escuelas de la comuna, y que les llev\u00f3 hasta Punta Arenas, Puerto Natales y Torres del Paine, en donde presentaron varios conciertos.<\/p>\n<p>La gira se realiz\u00f3 gracias a los Fondos Concursables de la Fundaci\u00f3n de Orquestas Juveniles de Chile. Los j\u00f3venes se presentaron con viol\u00edn, chelo, contrabajo, clarinete, flauta traversa y viola entre otros instrumentos de cuerdas y viento. Luego de las presentaciones art\u00edsticas, los chicos aprovecharon para pasear por las ciudades y tomarse algunas fotos.<\/p>\n<p>&nbsp;<\/p>\n","protected":false},"excerpt":{"rendered":"<p>Tal como lo anunciamos en Diario El Trabajo, fueron 30 personas las que integraron la comitiva art\u00edstica de la Orquesta Juvenil de Santa Mar\u00eda, compuesta por 27 m\u00fasicos y tres apoderados a&#8230;<\/p>\n","protected":false},"author":482,"featured_media":39597,"comment_status":"open","ping_status":"closed","sticky":false,"template":"","format":"standard","meta":{"advanced_seo_description":"","jetpack_seo_html_title":"","jetpack_seo_noindex":false,"_jetpack_memberships_contains_paid_content":false,"footnotes":""},"categories":[15],"tags":[],"class_list":["post-39596","post","type-post","status-publish","format-standard","has-post-thumbnail","hentry","category-comunidad"],"jetpack_featured_media_url":"https:\/\/i0.wp.com\/eltrabajo.cl\/portal\/wp-content\/uploads\/2013\/11\/musicos1.jpg?fit=528%2C232&ssl=1","jetpack_sharing_enabled":true,"jetpack_likes_enabled":true,"jetpack-related-posts":[],"_links":{"self":[{"href":"https:\/\/eltrabajo.cl\/portal\/wp-json\/wp\/v2\/posts\/39596","targetHints":{"allow":["GET"]}}],"collection":[{"href":"https:\/\/eltrabajo.cl\/portal\/wp-json\/wp\/v2\/posts"}],"about":[{"href":"https:\/\/eltrabajo.cl\/portal\/wp-json\/wp\/v2\/types\/post"}],"author":[{"embeddable":true,"href":"https:\/\/eltrabajo.cl\/portal\/wp-json\/wp\/v2\/users\/482"}],"replies":[{"embeddable":true,"href":"https:\/\/eltrabajo.cl\/portal\/wp-json\/wp\/v2\/comments?post=39596"}],"version-history":[{"count":0,"href":"https:\/\/eltrabajo.cl\/portal\/wp-json\/wp\/v2\/posts\/39596\/revisions"}],"wp:featuredmedia":[{"embeddable":true,"href":"https:\/\/eltrabajo.cl\/portal\/wp-json\/wp\/v2\/media\/39597"}],"wp:attachment":[{"href":"https:\/\/eltrabajo.cl\/portal\/wp-json\/wp\/v2\/media?parent=39596"}],"wp:term":[{"taxonomy":"category","embeddable":true,"href":"https:\/\/eltrabajo.cl\/portal\/wp-json\/wp\/v2\/categories?post=39596"},{"taxonomy":"post_tag","embeddable":true,"href":"https:\/\/eltrabajo.cl\/portal\/wp-json\/wp\/v2\/tags?post=39596"}],"curies":[{"name":"wp","href":"https:\/\/api.w.org\/{rel}","templated":true}]}}