{"id":39599,"date":"2013-11-15T09:49:08","date_gmt":"2013-11-15T12:49:08","guid":{"rendered":"http:\/\/www.eltrabajo.cl\/portal\/?p=39599"},"modified":"2013-11-15T09:49:08","modified_gmt":"2013-11-15T12:49:08","slug":"alcalde-freire-a-comunidad-escolar-en-bellavista-no-cerraremos-ninguna-escuela-municipalizada","status":"publish","type":"post","link":"https:\/\/eltrabajo.cl\/portal\/alcalde-freire-a-comunidad-escolar-en-bellavista-no-cerraremos-ninguna-escuela-municipalizada\/","title":{"rendered":"Alcalde Freire a comunidad escolar en Bellavista: \u00abNo cerraremos ninguna escuela municipalizada\u00bb"},"content":{"rendered":"<figure id=\"attachment_39600\" aria-describedby=\"caption-attachment-39600\" style=\"width: 529px\" class=\"wp-caption alignnone\"><a href=\"https:\/\/i0.wp.com\/www.eltrabajo.cl\/portal\/wp-content\/uploads\/2013\/11\/bellavista1.jpg\"><img data-recalc-dims=\"1\" loading=\"lazy\" decoding=\"async\" class=\"size-full wp-image-39600\" title=\"El Alcalde Patricio Freire fue claro con la comunidad educativa y apoderados de la Escuela Carolina Ocampo de Bellavista, en el sentido que no habr\u00e1 cierre ni de \u00e9sta, ni de ninguna escuela municipalizada en el futuro, y que todo fue generado por un rumor.\" alt=\"El Alcalde Patricio Freire fue claro con la comunidad educativa y apoderados de la Escuela Carolina Ocampo de Bellavista, en el sentido que no habr\u00e1 cierre ni de \u00e9sta, ni de ninguna escuela municipalizada en el futuro, y que todo fue generado por un rumor.\" src=\"https:\/\/i0.wp.com\/www.eltrabajo.cl\/portal\/wp-content\/uploads\/2013\/11\/bellavista1.jpg?resize=529%2C346\" width=\"529\" height=\"346\" srcset=\"https:\/\/i0.wp.com\/eltrabajo.cl\/portal\/wp-content\/uploads\/2013\/11\/bellavista1.jpg?w=529&amp;ssl=1 529w, https:\/\/i0.wp.com\/eltrabajo.cl\/portal\/wp-content\/uploads\/2013\/11\/bellavista1.jpg?resize=200%2C130&amp;ssl=1 200w, https:\/\/i0.wp.com\/eltrabajo.cl\/portal\/wp-content\/uploads\/2013\/11\/bellavista1.jpg?resize=300%2C196&amp;ssl=1 300w, https:\/\/i0.wp.com\/eltrabajo.cl\/portal\/wp-content\/uploads\/2013\/11\/bellavista1.jpg?resize=150%2C98&amp;ssl=1 150w, https:\/\/i0.wp.com\/eltrabajo.cl\/portal\/wp-content\/uploads\/2013\/11\/bellavista1.jpg?resize=400%2C261&amp;ssl=1 400w\" sizes=\"auto, (max-width: 529px) 100vw, 529px\" \/><\/a><figcaption id=\"caption-attachment-39600\" class=\"wp-caption-text\">El Alcalde Patricio Freire fue claro con la comunidad educativa y apoderados de la Escuela Carolina Ocampo de Bellavista, en el sentido que no habr\u00e1 cierre ni de \u00e9sta, ni de ninguna escuela municipalizada en el futuro, y que todo fue generado por un rumor.<\/figcaption><\/figure>\n<p>Luego que tras varias semanas se respirara un ambiente de incertidumbre sobre lo que pasar\u00eda con las escuelas municipalizadas de San Rafael, Algarrobal y la de Bellavista, incertidumbre generada por el rumor sobre un posible cierre de dichos centros educativos por parte de la Daem, Iv\u00e1n Silva y el Alcalde Patricio Freire visitaron la tarde de este jueves la Escuela Carolina Ocampo de Bellavista, visita realizada con miras a desmentir p\u00fablicamente que la Municipalidad de San Felipe hubiese manejado en alg\u00fan momento el cierre de dicha escuelita rural.<\/p>\n<p>&nbsp;<\/p>\n<p><strong>FUE UN RUMOR<\/strong><\/p>\n<p>\u00abEstamos aqu\u00ed para informar a todos los apoderados; a los estudiantes y a los propios profesores de esta escuela, que nunca se pens\u00f3 ni se plane\u00f3 el cierre de ninguna escuela por parte del municipio, todo esto ha sido un rumor que circul\u00f3 por los medios y, aunque gener\u00f3 mucha zozobra entre los estudiantes y apoderados, hoy queremos animarles a seguir con normalidad su desarrollo educativo en esta poblaci\u00f3n\u00bb, asegur\u00f3 categ\u00f3ricamente el Alcalde Patricio Freire.<\/p>\n<p>En su visita, Freire se reuni\u00f3 con decenas de apoderados del sector, devolvi\u00e9ndoles la alegr\u00eda y compartiendo con ellos de un refrescante refrigerio mientras los ni\u00f1os alegremente aplaudieron la informaci\u00f3n transmitida por el edil. Diario El Trabajo habl\u00f3 con el Director (S) de la Escuela Carolina Ocampo, Claudio \u00c1lvarez, quien indic\u00f3 que \u00ablo que queremos ahora es dejar atr\u00e1s este malentendido de tan mal gusto, fue un rumor que en un principio s\u00ed nos puso a pensar, los ni\u00f1os estaban inquietos y los apoderados muy molestos\u00bb, se\u00f1al\u00f3 \u00c1lvarez.<\/p>\n<p>Los peque\u00f1itos tambi\u00e9n se acercaron a Diario El Trabajo para expresar su alegr\u00eda por las noticias dichas por el Alcalde Freire. \u00abYo estoy contento porque seguiremos en esta escuela, ya no tendremos que irnos y me queda cerquita de mi casa, queremos darle las gracias al se\u00f1or alcalde\u00bb, expres\u00f3 Felipe Antonio, estudiante de B\u00e1sica.<\/p>\n<p>Los peque\u00f1itos que durante el mes de noviembre registraron el Mejor Esfuerzo acad\u00e9mico, posaron tambi\u00e9n en exclusiva para las c\u00e1maras de Diario El Trabajo. Ellos son Anays Olivares de prekinder; Benjam\u00edn Fritos de kinder; Constanza Pinto de 1\u00ba B\u00e1sico; Lucas Herrera de 2\u00ba B\u00e1sico; Ignacia Cisternas de 3\u00ba B\u00e1sico; Yanina Maldonado de 4\u00ba B\u00e1sico; Nicol\u00e1s Meza de 5\u00ba a\u00f1o y Millary C\u00e1rdenas de 6\u00ba B\u00e1sico. En este centro educativo municipalizado, reciben clases unos 70 peque\u00f1os, alumnos desde prekinder hasta 6\u00ba B\u00e1sico, chiquillada que es atendida por los seis profesores disponibles, adem\u00e1s de los especialistas que atienden a 20 de ellos en el Programa de Integraci\u00f3n existente.<\/p>\n<p>Freire asegur\u00f3 a Diario El Trabajo que, lejos de pensar en el cierre de una escuela sanfelipe\u00f1a, \u00aben el municipio por el contrario, estamos tratando de mejorar todas las escuelas, no queremos dar ni un paso atr\u00e1s en lo que a desarrollo y crecimiento escolar se refiere, por lo que puedo asegurarles a todos los sanfelipe\u00f1os, que seguiremos trabajando para fortalecer la educaci\u00f3n municipalizada a como d\u00e9 lugar\u00bb.<\/p>\n<p>Roberto Gonz\u00e1lez Short<\/p>\n<p>rgonzalez@eltrabajo.cl<\/p>\n<p>&nbsp;<\/p>\n","protected":false},"excerpt":{"rendered":"<p>Luego que tras varias semanas se respirara un ambiente de incertidumbre sobre lo que pasar\u00eda con las escuelas municipalizadas de San Rafael, Algarrobal y la de Bellavista, incertidumbre generada por el rumor&#8230;<\/p>\n","protected":false},"author":482,"featured_media":39600,"comment_status":"open","ping_status":"closed","sticky":false,"template":"","format":"standard","meta":{"advanced_seo_description":"","jetpack_seo_html_title":"","jetpack_seo_noindex":false,"_jetpack_memberships_contains_paid_content":false,"footnotes":""},"categories":[15],"tags":[],"class_list":["post-39599","post","type-post","status-publish","format-standard","has-post-thumbnail","hentry","category-comunidad"],"jetpack_featured_media_url":"https:\/\/i0.wp.com\/eltrabajo.cl\/portal\/wp-content\/uploads\/2013\/11\/bellavista1.jpg?fit=529%2C346&ssl=1","jetpack_sharing_enabled":true,"jetpack_likes_enabled":true,"jetpack-related-posts":[],"_links":{"self":[{"href":"https:\/\/eltrabajo.cl\/portal\/wp-json\/wp\/v2\/posts\/39599","targetHints":{"allow":["GET"]}}],"collection":[{"href":"https:\/\/eltrabajo.cl\/portal\/wp-json\/wp\/v2\/posts"}],"about":[{"href":"https:\/\/eltrabajo.cl\/portal\/wp-json\/wp\/v2\/types\/post"}],"author":[{"embeddable":true,"href":"https:\/\/eltrabajo.cl\/portal\/wp-json\/wp\/v2\/users\/482"}],"replies":[{"embeddable":true,"href":"https:\/\/eltrabajo.cl\/portal\/wp-json\/wp\/v2\/comments?post=39599"}],"version-history":[{"count":0,"href":"https:\/\/eltrabajo.cl\/portal\/wp-json\/wp\/v2\/posts\/39599\/revisions"}],"wp:featuredmedia":[{"embeddable":true,"href":"https:\/\/eltrabajo.cl\/portal\/wp-json\/wp\/v2\/media\/39600"}],"wp:attachment":[{"href":"https:\/\/eltrabajo.cl\/portal\/wp-json\/wp\/v2\/media?parent=39599"}],"wp:term":[{"taxonomy":"category","embeddable":true,"href":"https:\/\/eltrabajo.cl\/portal\/wp-json\/wp\/v2\/categories?post=39599"},{"taxonomy":"post_tag","embeddable":true,"href":"https:\/\/eltrabajo.cl\/portal\/wp-json\/wp\/v2\/tags?post=39599"}],"curies":[{"name":"wp","href":"https:\/\/api.w.org\/{rel}","templated":true}]}}