{"id":39606,"date":"2013-11-15T09:52:33","date_gmt":"2013-11-15T12:52:33","guid":{"rendered":"http:\/\/www.eltrabajo.cl\/portal\/?p=39606"},"modified":"2013-11-15T09:52:33","modified_gmt":"2013-11-15T12:52:33","slug":"altermatt-deja-direccion-del-san-camilo-y-asume-dr-daniel-alvarez","status":"publish","type":"post","link":"https:\/\/eltrabajo.cl\/portal\/altermatt-deja-direccion-del-san-camilo-y-asume-dr-daniel-alvarez\/","title":{"rendered":"Altermatt deja direcci\u00f3n del San Camilo y asume Dr. Daniel \u00c1lvarez"},"content":{"rendered":"<figure id=\"attachment_39607\" aria-describedby=\"caption-attachment-39607\" style=\"width: 370px\" class=\"wp-caption alignleft\"><a href=\"https:\/\/i0.wp.com\/www.eltrabajo.cl\/portal\/wp-content\/uploads\/2013\/11\/altermatt-boissier-e-infante.jpg\"><img data-recalc-dims=\"1\" loading=\"lazy\" decoding=\"async\" class=\" wp-image-39607 \" title=\"Alberto Altermatt deja el hospital tras 18 meses de gesti\u00f3n. En la fotograf\u00eda, junto a la doctora Iris Boissier y el director del Servicio de Salud, Rodrigo Infante.\" alt=\"Alberto Altermatt deja el hospital tras 18 meses de gesti\u00f3n. En la fotograf\u00eda, junto a la doctora Iris Boissier y el director del Servicio de Salud, Rodrigo Infante.\" src=\"https:\/\/i0.wp.com\/www.eltrabajo.cl\/portal\/wp-content\/uploads\/2013\/11\/altermatt-boissier-e-infante.jpg?resize=370%2C485\" width=\"370\" height=\"485\" srcset=\"https:\/\/i0.wp.com\/eltrabajo.cl\/portal\/wp-content\/uploads\/2013\/11\/altermatt-boissier-e-infante.jpg?w=529&amp;ssl=1 529w, https:\/\/i0.wp.com\/eltrabajo.cl\/portal\/wp-content\/uploads\/2013\/11\/altermatt-boissier-e-infante.jpg?resize=114%2C150&amp;ssl=1 114w, https:\/\/i0.wp.com\/eltrabajo.cl\/portal\/wp-content\/uploads\/2013\/11\/altermatt-boissier-e-infante.jpg?resize=229%2C300&amp;ssl=1 229w, https:\/\/i0.wp.com\/eltrabajo.cl\/portal\/wp-content\/uploads\/2013\/11\/altermatt-boissier-e-infante.jpg?resize=400%2C524&amp;ssl=1 400w\" sizes=\"auto, (max-width: 370px) 100vw, 370px\" \/><\/a><figcaption id=\"caption-attachment-39607\" class=\"wp-caption-text\">Alberto Altermatt deja el hospital tras 18 meses de gesti\u00f3n. En la fotograf\u00eda, junto a la doctora Iris Boissier y el director del Servicio de Salud, Rodrigo Infante.<\/figcaption><\/figure>\n<p>Luego de 18 meses de gesti\u00f3n en donde se lograron invertir m\u00e1s de mil millones de pesos, renovando parte del equipamiento m\u00e9dico y diversas dependencias, el ingeniero Alberto Altermatt dej\u00f3 el cargo de Director del Hospital San Camilo para entregar el mando nuevamente al Dr. Daniel \u00c1lvarez, quien ya hab\u00eda estado a cargo de la instituci\u00f3n tambi\u00e9n con muy buenos resultados.<\/p>\n<p>Luego de realizada la ceremonia en donde se firma el acta de entrega, el saliente director agradeci\u00f3 el apoyo de toda la instituci\u00f3n y de toda la comunidad hospitalaria en lo que fue su gesti\u00f3n, la cual estuvo caracterizada por un nuevo avance en materia de inversiones y renovaci\u00f3n de las dependencias del establecimiento, por lo que fue p\u00fablicamente reconocido por el director del Servicio de Salud, Rodrigo Infante.<\/p>\n<p>\u201cMe voy muy agradecido del hospital y de su gente, as\u00ed como de todo el Valle del Aconcagua, pues son personas maravillosas que no se encuentran en otra parte, as\u00ed que junto con la satisfacci\u00f3n de entregar el hospital acreditado en calidad y tercero en el ranking de establecimientos autogestionados, me voy conforme y agradecido de todos quienes hicieron esto posible\u201d, asegur\u00f3 Alberto Altermatt.<\/p>\n<p>Dentro de la entrega de mando, se constat\u00f3 que el establecimiento se encuentra saneado econ\u00f3micamente y con su plan de reducci\u00f3n de listas de espera funcionado a plenitud, adem\u00e1s de continuar con una serie de inversiones en equipamiento m\u00e9dico por m\u00e1s de 350 millones de pesos de aqu\u00ed a finales de a\u00f1o.<\/p>\n<p>Por su parte, la nueva autoridad comenz\u00f3 su gesti\u00f3n comprometi\u00e9ndose a continuar la estrategia de avances y modernizaci\u00f3n de la mano del Servicio de Salud Aconcagua, realizando sus mejores esfuerzos en profundizar el mejoramiento en calidad y cantidad de las prestaciones de salud que se entregan a la poblaci\u00f3n.<\/p>\n<p>\u201cNuevamente me han pedido asumir el compromiso con mi Hospital, y prometo en honor a mi obligaci\u00f3n de servidor p\u00fablico, servir a esta instituci\u00f3n con la esperanza de lograr muchas cosas m\u00e1s y seguir en la senda de estos nuevos tiempos para el Hospital San Camilo, de los cuales deseo ser parte activa\u201d, se\u00f1al\u00f3 el nuevo director Daniel \u00c1lvarez.<\/p>\n<p>&nbsp;<\/p>\n","protected":false},"excerpt":{"rendered":"<p>Luego de 18 meses de gesti\u00f3n en donde se lograron invertir m\u00e1s de mil millones de pesos, renovando parte del equipamiento m\u00e9dico y diversas dependencias, el ingeniero Alberto Altermatt dej\u00f3 el cargo&#8230;<\/p>\n","protected":false},"author":482,"featured_media":39607,"comment_status":"open","ping_status":"closed","sticky":false,"template":"","format":"standard","meta":{"advanced_seo_description":"","jetpack_seo_html_title":"","jetpack_seo_noindex":false,"_jetpack_memberships_contains_paid_content":false,"footnotes":""},"categories":[1],"tags":[],"class_list":["post-39606","post","type-post","status-publish","format-standard","has-post-thumbnail","hentry","category-cronica"],"jetpack_featured_media_url":"https:\/\/i0.wp.com\/eltrabajo.cl\/portal\/wp-content\/uploads\/2013\/11\/altermatt-boissier-e-infante.jpg?fit=529%2C693&ssl=1","jetpack_sharing_enabled":true,"jetpack_likes_enabled":true,"jetpack-related-posts":[],"_links":{"self":[{"href":"https:\/\/eltrabajo.cl\/portal\/wp-json\/wp\/v2\/posts\/39606","targetHints":{"allow":["GET"]}}],"collection":[{"href":"https:\/\/eltrabajo.cl\/portal\/wp-json\/wp\/v2\/posts"}],"about":[{"href":"https:\/\/eltrabajo.cl\/portal\/wp-json\/wp\/v2\/types\/post"}],"author":[{"embeddable":true,"href":"https:\/\/eltrabajo.cl\/portal\/wp-json\/wp\/v2\/users\/482"}],"replies":[{"embeddable":true,"href":"https:\/\/eltrabajo.cl\/portal\/wp-json\/wp\/v2\/comments?post=39606"}],"version-history":[{"count":0,"href":"https:\/\/eltrabajo.cl\/portal\/wp-json\/wp\/v2\/posts\/39606\/revisions"}],"wp:featuredmedia":[{"embeddable":true,"href":"https:\/\/eltrabajo.cl\/portal\/wp-json\/wp\/v2\/media\/39607"}],"wp:attachment":[{"href":"https:\/\/eltrabajo.cl\/portal\/wp-json\/wp\/v2\/media?parent=39606"}],"wp:term":[{"taxonomy":"category","embeddable":true,"href":"https:\/\/eltrabajo.cl\/portal\/wp-json\/wp\/v2\/categories?post=39606"},{"taxonomy":"post_tag","embeddable":true,"href":"https:\/\/eltrabajo.cl\/portal\/wp-json\/wp\/v2\/tags?post=39606"}],"curies":[{"name":"wp","href":"https:\/\/api.w.org\/{rel}","templated":true}]}}