{"id":39610,"date":"2013-11-15T09:54:40","date_gmt":"2013-11-15T12:54:40","guid":{"rendered":"http:\/\/www.eltrabajo.cl\/portal\/?p=39610"},"modified":"2013-11-15T09:54:40","modified_gmt":"2013-11-15T12:54:40","slug":"empleados-publicos-marcharon-exigiendo-un-reajuste-de-sus-salarios","status":"publish","type":"post","link":"https:\/\/eltrabajo.cl\/portal\/empleados-publicos-marcharon-exigiendo-un-reajuste-de-sus-salarios\/","title":{"rendered":"Empleados p\u00fablicos marcharon exigiendo un reajuste de sus salarios"},"content":{"rendered":"<figure id=\"attachment_39611\" aria-describedby=\"caption-attachment-39611\" style=\"width: 528px\" class=\"wp-caption alignnone\"><a href=\"https:\/\/i0.wp.com\/www.eltrabajo.cl\/portal\/wp-content\/uploads\/2013\/11\/muni-anef1.jpg\"><img data-recalc-dims=\"1\" loading=\"lazy\" decoding=\"async\" class=\"size-full wp-image-39611\" title=\"Los trabajadores del sector p\u00fablico, incluidos municipales y de la salud, marcharon en Los Andes en demanda de mejoras salariales.\" alt=\"Los trabajadores del sector p\u00fablico, incluidos municipales y de la salud, marcharon en Los Andes en demanda de mejoras salariales.\" src=\"https:\/\/i0.wp.com\/www.eltrabajo.cl\/portal\/wp-content\/uploads\/2013\/11\/muni-anef1.jpg?resize=528%2C269\" width=\"528\" height=\"269\" srcset=\"https:\/\/i0.wp.com\/eltrabajo.cl\/portal\/wp-content\/uploads\/2013\/11\/muni-anef1.jpg?w=528&amp;ssl=1 528w, https:\/\/i0.wp.com\/eltrabajo.cl\/portal\/wp-content\/uploads\/2013\/11\/muni-anef1.jpg?resize=200%2C101&amp;ssl=1 200w, https:\/\/i0.wp.com\/eltrabajo.cl\/portal\/wp-content\/uploads\/2013\/11\/muni-anef1.jpg?resize=300%2C152&amp;ssl=1 300w, https:\/\/i0.wp.com\/eltrabajo.cl\/portal\/wp-content\/uploads\/2013\/11\/muni-anef1.jpg?resize=150%2C76&amp;ssl=1 150w, https:\/\/i0.wp.com\/eltrabajo.cl\/portal\/wp-content\/uploads\/2013\/11\/muni-anef1.jpg?resize=400%2C203&amp;ssl=1 400w\" sizes=\"auto, (max-width: 528px) 100vw, 528px\" \/><\/a><figcaption id=\"caption-attachment-39611\" class=\"wp-caption-text\">Los trabajadores del sector p\u00fablico, incluidos municipales y de la salud, marcharon en Los Andes en demanda de mejoras salariales.<\/figcaption><\/figure>\n<ul>\n<li><strong>Municipales reiteraron que no trabajar\u00e1n para las elecciones, pese a las presiones de algunos alcaldes.<\/strong><\/li>\n<\/ul>\n<p><strong>LOS ANDES<\/strong>.- Con una gran marcha por el centro de la ciudad, los trabajadores del sector p\u00fablico, incluidos los de la salud, protestaron en contra del gobierno por no escuchar sus demandas en materia salarial.<\/p>\n<p>Los trabajadores agrupados en las diversas organizaciones est\u00e1n demandando un incremento del 8,8% en sus remuneraciones, pero el gobierno se ha negado a negociar hasta despu\u00e9s de las elecciones en el caso de los p\u00fablicos.<\/p>\n<p>De manera completamente pac\u00edfica los empleados p\u00fablicos se unieron a los municipales y tambi\u00e9n a los profesores en paro para manifestarse en defensa de sus derechos laborales.<\/p>\n<p>El Presidente de la Asociaci\u00f3n de Funcionarios Municipales, Marcelo Figueroa V\u00e1squez, destac\u00f3 la amplia convocatoria que tuvo la movilizaci\u00f3n del d\u00eda de ayer y esperan que el gobierno se siente a negociar un reajuste digno para todos los servidores p\u00fablicos.<\/p>\n<p>Por otra parte y en el \u00e1mbito m\u00e1s local, el Presidente de la Asemuch Los Andes reiter\u00f3 que el pr\u00f3ximo domingo no trabajan para las elecciones municipales, recordando que a nivel de la Quinta Regi\u00f3n se firm\u00f3 un compromiso con todos los alcaldes respecto a su postura, \u201cy en eso vamos a ser tajantes, nosotros los funcionarios municipales el d\u00eda de la elecci\u00f3n no vamos a trabajar y esperamos que todos los alcaldes de la provincia cumplan con esos acuerdos y los llamamos a que respeten el acuerdo tomado el 8 de noviembre\u201d.<\/p>\n<p>Si bien no dio nombres de los ediles, trascendi\u00f3 que Pedro Caballer\u00eda en Rinconada, Nelson Venegas en Calle Larga y Ren\u00e9 Mardones en San Esteban, no estar\u00edan respetando este acuerdo y obligando a los funcionarios a que trabajen ese d\u00eda, \u201cya que ellos est\u00e1n borrando con el codo lo que escribieron con la mano, por lo tanto nosotros hacemos este llamado a respetar los acuerdos, pues los beneficios ser\u00e1n para todos los funcionarios, incluidos los alcaldes y por eso hay que honrar la palabra empleada\u201d.<\/p>\n<p>&nbsp;<\/p>\n","protected":false},"excerpt":{"rendered":"<p>Municipales reiteraron que no trabajar\u00e1n para las elecciones, pese a las presiones de algunos alcaldes. LOS ANDES.- Con una gran marcha por el centro de la ciudad, los trabajadores del sector p\u00fablico,&#8230;<\/p>\n","protected":false},"author":482,"featured_media":39611,"comment_status":"open","ping_status":"closed","sticky":false,"template":"","format":"standard","meta":{"advanced_seo_description":"","jetpack_seo_html_title":"","jetpack_seo_noindex":false,"_jetpack_memberships_contains_paid_content":false,"footnotes":""},"categories":[1],"tags":[],"class_list":["post-39610","post","type-post","status-publish","format-standard","has-post-thumbnail","hentry","category-cronica"],"jetpack_featured_media_url":"https:\/\/i0.wp.com\/eltrabajo.cl\/portal\/wp-content\/uploads\/2013\/11\/muni-anef1.jpg?fit=528%2C269&ssl=1","jetpack_sharing_enabled":true,"jetpack_likes_enabled":true,"jetpack-related-posts":[],"_links":{"self":[{"href":"https:\/\/eltrabajo.cl\/portal\/wp-json\/wp\/v2\/posts\/39610","targetHints":{"allow":["GET"]}}],"collection":[{"href":"https:\/\/eltrabajo.cl\/portal\/wp-json\/wp\/v2\/posts"}],"about":[{"href":"https:\/\/eltrabajo.cl\/portal\/wp-json\/wp\/v2\/types\/post"}],"author":[{"embeddable":true,"href":"https:\/\/eltrabajo.cl\/portal\/wp-json\/wp\/v2\/users\/482"}],"replies":[{"embeddable":true,"href":"https:\/\/eltrabajo.cl\/portal\/wp-json\/wp\/v2\/comments?post=39610"}],"version-history":[{"count":0,"href":"https:\/\/eltrabajo.cl\/portal\/wp-json\/wp\/v2\/posts\/39610\/revisions"}],"wp:featuredmedia":[{"embeddable":true,"href":"https:\/\/eltrabajo.cl\/portal\/wp-json\/wp\/v2\/media\/39611"}],"wp:attachment":[{"href":"https:\/\/eltrabajo.cl\/portal\/wp-json\/wp\/v2\/media?parent=39610"}],"wp:term":[{"taxonomy":"category","embeddable":true,"href":"https:\/\/eltrabajo.cl\/portal\/wp-json\/wp\/v2\/categories?post=39610"},{"taxonomy":"post_tag","embeddable":true,"href":"https:\/\/eltrabajo.cl\/portal\/wp-json\/wp\/v2\/tags?post=39610"}],"curies":[{"name":"wp","href":"https:\/\/api.w.org\/{rel}","templated":true}]}}