{"id":39613,"date":"2013-11-15T09:55:47","date_gmt":"2013-11-15T12:55:47","guid":{"rendered":"http:\/\/www.eltrabajo.cl\/portal\/?p=39613"},"modified":"2013-11-15T09:55:47","modified_gmt":"2013-11-15T12:55:47","slug":"funcionarios-municipales-de-san-felipe-inician-hoy-viernes-turnos-eticos","status":"publish","type":"post","link":"https:\/\/eltrabajo.cl\/portal\/funcionarios-municipales-de-san-felipe-inician-hoy-viernes-turnos-eticos\/","title":{"rendered":"Funcionarios municipales de San Felipe inician hoy viernes turnos \u00e9ticos"},"content":{"rendered":"<figure id=\"attachment_39614\" aria-describedby=\"caption-attachment-39614\" style=\"width: 317px\" class=\"wp-caption alignleft\"><a href=\"https:\/\/i0.wp.com\/www.eltrabajo.cl\/portal\/wp-content\/uploads\/2013\/11\/vladimir-tapia.jpg\"><img data-recalc-dims=\"1\" loading=\"lazy\" decoding=\"async\" class=\" wp-image-39614 \" title=\"Vladimir Tapia, presidente Asemuch San Felipe, asegur\u00f3 que el movimiento no se debilitar\u00e1 con la implementaci\u00f3n de turnos \u00e9ticos.\" alt=\"Vladimir Tapia, presidente Asemuch San Felipe, asegur\u00f3 que el movimiento no se debilitar\u00e1 con la implementaci\u00f3n de turnos \u00e9ticos.\" src=\"https:\/\/i0.wp.com\/www.eltrabajo.cl\/portal\/wp-content\/uploads\/2013\/11\/vladimir-tapia.jpg?resize=317%2C337\" width=\"317\" height=\"337\" srcset=\"https:\/\/i0.wp.com\/eltrabajo.cl\/portal\/wp-content\/uploads\/2013\/11\/vladimir-tapia.jpg?w=529&amp;ssl=1 529w, https:\/\/i0.wp.com\/eltrabajo.cl\/portal\/wp-content\/uploads\/2013\/11\/vladimir-tapia.jpg?resize=141%2C150&amp;ssl=1 141w, https:\/\/i0.wp.com\/eltrabajo.cl\/portal\/wp-content\/uploads\/2013\/11\/vladimir-tapia.jpg?resize=282%2C300&amp;ssl=1 282w, https:\/\/i0.wp.com\/eltrabajo.cl\/portal\/wp-content\/uploads\/2013\/11\/vladimir-tapia.jpg?resize=400%2C424&amp;ssl=1 400w\" sizes=\"auto, (max-width: 317px) 100vw, 317px\" \/><\/a><figcaption id=\"caption-attachment-39614\" class=\"wp-caption-text\">Vladimir Tapia, presidente Asemuch San Felipe, asegur\u00f3 que el movimiento no se debilitar\u00e1 con la implementaci\u00f3n de turnos \u00e9ticos.<\/figcaption><\/figure>\n<p>Renovaci\u00f3n de licencias para el caso de quienes pagaron por este concepto, pago de permisos de circulaci\u00f3n morosos y patentes, as\u00ed como casos espec\u00edficos en el Juzgado de Polic\u00eda Local, ser\u00e1n los \u00fanicos servicios que realizar\u00e1 la municipalidad de San Felipe a contar de hoy, luego que la asamblea de funcionarios acordara realizar turnos \u00e9ticos.<\/p>\n<p>La informaci\u00f3n la entreg\u00f3 el presidente de Asemuch San Felipe, Vladimir Tapia, quien manifest\u00f3 que a excepci\u00f3n de estos servicios mencionados anteriormente, no se realizar\u00e1n otras atenciones en la municipalidad, dado que el paro contin\u00faa.<\/p>\n<p>El dirigente manifest\u00f3 que esta medida corresponde a una se\u00f1al que desean entregar los municipales a la comunidad, acerca de que est\u00e1n conscientes de la problem\u00e1tica que genera para muchos la paralizaci\u00f3n tan prolongada de los servicios en la corporaci\u00f3n edilicia.<\/p>\n<p>\u201cLos turnos \u00e9ticos parten este viernes como marcha blanca, entre las 10.00 y las 12.00 horas, en el \u00e1rea de tr\u00e1nsito a aquellas personas que pagaron su renovaci\u00f3n de licencia, que calculamos son unas cien personas; vamos a permitir a aquellas personas que tengan permiso de circulaci\u00f3n atrasados, para que reciban atenci\u00f3n, en el \u00e1rea de rentas, las empresas que tienen deudas morosas podr\u00e1n pagar. Tambi\u00e9n el Juzgado de Polic\u00eda Local va a atender desde el lunes, a aquellas personas que est\u00e9n con infracciones y que tengan que solicitar un permiso provisorio u otra situaci\u00f3n, esos ser\u00e1n los \u00fanicos servicios que se van a entregar\u201d, se\u00f1al\u00f3 Tapia.<\/p>\n<p>Las personas que requieran hacer alguno de esos tr\u00e1mites, deber\u00e1n ingresar al municipio por la entrada lateral, que da hacia el sal\u00f3n de Tesorer\u00eda, en tanto que Vladimir Tapia recalc\u00f3 que no se realizar\u00e1n atenciones distintas a las que detall\u00f3.<\/p>\n<p>Expres\u00f3 que esta medida no debilita en ning\u00fan caso el movimiento de los funcionarios municipales, explicando que \u201cnosotros vamos a mantener nuestra postura, estamos abriendo una peque\u00f1a ventanita, pero entendiendo que si esto tenemos que radicalizarlo nuevamente, lo vamos a hacer\u201d.<\/p>\n<p>\u201cQueremos dar una se\u00f1al a la comunidad, en t\u00e9rminos que tambi\u00e9n estamos preocupados por su situaci\u00f3n y queremos tambi\u00e9n darle una soluci\u00f3n\u201d, se\u00f1al\u00f3 Tapia.<\/p>\n<p>El dirigente por \u00faltimo critic\u00f3 duramente al gobierno de Sebasti\u00e1n Pi\u00f1era de presentar un proyecto destinado a homologar la asignaci\u00f3n por Programa de Mejoramiento de la Gesti\u00f3n, a tres a\u00f1os plazo, subrayando que esa iniciativa no responde a los planteamientos que hab\u00edan realizado los funcionarios.<\/p>\n<p>Manifest\u00f3 finalmente que adem\u00e1s de la homologaci\u00f3n del PMGM, tambi\u00e9n hay otros tres puntos en discusi\u00f3n, respecto de los cuales el gobierno no se ha pronunciado.<\/p>\n<p>&nbsp;<\/p>\n","protected":false},"excerpt":{"rendered":"<p>Renovaci\u00f3n de licencias para el caso de quienes pagaron por este concepto, pago de permisos de circulaci\u00f3n morosos y patentes, as\u00ed como casos espec\u00edficos en el Juzgado de Polic\u00eda Local, ser\u00e1n los&#8230;<\/p>\n","protected":false},"author":482,"featured_media":39614,"comment_status":"open","ping_status":"closed","sticky":false,"template":"","format":"standard","meta":{"advanced_seo_description":"","jetpack_seo_html_title":"","jetpack_seo_noindex":false,"_jetpack_memberships_contains_paid_content":false,"footnotes":""},"categories":[1],"tags":[],"class_list":["post-39613","post","type-post","status-publish","format-standard","has-post-thumbnail","hentry","category-cronica"],"jetpack_featured_media_url":"https:\/\/i0.wp.com\/eltrabajo.cl\/portal\/wp-content\/uploads\/2013\/11\/vladimir-tapia.jpg?fit=529%2C562&ssl=1","jetpack_sharing_enabled":true,"jetpack_likes_enabled":true,"jetpack-related-posts":[],"_links":{"self":[{"href":"https:\/\/eltrabajo.cl\/portal\/wp-json\/wp\/v2\/posts\/39613","targetHints":{"allow":["GET"]}}],"collection":[{"href":"https:\/\/eltrabajo.cl\/portal\/wp-json\/wp\/v2\/posts"}],"about":[{"href":"https:\/\/eltrabajo.cl\/portal\/wp-json\/wp\/v2\/types\/post"}],"author":[{"embeddable":true,"href":"https:\/\/eltrabajo.cl\/portal\/wp-json\/wp\/v2\/users\/482"}],"replies":[{"embeddable":true,"href":"https:\/\/eltrabajo.cl\/portal\/wp-json\/wp\/v2\/comments?post=39613"}],"version-history":[{"count":0,"href":"https:\/\/eltrabajo.cl\/portal\/wp-json\/wp\/v2\/posts\/39613\/revisions"}],"wp:featuredmedia":[{"embeddable":true,"href":"https:\/\/eltrabajo.cl\/portal\/wp-json\/wp\/v2\/media\/39614"}],"wp:attachment":[{"href":"https:\/\/eltrabajo.cl\/portal\/wp-json\/wp\/v2\/media?parent=39613"}],"wp:term":[{"taxonomy":"category","embeddable":true,"href":"https:\/\/eltrabajo.cl\/portal\/wp-json\/wp\/v2\/categories?post=39613"},{"taxonomy":"post_tag","embeddable":true,"href":"https:\/\/eltrabajo.cl\/portal\/wp-json\/wp\/v2\/tags?post=39613"}],"curies":[{"name":"wp","href":"https:\/\/api.w.org\/{rel}","templated":true}]}}