{"id":39616,"date":"2013-11-15T09:58:17","date_gmt":"2013-11-15T12:58:17","guid":{"rendered":"http:\/\/www.eltrabajo.cl\/portal\/?p=39616"},"modified":"2013-11-15T09:58:17","modified_gmt":"2013-11-15T12:58:17","slug":"piden-a-carabineros-que-asuma-su-rol-para-prevenir-robos-en-escuela","status":"publish","type":"post","link":"https:\/\/eltrabajo.cl\/portal\/piden-a-carabineros-que-asuma-su-rol-para-prevenir-robos-en-escuela\/","title":{"rendered":"Piden a Carabineros que asuma su rol para prevenir robos en Escuela"},"content":{"rendered":"<figure id=\"attachment_39617\" aria-describedby=\"caption-attachment-39617\" style=\"width: 317px\" class=\"wp-caption alignleft\"><a href=\"https:\/\/i0.wp.com\/www.eltrabajo.cl\/portal\/wp-content\/uploads\/2013\/11\/ivan-silva.jpg\"><img data-recalc-dims=\"1\" loading=\"lazy\" decoding=\"async\" class=\" wp-image-39617 \" title=\"Iv\u00e1n Silva, director de la DAEM, manifest\u00f3 que \u201cyo puedo colocar todas las rejas que sean necesarias, todas las alarmas, pero si no tengo respuesta de Carabineros, no tengo nada que hacer\u201d.\" alt=\"Iv\u00e1n Silva, director de la DAEM, manifest\u00f3 que \u201cyo puedo colocar todas las rejas que sean necesarias, todas las alarmas, pero si no tengo respuesta de Carabineros, no tengo nada que hacer\u201d.\" src=\"https:\/\/i0.wp.com\/www.eltrabajo.cl\/portal\/wp-content\/uploads\/2013\/11\/ivan-silva.jpg?resize=317%2C238\" width=\"317\" height=\"238\" srcset=\"https:\/\/i0.wp.com\/eltrabajo.cl\/portal\/wp-content\/uploads\/2013\/11\/ivan-silva.jpg?w=528&amp;ssl=1 528w, https:\/\/i0.wp.com\/eltrabajo.cl\/portal\/wp-content\/uploads\/2013\/11\/ivan-silva.jpg?resize=200%2C150&amp;ssl=1 200w, https:\/\/i0.wp.com\/eltrabajo.cl\/portal\/wp-content\/uploads\/2013\/11\/ivan-silva.jpg?resize=300%2C225&amp;ssl=1 300w, https:\/\/i0.wp.com\/eltrabajo.cl\/portal\/wp-content\/uploads\/2013\/11\/ivan-silva.jpg?resize=150%2C112&amp;ssl=1 150w, https:\/\/i0.wp.com\/eltrabajo.cl\/portal\/wp-content\/uploads\/2013\/11\/ivan-silva.jpg?resize=400%2C300&amp;ssl=1 400w\" sizes=\"auto, (max-width: 317px) 100vw, 317px\" \/><\/a><figcaption id=\"caption-attachment-39617\" class=\"wp-caption-text\">Iv\u00e1n Silva, director de la DAEM, manifest\u00f3 que \u201cyo puedo colocar todas las rejas que sean necesarias, todas las alarmas, pero si no tengo respuesta de Carabineros, no tengo nada que hacer\u201d.<\/figcaption><\/figure>\n<ul>\n<li><strong>Se\u00f1al\u00f3 Iv\u00e1n Silva que desde el municipio se har\u00e1 todo lo que est\u00e9 a su alcance para mejorar condiciones de seguridad del establecimiento, no obstante recalc\u00f3 que la polic\u00eda tambi\u00e9n debe hacer lo propio.<\/strong><\/li>\n<\/ul>\n<p>El Director de Educaci\u00f3n Municipal de San Felipe, Iv\u00e1n Silva, reconoci\u00f3 la preocupaci\u00f3n que existe en la DAEM por la seguidilla de robos que ha afectado a la Escuela Manuel Rodr\u00edguez de esta ciudad, siendo el \u00faltimo uno de los m\u00e1s indignantes, luego que los delincuentes sustrajeran pr\u00e1cticamente toda la alimentaci\u00f3n que se les da a los ni\u00f1os.<\/p>\n<p>Silva manifest\u00f3 que resulta indignante este tipo de situaciones, m\u00e1s a\u00fan porque perjudican directamente a los ni\u00f1os, muchos de los cuales no reciben otro alimento que aquel que les dan en el establecimiento educacional.<\/p>\n<p>En este sentido, dijo que se han tomado medidas de seguridad en la Escuela, como por ejemplo, colocando m\u00e1s rejas en los accesos, las que cada d\u00eda son m\u00e1s altas, as\u00ed como barrotes en las ventanas de las dependencias donde puede existir alguna especie de valor, que sea tentadora para los delincuentes.<\/p>\n<p>A modo de ejemplo, manifest\u00f3 que hasta hace alg\u00fan tiempo la sala de computaci\u00f3n era el foco de atenci\u00f3n de los delincuentes, que sustrajeron n\u00fameros equipos desde esas dependencias. Por ese motivo, se resolvi\u00f3 colocar alarma en ese sector y en las oficinas administrativas, as\u00ed como rejas, lo que sumado a guardar los nuevos netbooks entregados a los ni\u00f1os, en las oficinas de la DAEM, ha permitido que no se cometan il\u00edcitos en esas dependencias.<\/p>\n<p>Sin embargo, la atenci\u00f3n de los antisociales ahora est\u00e1 puesta en la alimentaci\u00f3n y en ese sentido, los \u00faltimos dos robos han sido de comida, la misma que se les da a los ni\u00f1os.<\/p>\n<p>\u201cSon cuatro robos los que recibe la Escuela, nosotros sabemos que faltan alarmas, pero hemos pensado incluso en contratar un guardia, que no s\u00e9 cu\u00e1nto pueda durar en un sector bastante complicado. No obstante, vamos a hacer las consultas con Carabineros\u201d, se\u00f1al\u00f3 Silva.<\/p>\n<p>El profesional manifest\u00f3 que \u201cyo puedo colocar todas las rejas que sean necesarias, todas las alarmas, pero si no tengo respuesta de Carabineros, no tengo nada que hacer, porque este es un problema m\u00e1s grande que las rejas y los candados\u201d.<\/p>\n<p>En ese sentido, el jefe de la DAEM manifest\u00f3 que si bien la contrataci\u00f3n de un guardia significa un gasto que no est\u00e1 contemplado en el presupuesto de Educaci\u00f3n Municipal, \u201cvale la pena probar\u201d.<\/p>\n<p>A juicio del director, el \u00faltimo robo marc\u00f3 bastante a la comunidad educativa, se\u00f1alando que \u201cpodr\u00eda estar bien que te roben una caja de arroz o una botella de aceite, pero ahora se robaron todo\u201d.<\/p>\n<p>Consultado por el mensaje que puede entregar a la comunidad escolar de la Manuel Rodr\u00edguez, que dice sentirse desamparada, sostuvo: \u201cTodas las medidas que haya que tomar, las vamos a tomar, pero ac\u00e1 necesitamos que Carabineros haga lo propio\u201d.<\/p>\n<p>Manifest\u00f3 que lamentablemente, hasta el momento no han sido efectivas las medidas de seguridad que ha adoptado Carabineros, dado que se siguen registrando delitos.<\/p>\n<p>&nbsp;<\/p>\n","protected":false},"excerpt":{"rendered":"<p>Se\u00f1al\u00f3 Iv\u00e1n Silva que desde el municipio se har\u00e1 todo lo que est\u00e9 a su alcance para mejorar condiciones de seguridad del establecimiento, no obstante recalc\u00f3 que la polic\u00eda tambi\u00e9n debe hacer&#8230;<\/p>\n","protected":false},"author":482,"featured_media":39617,"comment_status":"open","ping_status":"closed","sticky":false,"template":"","format":"standard","meta":{"advanced_seo_description":"","jetpack_seo_html_title":"","jetpack_seo_noindex":false,"_jetpack_memberships_contains_paid_content":false,"footnotes":""},"categories":[1],"tags":[],"class_list":["post-39616","post","type-post","status-publish","format-standard","has-post-thumbnail","hentry","category-cronica"],"jetpack_featured_media_url":"https:\/\/i0.wp.com\/eltrabajo.cl\/portal\/wp-content\/uploads\/2013\/11\/ivan-silva.jpg?fit=528%2C396&ssl=1","jetpack_sharing_enabled":true,"jetpack_likes_enabled":true,"jetpack-related-posts":[],"_links":{"self":[{"href":"https:\/\/eltrabajo.cl\/portal\/wp-json\/wp\/v2\/posts\/39616","targetHints":{"allow":["GET"]}}],"collection":[{"href":"https:\/\/eltrabajo.cl\/portal\/wp-json\/wp\/v2\/posts"}],"about":[{"href":"https:\/\/eltrabajo.cl\/portal\/wp-json\/wp\/v2\/types\/post"}],"author":[{"embeddable":true,"href":"https:\/\/eltrabajo.cl\/portal\/wp-json\/wp\/v2\/users\/482"}],"replies":[{"embeddable":true,"href":"https:\/\/eltrabajo.cl\/portal\/wp-json\/wp\/v2\/comments?post=39616"}],"version-history":[{"count":0,"href":"https:\/\/eltrabajo.cl\/portal\/wp-json\/wp\/v2\/posts\/39616\/revisions"}],"wp:featuredmedia":[{"embeddable":true,"href":"https:\/\/eltrabajo.cl\/portal\/wp-json\/wp\/v2\/media\/39617"}],"wp:attachment":[{"href":"https:\/\/eltrabajo.cl\/portal\/wp-json\/wp\/v2\/media?parent=39616"}],"wp:term":[{"taxonomy":"category","embeddable":true,"href":"https:\/\/eltrabajo.cl\/portal\/wp-json\/wp\/v2\/categories?post=39616"},{"taxonomy":"post_tag","embeddable":true,"href":"https:\/\/eltrabajo.cl\/portal\/wp-json\/wp\/v2\/tags?post=39616"}],"curies":[{"name":"wp","href":"https:\/\/api.w.org\/{rel}","templated":true}]}}