{"id":39628,"date":"2013-11-18T09:53:20","date_gmt":"2013-11-18T12:53:20","guid":{"rendered":"http:\/\/www.eltrabajo.cl\/portal\/?p=39628"},"modified":"2013-11-18T09:53:20","modified_gmt":"2013-11-18T12:53:20","slug":"con-bailes-y-gran-entusiasmo-realizan-gala-artistica-2013-en-el-roberto-humeres","status":"publish","type":"post","link":"https:\/\/eltrabajo.cl\/portal\/con-bailes-y-gran-entusiasmo-realizan-gala-artistica-2013-en-el-roberto-humeres\/","title":{"rendered":"Con bailes y gran entusiasmo realizan Gala Art\u00edstica 2013 en el Roberto Humeres"},"content":{"rendered":"<figure id=\"attachment_39629\" aria-describedby=\"caption-attachment-39629\" style=\"width: 529px\" class=\"wp-caption alignnone\"><a href=\"https:\/\/i0.wp.com\/www.eltrabajo.cl\/portal\/wp-content\/uploads\/2013\/11\/liceo1.jpg\"><img data-recalc-dims=\"1\" loading=\"lazy\" decoding=\"async\" class=\"size-full wp-image-39629\" title=\"Estos jovencitos disfrutaron al m\u00e1ximo de su Gala 2013, en la que hubo de todo y para todas las edades.\" alt=\"Estos jovencitos disfrutaron al m\u00e1ximo de su Gala 2013, en la que hubo de todo y para todas las edades.\" src=\"https:\/\/i0.wp.com\/www.eltrabajo.cl\/portal\/wp-content\/uploads\/2013\/11\/liceo1.jpg?resize=529%2C328\" width=\"529\" height=\"328\" srcset=\"https:\/\/i0.wp.com\/eltrabajo.cl\/portal\/wp-content\/uploads\/2013\/11\/liceo1.jpg?w=529&amp;ssl=1 529w, https:\/\/i0.wp.com\/eltrabajo.cl\/portal\/wp-content\/uploads\/2013\/11\/liceo1.jpg?resize=200%2C124&amp;ssl=1 200w, https:\/\/i0.wp.com\/eltrabajo.cl\/portal\/wp-content\/uploads\/2013\/11\/liceo1.jpg?resize=300%2C186&amp;ssl=1 300w, https:\/\/i0.wp.com\/eltrabajo.cl\/portal\/wp-content\/uploads\/2013\/11\/liceo1.jpg?resize=150%2C93&amp;ssl=1 150w, https:\/\/i0.wp.com\/eltrabajo.cl\/portal\/wp-content\/uploads\/2013\/11\/liceo1.jpg?resize=400%2C248&amp;ssl=1 400w\" sizes=\"auto, (max-width: 529px) 100vw, 529px\" \/><\/a><figcaption id=\"caption-attachment-39629\" class=\"wp-caption-text\">Estos jovencitos disfrutaron al m\u00e1ximo de su Gala 2013, en la que hubo de todo y para todas las edades.<\/figcaption><\/figure>\n<p>De una alegre jornada disfrutaron las familias del Liceo Dr. Roberto Humeres Oyaneder, cuando los alumnos del establecimiento comenzaron con una nueva versi\u00f3n de la Gala Art\u00edstica 2013. Pasada las 16:00 horas comenzaron a llegar los padres y apoderados hasta el gimnasio del establecimiento, repletando las tribunas del centenario liceo, acompa\u00f1ando a los alumnos quienes con mucho entusiasmo, prepararon los m\u00e1s variados n\u00fameros art\u00edsticos, siguiendo con una tradici\u00f3n que se ha extendido por a\u00f1os.<\/p>\n<p>Esta actividad adem\u00e1s tiene un significado muy especial, debido a que es la \u00faltima participaci\u00f3n oficial que realizan los Cuartos Medios Generaci\u00f3n 2013, alumnos y alumna que prontamente comenzar\u00e1n a explorar sus posibilidades en el mundo laboral y de la educaci\u00f3n superior. Con todas las actividades, tanto curriculares como extra program\u00e1ticas, se busca dar a conocer las diversas posibilidades de desarrollo para los j\u00f3venes que ingresan a un establecimiento educacional de tradici\u00f3n, desde cuyas aulas, emergi\u00f3 la figura de uno de los m\u00e1s destacados presidentes de Chile, Pedro Aguirre Cerda, quien mantuvo siempre la firme convicci\u00f3n de la importancia de la educaci\u00f3n, entregando un mensaje que a\u00fan es recordado por las nuevas generaciones.<\/p>\n<p>&nbsp;<\/p>\n<p><strong>\u00abGOBERNAR ES EDUCAR\u00bb<\/strong><\/p>\n<p>Patricia Pimentel, Encargada del Departamento de Educaci\u00f3n F\u00edsica, se\u00f1a\u00f3 a Diario El Trabajo que \u00aba los estudiantes del Liceo Dr. Roberto Humeres Oyanedel siempre los ha caracterizado las ganas de querer hacer cosas, y hay que generar los espacios para que esto sea posible, con un acompa\u00f1amiento permanente y personalizado, generando un desarrollo paralelo en las actividades acad\u00e9micas y extra program\u00e1ticas, cosa que el inter\u00e9s del alumnado, se mantenga siempre enfocado en sentirse parte de un establecimiento con convicciones e ideas s\u00f3lidas, que hoy con orgullo, puede manifestar que ha estado presente en la formaci\u00f3n de gran cantidad de Sanfelipe\u00f1os\u00bb.<\/p>\n<p>Por su parte, Waldo Silva, profesor del establecimiento, manifest\u00f3 que \u00abhoy estamos presente en esta gala, acompa\u00f1ados de una gran cantidad de padres y apoderados, quienes creen en nuestro trabajo y en las capacidades de sus alumnos, enfoc\u00e1ndonos a proyectar la visi\u00f3n de un nuevo liceo, ya que hoy se est\u00e1n haciendo cosas que antes no se hac\u00edan, tales como talleres de rock, danza, periodismo entre otros, lo que ha generado el inter\u00e9s y la participaci\u00f3n de los alumnos, siendo ellos quienes formaron parte importante de las decisiones adoptadas para los nuevos lineamientos, en conjunto con el apoyo del alcalde Patricio Freire, cumpli\u00e9ndose en un cien por ciento los acuerdos adoptados con los j\u00f3venes, reforzando el compromiso de la autoridad con la educaci\u00f3n\u00bb.<\/p>\n<p>En la actualidad, los docentes junto con los alumnos est\u00e1n realizando promoci\u00f3n en terreno de las alternativas acad\u00e9micas que entrega el establecimiento, previo a la etapa de matr\u00edculas para el periodo 2014 buscando despertar el inter\u00e9s de la comunidad por contar con los servicios educacionales del m\u00edtico Liceo Dr. Roberto Humeres.<\/p>\n<p>&nbsp;<\/p>\n","protected":false},"excerpt":{"rendered":"<p>De una alegre jornada disfrutaron las familias del Liceo Dr. Roberto Humeres Oyaneder, cuando los alumnos del establecimiento comenzaron con una nueva versi\u00f3n de la Gala Art\u00edstica 2013. Pasada las 16:00 horas&#8230;<\/p>\n","protected":false},"author":482,"featured_media":39629,"comment_status":"open","ping_status":"closed","sticky":false,"template":"","format":"standard","meta":{"advanced_seo_description":"","jetpack_seo_html_title":"","jetpack_seo_noindex":false,"_jetpack_memberships_contains_paid_content":false,"footnotes":""},"categories":[1],"tags":[],"class_list":["post-39628","post","type-post","status-publish","format-standard","has-post-thumbnail","hentry","category-cronica"],"jetpack_featured_media_url":"https:\/\/i0.wp.com\/eltrabajo.cl\/portal\/wp-content\/uploads\/2013\/11\/liceo1.jpg?fit=529%2C328&ssl=1","jetpack_sharing_enabled":true,"jetpack_likes_enabled":true,"jetpack-related-posts":[],"_links":{"self":[{"href":"https:\/\/eltrabajo.cl\/portal\/wp-json\/wp\/v2\/posts\/39628","targetHints":{"allow":["GET"]}}],"collection":[{"href":"https:\/\/eltrabajo.cl\/portal\/wp-json\/wp\/v2\/posts"}],"about":[{"href":"https:\/\/eltrabajo.cl\/portal\/wp-json\/wp\/v2\/types\/post"}],"author":[{"embeddable":true,"href":"https:\/\/eltrabajo.cl\/portal\/wp-json\/wp\/v2\/users\/482"}],"replies":[{"embeddable":true,"href":"https:\/\/eltrabajo.cl\/portal\/wp-json\/wp\/v2\/comments?post=39628"}],"version-history":[{"count":0,"href":"https:\/\/eltrabajo.cl\/portal\/wp-json\/wp\/v2\/posts\/39628\/revisions"}],"wp:featuredmedia":[{"embeddable":true,"href":"https:\/\/eltrabajo.cl\/portal\/wp-json\/wp\/v2\/media\/39629"}],"wp:attachment":[{"href":"https:\/\/eltrabajo.cl\/portal\/wp-json\/wp\/v2\/media?parent=39628"}],"wp:term":[{"taxonomy":"category","embeddable":true,"href":"https:\/\/eltrabajo.cl\/portal\/wp-json\/wp\/v2\/categories?post=39628"},{"taxonomy":"post_tag","embeddable":true,"href":"https:\/\/eltrabajo.cl\/portal\/wp-json\/wp\/v2\/tags?post=39628"}],"curies":[{"name":"wp","href":"https:\/\/api.w.org\/{rel}","templated":true}]}}