{"id":39631,"date":"2013-11-18T09:55:01","date_gmt":"2013-11-18T12:55:01","guid":{"rendered":"http:\/\/www.eltrabajo.cl\/portal\/?p=39631"},"modified":"2013-11-18T09:55:01","modified_gmt":"2013-11-18T12:55:01","slug":"ensamble-y-coro-del-campus-san-felipe-realizaran-concierto-de-fin-ano","status":"publish","type":"post","link":"https:\/\/eltrabajo.cl\/portal\/ensamble-y-coro-del-campus-san-felipe-realizaran-concierto-de-fin-ano\/","title":{"rendered":"Ensamble y Coro del Campus San Felipe realizar\u00e1n concierto de fin a\u00f1o"},"content":{"rendered":"<figure id=\"attachment_39632\" aria-describedby=\"caption-attachment-39632\" style=\"width: 529px\" class=\"wp-caption alignnone\"><a href=\"https:\/\/i0.wp.com\/www.eltrabajo.cl\/portal\/wp-content\/uploads\/2013\/11\/concierto-1.jpg\"><img data-recalc-dims=\"1\" loading=\"lazy\" decoding=\"async\" class=\"size-full wp-image-39632\" title=\"El concierto de fin de a\u00f1o se realizar\u00e1 este martes 19 de noviembre, a las 20:00 horas, en la Iglesia Catedral de la ciudad.\" alt=\"El concierto de fin de a\u00f1o se realizar\u00e1 este martes 19 de noviembre, a las 20:00 horas, en la Iglesia Catedral de la ciudad.\" src=\"https:\/\/i0.wp.com\/www.eltrabajo.cl\/portal\/wp-content\/uploads\/2013\/11\/concierto-1.jpg?resize=529%2C429\" width=\"529\" height=\"429\" srcset=\"https:\/\/i0.wp.com\/eltrabajo.cl\/portal\/wp-content\/uploads\/2013\/11\/concierto-1.jpg?w=529&amp;ssl=1 529w, https:\/\/i0.wp.com\/eltrabajo.cl\/portal\/wp-content\/uploads\/2013\/11\/concierto-1.jpg?resize=184%2C150&amp;ssl=1 184w, https:\/\/i0.wp.com\/eltrabajo.cl\/portal\/wp-content\/uploads\/2013\/11\/concierto-1.jpg?resize=300%2C243&amp;ssl=1 300w, https:\/\/i0.wp.com\/eltrabajo.cl\/portal\/wp-content\/uploads\/2013\/11\/concierto-1.jpg?resize=150%2C121&amp;ssl=1 150w, https:\/\/i0.wp.com\/eltrabajo.cl\/portal\/wp-content\/uploads\/2013\/11\/concierto-1.jpg?resize=400%2C324&amp;ssl=1 400w\" sizes=\"auto, (max-width: 529px) 100vw, 529px\" \/><\/a><figcaption id=\"caption-attachment-39632\" class=\"wp-caption-text\">El concierto de fin de a\u00f1o se realizar\u00e1 este martes 19 de noviembre, a las 20:00 horas, en la Iglesia Catedral de la ciudad.<\/figcaption><\/figure>\n<p>\u00abUn momento para juntarse a escuchar m\u00fasica\u00bb. Con estas palabras el Director del Ensamble y Coro del Campus San Felipe de la Universidad de Valpara\u00edso, Cristi\u00e1n Varas, defini\u00f3 el concierto de fin de a\u00f1o que se realizar\u00e1 este martes 19 de noviembre, a las 20:00 horas, en la Iglesia Catedral de la ciudad. El repertorio preparado este a\u00f1o por el Grupo Ensamble ha reunido piezas de Astor Piazzolla, V\u00edctor Jara, Violeta Parra, Manuel Garc\u00eda y Queen, mientras que el Coro ha dado cuenta de una recopilaci\u00f3n con canciones de Kike Santander, Polo Campos y Otilio Gal\u00edndez, entre otros.<\/p>\n<p>Al igual que en otras presentaciones, ambas agrupaciones invitan a otro grupo a participar en este concierto. As\u00ed, para esta ocasi\u00f3n, se sumar\u00e1 el Coro de Ni\u00f1os del Instituto Abd\u00f3n Cifuentes. Ambas grupos universitarios est\u00e1n integrados por acad\u00e9micos y alumnos de las carreras impartidas en el Campus San Felipe de la UV. Los integrantes tienen que tener un cierto dominio de alg\u00fan instrumento, en el caso de Ensamble, y conocimientos vocales b\u00e1sicos en lo que respecta al coro, de tal manera de generar una base adecuada para trabajarla durante el a\u00f1o.<\/p>\n<p>El profesor de la UV se\u00f1al\u00f3 que, sin duda, por esto resulta el momento m\u00e1s conveniente para mostrar el trabajo del a\u00f1o. \u00abSe ha ensayado mucho, quiz\u00e1 se acumul\u00f3 un repertorio interesante sumado a lo realizado el a\u00f1o anterior, sobre todo porque las personas han permanecido y eso es algo muy positivo para los grupos musicales, es un a\u00f1o que entusiasma, la mayor\u00eda de los alumnos y docentes continu\u00f3 en ambos grupos, eso ha resultado muy importante en lo que se refiere a la cohesi\u00f3n de los grupos\u00bb.<\/p>\n<p>&nbsp;<\/p>\n","protected":false},"excerpt":{"rendered":"<p>\u00abUn momento para juntarse a escuchar m\u00fasica\u00bb. Con estas palabras el Director del Ensamble y Coro del Campus San Felipe de la Universidad de Valpara\u00edso, Cristi\u00e1n Varas, defini\u00f3 el concierto de fin&#8230;<\/p>\n","protected":false},"author":482,"featured_media":39632,"comment_status":"open","ping_status":"closed","sticky":false,"template":"","format":"standard","meta":{"advanced_seo_description":"","jetpack_seo_html_title":"","jetpack_seo_noindex":false,"_jetpack_memberships_contains_paid_content":false,"footnotes":""},"categories":[15],"tags":[],"class_list":["post-39631","post","type-post","status-publish","format-standard","has-post-thumbnail","hentry","category-comunidad"],"jetpack_featured_media_url":"https:\/\/i0.wp.com\/eltrabajo.cl\/portal\/wp-content\/uploads\/2013\/11\/concierto-1.jpg?fit=529%2C429&ssl=1","jetpack_sharing_enabled":true,"jetpack_likes_enabled":true,"jetpack-related-posts":[],"_links":{"self":[{"href":"https:\/\/eltrabajo.cl\/portal\/wp-json\/wp\/v2\/posts\/39631","targetHints":{"allow":["GET"]}}],"collection":[{"href":"https:\/\/eltrabajo.cl\/portal\/wp-json\/wp\/v2\/posts"}],"about":[{"href":"https:\/\/eltrabajo.cl\/portal\/wp-json\/wp\/v2\/types\/post"}],"author":[{"embeddable":true,"href":"https:\/\/eltrabajo.cl\/portal\/wp-json\/wp\/v2\/users\/482"}],"replies":[{"embeddable":true,"href":"https:\/\/eltrabajo.cl\/portal\/wp-json\/wp\/v2\/comments?post=39631"}],"version-history":[{"count":0,"href":"https:\/\/eltrabajo.cl\/portal\/wp-json\/wp\/v2\/posts\/39631\/revisions"}],"wp:featuredmedia":[{"embeddable":true,"href":"https:\/\/eltrabajo.cl\/portal\/wp-json\/wp\/v2\/media\/39632"}],"wp:attachment":[{"href":"https:\/\/eltrabajo.cl\/portal\/wp-json\/wp\/v2\/media?parent=39631"}],"wp:term":[{"taxonomy":"category","embeddable":true,"href":"https:\/\/eltrabajo.cl\/portal\/wp-json\/wp\/v2\/categories?post=39631"},{"taxonomy":"post_tag","embeddable":true,"href":"https:\/\/eltrabajo.cl\/portal\/wp-json\/wp\/v2\/tags?post=39631"}],"curies":[{"name":"wp","href":"https:\/\/api.w.org\/{rel}","templated":true}]}}