{"id":39634,"date":"2013-11-18T09:57:07","date_gmt":"2013-11-18T12:57:07","guid":{"rendered":"http:\/\/www.eltrabajo.cl\/portal\/?p=39634"},"modified":"2013-11-18T09:57:07","modified_gmt":"2013-11-18T12:57:07","slug":"tito-vergara-una-vida-de-trabajo-dedicada-a-la-talabarteria","status":"publish","type":"post","link":"https:\/\/eltrabajo.cl\/portal\/tito-vergara-una-vida-de-trabajo-dedicada-a-la-talabarteria\/","title":{"rendered":"Tito Vergara: Una vida de trabajo dedicada a la talabarter\u00eda"},"content":{"rendered":"<figure id=\"attachment_39635\" aria-describedby=\"caption-attachment-39635\" style=\"width: 317px\" class=\"wp-caption alignleft\"><a href=\"https:\/\/i0.wp.com\/www.eltrabajo.cl\/portal\/wp-content\/uploads\/2013\/11\/tito-vergara.jpg\"><img data-recalc-dims=\"1\" loading=\"lazy\" decoding=\"async\" class=\" wp-image-39635 \" title=\"H\u00e9ctor Manuel Vergara Vergara, conocido popularmente en la comuna de Putaendo como \u2018Don Tito Vergara\u2019.\" alt=\"H\u00e9ctor Manuel Vergara Vergara, conocido popularmente en la comuna de Putaendo como \u2018Don Tito Vergara\u2019.\" src=\"https:\/\/i0.wp.com\/www.eltrabajo.cl\/portal\/wp-content\/uploads\/2013\/11\/tito-vergara.jpg?resize=317%2C302\" width=\"317\" height=\"302\" srcset=\"https:\/\/i0.wp.com\/eltrabajo.cl\/portal\/wp-content\/uploads\/2013\/11\/tito-vergara.jpg?w=529&amp;ssl=1 529w, https:\/\/i0.wp.com\/eltrabajo.cl\/portal\/wp-content\/uploads\/2013\/11\/tito-vergara.jpg?resize=157%2C150&amp;ssl=1 157w, https:\/\/i0.wp.com\/eltrabajo.cl\/portal\/wp-content\/uploads\/2013\/11\/tito-vergara.jpg?resize=300%2C285&amp;ssl=1 300w, https:\/\/i0.wp.com\/eltrabajo.cl\/portal\/wp-content\/uploads\/2013\/11\/tito-vergara.jpg?resize=150%2C142&amp;ssl=1 150w, https:\/\/i0.wp.com\/eltrabajo.cl\/portal\/wp-content\/uploads\/2013\/11\/tito-vergara.jpg?resize=400%2C381&amp;ssl=1 400w\" sizes=\"auto, (max-width: 317px) 100vw, 317px\" \/><\/a><figcaption id=\"caption-attachment-39635\" class=\"wp-caption-text\">H\u00e9ctor Manuel Vergara Vergara, conocido popularmente en la comuna de Putaendo como \u2018Don Tito Vergara\u2019.<\/figcaption><\/figure>\n<p><strong>PUTAENDO.<\/strong>&#8211; En este segundo ciclo de los reportajes denominados \u2018Nuestra gente\u2019, conoceremos parte de la historia de Don H\u00e9ctor Manuel Vergara Vergara, conocido popularmente en la comuna de Putaendo como \u2018Don Tito Vergara\u2019. Este conocido vecino, que hoy tiene 84 a\u00f1os, naci\u00f3 en una de las viviendas de Calle Sarmiento y es hijo de Don Jos\u00e9 Vergara C\u00e9spedes y de Do\u00f1a Estela Vergara Lazcano. Se cri\u00f3 junto a sus seis hermanos en la antigua vivienda ubicada frente al Restauran Los Adobes y desde peque\u00f1o comenz\u00f3 a trabajar en el taller de talabarter\u00eda de su padre, lugar donde con s\u00f3lo cinco a\u00f1os demostr\u00f3 una habilidad especial con las m\u00e1quinas de coser de aquellos a\u00f1os.<\/p>\n<p>&nbsp;<\/p>\n<p><strong>ABANDON\u00d3 SUS ESTUDIOS<\/strong><\/p>\n<p>Estudi\u00f3 en el Colegio Pascual Ba\u00f1ados de la comuna de Putaendo, pero su inter\u00e9s y amor por el arte de la talabarter\u00eda lo llev\u00f3 a que los doce a\u00f1os dejara los estudios y se dedicara de lleno a trabajar junto a su padre, realizando trabajos propios en el arte del cuero.<\/p>\n<p>\u2018Don Tito\u2019 nos se\u00f1ala orgulloso, que su padre no tan s\u00f3lo le ense\u00f1\u00f3 el arte de la talabarter\u00eda, sino que gracias a su disciplina y sus valores, logr\u00f3 desde peque\u00f1o ser una persona ordenada y ahorrativa y a ra\u00edz de ese trabajo, con tan solo 17 a\u00f1os logr\u00f3 comprar su actual casa que tambi\u00e9n tiene en Calle Sarmiento. Este esforzado vecino record\u00f3 que sus padres adem\u00e1s ten\u00edan una amasander\u00eda y que por m\u00e1s de catorce a\u00f1os deb\u00eda levantarse a las tres y media de la madrugada, trabajar en la amasander\u00eda para a las seis y media de la madrugada salir a repartir el pan.<\/p>\n<p>El a\u00f1o 1967, Don Jos\u00e9 Vergara C\u00e9spedes fallece, por lo que Don Tito decide tomar las riendas del local que ten\u00eda su padre en Calle Comercio, esquina de O\u2019Higgins, oficio que hasta la actualidad realiza con m\u00e1s de 72 a\u00f1os fabricando un sinn\u00famero de trabajos en cuero, entre las que destacan sus monturas que hoy son reconocidas como \u00fanicas y que incluso ha llevado a que Don Tito haya confeccionado monturas para Don Juan Renault, que hoy son exhibidas en Francia y en otros pa\u00edses latinoamericanos, donde son requeridas, adem\u00e1s en nuestro pa\u00eds por destacados amantes y familias del rodeo chileno.<\/p>\n<p>Durante 51 a\u00f1os estuvo casado con la se\u00f1ora Aurora Ahumada y de ese matrimonio nacieron sus tres hijos, \u2018Tela\u2019, \u00c1lvaro y Jos\u00e9, cuya descendencia le permite hoy tener nueve nietos y un bisnieto, reconociendo que su gran orgullo siempre han sido sus hijos y su familia.<\/p>\n<p>Don Tito Vergara nos se\u00f1ala que gracias a su trabajo pudo conocer a Don Hugo Monasterio, propietario de Funeraria La Uni\u00f3n, a quien le hac\u00eda los tapices para sus veh\u00edculos y con quien entabl\u00f3 una gran amistad, que llev\u00f3 a que Don Hugo Monasterio le instalara la sucursal de su empresa, que primero estuvo en Calle Comercio y posteriormente, hasta la actualidad en su casa de Calle Sarmiento, lo que ha llevado a que Don Tito durante 32 a\u00f1os, sea el representante de Funerarias La Uni\u00f3n en Putaendo, trabajo que asegura, le ha dado grandes satisfacciones, sobre todo cuando gracias al compromiso social de Don Hugo Monasterio, en muchas ocasiones ha podido ayudar a quienes realmente lo han necesitado en esos dif\u00edciles momentos, en un trabajo, que asegura, va m\u00e1s all\u00e1 de prestar un servicio.<\/p>\n<p>&nbsp;<\/p>\n<p><strong>LUCHA CONTRA EL C\u00c1NCER<\/strong><\/p>\n<p>Pero no todo ha sido f\u00e1cil en la vida de Tito Vergara, pues con una gran franqueza, al que muchos creen que no le entran balas, nos reconoci\u00f3 que despu\u00e9s de quedar viudo y al enfrentarse a su gran temor, como es la soledad, estuvo cerca de terminar con su vida, por lo que fue fundamental el apoyo de sus hijos y la compa\u00f1\u00eda que la se\u00f1ora Miriam Urbina le ha brindado por m\u00e1s de 20 a\u00f1os gracias al trabajo que ha realizado en su casa, adem\u00e1s dijo que hoy da una dura lucha contra el c\u00e1ncer, destacando como gracias a su hijo \u2018Pepillo\u2019, es posible realizarse un tratamiento en la Cl\u00ednica Santa Mar\u00eda de la ciudad de Santiago.<\/p>\n<p>Don Tito Vergara, acostumbrado a enfrentarse a la muerte en su cotidiano trabajo en la Funeraria La Uni\u00f3n y sin que lo consult\u00e1ramos, dice que no le tiene miedo a la muerte, que tiene la tranquilidad de partir en paz y de haber sido un ejemplo para sus hijos, pues orgulloso se\u00f1ala que en sus 84 a\u00f1os jam\u00e1s supo lo que era tomar un trago o fumar, tratando siempre de ser un espejo para sus hijos, siguiendo el legado de sus padres, por lo que asegura que enfrenta con tranquilidad lo que le depara el futuro.<\/p>\n<p>En esta grata conversaci\u00f3n, Don Tito tambi\u00e9n tuvo momentos para recordar a sus profesores, los sacerdotes Miguel Jaramillo, Juan Olivares y Juan Villaseca, las grandes fiestas de la primavera que se realizaban en la plaza de Putaendo, adem\u00e1s record\u00f3 como, cuando era un ni\u00f1o persegu\u00eda los burros para que no se comieran las flores de la plaza o como cuando ten\u00eda 14 a\u00f1os y junto a alg\u00fan adolescente de aquellos a\u00f1os compraba dos entradas para butaca y 100 gramos de Ambrosoli para ver la matin\u00e9e en el teatro que atend\u00eda don Ram\u00f3n Arancibia.<\/p>\n<p>Don Tito Vergara siempre se rehus\u00f3 a recibir reconocimientos p\u00fablicos por parte de la municipalidad o la parroquia, los que finalmente recib\u00eda en su casa, pues jam\u00e1s le gust\u00f3 aparecer en actos p\u00fablicos, sin embargo, accedi\u00f3 a conversar Diario El Trabajo en un di\u00e1logo franco que nos permiti\u00f3 conocer un poco m\u00e1s de su historia donde hoy, con 84 a\u00f1os y como \u00e9l mismo lo se\u00f1ala, sigue trabajando a diario en su taller de talabarter\u00eda con un estricto horario que ha mantenido durante toda su vida, como lo es levantarse a las siete de la ma\u00f1ana y acostarse a las 20:00 horas, asegurando que el buen guiso le ha permitido mantenerse con un estado f\u00edsico que s\u00f3lo ha sido doblegado por la enfermedad que hoy le afecta.<\/p>\n<p>Patricio Gallardo M.<\/p>\n","protected":false},"excerpt":{"rendered":"<p>PUTAENDO.&#8211; En este segundo ciclo de los reportajes denominados \u2018Nuestra gente\u2019, conoceremos parte de la historia de Don H\u00e9ctor Manuel Vergara Vergara, conocido popularmente en la comuna de Putaendo como \u2018Don Tito&#8230;<\/p>\n","protected":false},"author":482,"featured_media":39635,"comment_status":"open","ping_status":"closed","sticky":false,"template":"","format":"standard","meta":{"advanced_seo_description":"","jetpack_seo_html_title":"","jetpack_seo_noindex":false,"_jetpack_memberships_contains_paid_content":false,"footnotes":""},"categories":[15],"tags":[],"class_list":["post-39634","post","type-post","status-publish","format-standard","has-post-thumbnail","hentry","category-comunidad"],"jetpack_featured_media_url":"https:\/\/i0.wp.com\/eltrabajo.cl\/portal\/wp-content\/uploads\/2013\/11\/tito-vergara.jpg?fit=529%2C504&ssl=1","jetpack_sharing_enabled":true,"jetpack_likes_enabled":true,"jetpack-related-posts":[],"_links":{"self":[{"href":"https:\/\/eltrabajo.cl\/portal\/wp-json\/wp\/v2\/posts\/39634","targetHints":{"allow":["GET"]}}],"collection":[{"href":"https:\/\/eltrabajo.cl\/portal\/wp-json\/wp\/v2\/posts"}],"about":[{"href":"https:\/\/eltrabajo.cl\/portal\/wp-json\/wp\/v2\/types\/post"}],"author":[{"embeddable":true,"href":"https:\/\/eltrabajo.cl\/portal\/wp-json\/wp\/v2\/users\/482"}],"replies":[{"embeddable":true,"href":"https:\/\/eltrabajo.cl\/portal\/wp-json\/wp\/v2\/comments?post=39634"}],"version-history":[{"count":0,"href":"https:\/\/eltrabajo.cl\/portal\/wp-json\/wp\/v2\/posts\/39634\/revisions"}],"wp:featuredmedia":[{"embeddable":true,"href":"https:\/\/eltrabajo.cl\/portal\/wp-json\/wp\/v2\/media\/39635"}],"wp:attachment":[{"href":"https:\/\/eltrabajo.cl\/portal\/wp-json\/wp\/v2\/media?parent=39634"}],"wp:term":[{"taxonomy":"category","embeddable":true,"href":"https:\/\/eltrabajo.cl\/portal\/wp-json\/wp\/v2\/categories?post=39634"},{"taxonomy":"post_tag","embeddable":true,"href":"https:\/\/eltrabajo.cl\/portal\/wp-json\/wp\/v2\/tags?post=39634"}],"curies":[{"name":"wp","href":"https:\/\/api.w.org\/{rel}","templated":true}]}}