{"id":39640,"date":"2013-11-18T09:59:36","date_gmt":"2013-11-18T12:59:36","guid":{"rendered":"http:\/\/www.eltrabajo.cl\/portal\/?p=39640"},"modified":"2013-11-18T09:59:36","modified_gmt":"2013-11-18T12:59:36","slug":"tesoreria-se-hara-cargo-de-entrega-de-pensiones-de-gracia","status":"publish","type":"post","link":"https:\/\/eltrabajo.cl\/portal\/tesoreria-se-hara-cargo-de-entrega-de-pensiones-de-gracia\/","title":{"rendered":"Tesorer\u00eda se har\u00e1 cargo de entrega de pensiones de gracia"},"content":{"rendered":"<figure id=\"attachment_39641\" aria-describedby=\"caption-attachment-39641\" style=\"width: 317px\" class=\"wp-caption alignleft\"><a href=\"https:\/\/i0.wp.com\/www.eltrabajo.cl\/portal\/wp-content\/uploads\/2013\/11\/leonidas-cofre.jpg\"><img data-recalc-dims=\"1\" loading=\"lazy\" decoding=\"async\" class=\" wp-image-39641 \" title=\"El Tesorero Provincial, Leonidas Cofr\u00e9, , llam\u00f3 a los beneficiarios de pensiones de gracia a retirar sus cheques en la unidad ubicada en Calle Arturo Prat, esquina de Toro Mazote.\" alt=\"El Tesorero Provincial, Leonidas Cofr\u00e9, , llam\u00f3 a los beneficiarios de pensiones de gracia a retirar sus cheques en la unidad ubicada en Calle Arturo Prat, esquina de Toro Mazote.\" src=\"https:\/\/i0.wp.com\/www.eltrabajo.cl\/portal\/wp-content\/uploads\/2013\/11\/leonidas-cofre.jpg?resize=317%2C270\" width=\"317\" height=\"270\" srcset=\"https:\/\/i0.wp.com\/eltrabajo.cl\/portal\/wp-content\/uploads\/2013\/11\/leonidas-cofre.jpg?w=529&amp;ssl=1 529w, https:\/\/i0.wp.com\/eltrabajo.cl\/portal\/wp-content\/uploads\/2013\/11\/leonidas-cofre.jpg?resize=176%2C150&amp;ssl=1 176w, https:\/\/i0.wp.com\/eltrabajo.cl\/portal\/wp-content\/uploads\/2013\/11\/leonidas-cofre.jpg?resize=300%2C255&amp;ssl=1 300w, https:\/\/i0.wp.com\/eltrabajo.cl\/portal\/wp-content\/uploads\/2013\/11\/leonidas-cofre.jpg?resize=150%2C127&amp;ssl=1 150w, https:\/\/i0.wp.com\/eltrabajo.cl\/portal\/wp-content\/uploads\/2013\/11\/leonidas-cofre.jpg?resize=400%2C340&amp;ssl=1 400w\" sizes=\"auto, (max-width: 317px) 100vw, 317px\" \/><\/a><figcaption id=\"caption-attachment-39641\" class=\"wp-caption-text\">El Tesorero Provincial, Leonidas Cofr\u00e9, , llam\u00f3 a los beneficiarios de pensiones de gracia a retirar sus cheques en la unidad ubicada en Calle Arturo Prat, esquina de Toro Mazote.<\/figcaption><\/figure>\n<p>Hasta la Tesorer\u00eda Provincial de San Felipe, ubicada en Calle Arturo Prat esquina de Toro Mazote, tendr\u00e1n que acercarse los beneficiarios de pensiones de gracia, para retirar sus cheques del mes de noviembre. As\u00ed lo dio a conocer el Tesorero Leonidas Cofr\u00e9 Bonilla, quien se\u00f1al\u00f3 que si bien este proceso de entrega se realiza com\u00fanmente en los municipios, debido al paro de los funcionarios de las corporaciones edilicias, se encomend\u00f3 a este servicio p\u00fablico hacerse cargo de esta labor durante este mes.<\/p>\n<p>\u00abEn esta oportunidad, hay varios vecinos de Aconcagua que tienen que acercarse a retirar sus cheques de pensiones de gracia. Tanto de Los Andes como de San Felipe. Nosotros hemos trabajado normalmente, no estamos en paro, y para esta circunstancia, donde se nos pide el apoyo para la entrega de los cheques de pensiones de gracia, lo estamos haciendo\u00bb, se\u00f1al\u00f3 Cofr\u00e9 a Diario El Trabajo.<\/p>\n<p>A\u00f1adi\u00f3 que este es un servicio que excepcionalmente se est\u00e1 realizando en la Tesorer\u00eda Provincial de San Felipe, puntualmente debido a que los beneficiarios retirar sus cheques normalmente en los municipios, pero no lo han hecho como consecuencia del paro iniciado hace m\u00e1s de cuatro semanas.<\/p>\n<p>\u00abPor este mes de noviembre la Tesorer\u00eda va a hacer entrega de estos documentos. A nivel nacional se dispuso esta log\u00edstica a ra\u00edz del paro de los municipales. Por lo tanto, no es solamente en Aconcagua, sino que en todo Chile se va a prestar este servicio\u00bb, dijo el tesorero provincial.<\/p>\n<p>A\u00f1adi\u00f3 que antiguamente esta unidad ten\u00eda el control del pago de las pensiones de gracia, no obstante ahora ello es resorte de los municipios, siendo unas doscientas personas que en Aconcagua deben acudir a la Tesorer\u00eda a retirar sus respectivos cheques.<\/p>\n<p>&nbsp;<\/p>\n","protected":false},"excerpt":{"rendered":"<p>Hasta la Tesorer\u00eda Provincial de San Felipe, ubicada en Calle Arturo Prat esquina de Toro Mazote, tendr\u00e1n que acercarse los beneficiarios de pensiones de gracia, para retirar sus cheques del mes de&#8230;<\/p>\n","protected":false},"author":482,"featured_media":39641,"comment_status":"open","ping_status":"closed","sticky":false,"template":"","format":"standard","meta":{"advanced_seo_description":"","jetpack_seo_html_title":"","jetpack_seo_noindex":false,"_jetpack_memberships_contains_paid_content":false,"footnotes":""},"categories":[15],"tags":[],"class_list":["post-39640","post","type-post","status-publish","format-standard","has-post-thumbnail","hentry","category-comunidad"],"jetpack_featured_media_url":"https:\/\/i0.wp.com\/eltrabajo.cl\/portal\/wp-content\/uploads\/2013\/11\/leonidas-cofre.jpg?fit=529%2C450&ssl=1","jetpack_sharing_enabled":true,"jetpack_likes_enabled":true,"jetpack-related-posts":[],"_links":{"self":[{"href":"https:\/\/eltrabajo.cl\/portal\/wp-json\/wp\/v2\/posts\/39640","targetHints":{"allow":["GET"]}}],"collection":[{"href":"https:\/\/eltrabajo.cl\/portal\/wp-json\/wp\/v2\/posts"}],"about":[{"href":"https:\/\/eltrabajo.cl\/portal\/wp-json\/wp\/v2\/types\/post"}],"author":[{"embeddable":true,"href":"https:\/\/eltrabajo.cl\/portal\/wp-json\/wp\/v2\/users\/482"}],"replies":[{"embeddable":true,"href":"https:\/\/eltrabajo.cl\/portal\/wp-json\/wp\/v2\/comments?post=39640"}],"version-history":[{"count":0,"href":"https:\/\/eltrabajo.cl\/portal\/wp-json\/wp\/v2\/posts\/39640\/revisions"}],"wp:featuredmedia":[{"embeddable":true,"href":"https:\/\/eltrabajo.cl\/portal\/wp-json\/wp\/v2\/media\/39641"}],"wp:attachment":[{"href":"https:\/\/eltrabajo.cl\/portal\/wp-json\/wp\/v2\/media?parent=39640"}],"wp:term":[{"taxonomy":"category","embeddable":true,"href":"https:\/\/eltrabajo.cl\/portal\/wp-json\/wp\/v2\/categories?post=39640"},{"taxonomy":"post_tag","embeddable":true,"href":"https:\/\/eltrabajo.cl\/portal\/wp-json\/wp\/v2\/tags?post=39640"}],"curies":[{"name":"wp","href":"https:\/\/api.w.org\/{rel}","templated":true}]}}