{"id":39643,"date":"2013-11-18T10:04:07","date_gmt":"2013-11-18T13:04:07","guid":{"rendered":"http:\/\/www.eltrabajo.cl\/portal\/?p=39643"},"modified":"2013-11-18T10:04:07","modified_gmt":"2013-11-18T13:04:07","slug":"registro-civil-con-problemas-para-entregar-cedulas-a-extranjeros","status":"publish","type":"post","link":"https:\/\/eltrabajo.cl\/portal\/registro-civil-con-problemas-para-entregar-cedulas-a-extranjeros\/","title":{"rendered":"Registro Civil con problemas para entregar c\u00e9dulas a extranjeros"},"content":{"rendered":"<figure id=\"attachment_39644\" aria-describedby=\"caption-attachment-39644\" style=\"width: 317px\" class=\"wp-caption alignleft\"><a href=\"https:\/\/i0.wp.com\/www.eltrabajo.cl\/portal\/wp-content\/uploads\/2013\/11\/maria-isabel-villarroel.jpg\"><img data-recalc-dims=\"1\" loading=\"lazy\" decoding=\"async\" class=\" wp-image-39644 \" title=\"Mar\u00eda Isabel Villarroel, Oficial del Registro Civil de San Felipe.\" alt=\"Mar\u00eda Isabel Villarroel, Oficial del Registro Civil de San Felipe.\" src=\"https:\/\/i0.wp.com\/www.eltrabajo.cl\/portal\/wp-content\/uploads\/2013\/11\/maria-isabel-villarroel.jpg?resize=317%2C238\" width=\"317\" height=\"238\" srcset=\"https:\/\/i0.wp.com\/eltrabajo.cl\/portal\/wp-content\/uploads\/2013\/11\/maria-isabel-villarroel.jpg?w=528&amp;ssl=1 528w, https:\/\/i0.wp.com\/eltrabajo.cl\/portal\/wp-content\/uploads\/2013\/11\/maria-isabel-villarroel.jpg?resize=200%2C150&amp;ssl=1 200w, https:\/\/i0.wp.com\/eltrabajo.cl\/portal\/wp-content\/uploads\/2013\/11\/maria-isabel-villarroel.jpg?resize=300%2C225&amp;ssl=1 300w, https:\/\/i0.wp.com\/eltrabajo.cl\/portal\/wp-content\/uploads\/2013\/11\/maria-isabel-villarroel.jpg?resize=150%2C112&amp;ssl=1 150w, https:\/\/i0.wp.com\/eltrabajo.cl\/portal\/wp-content\/uploads\/2013\/11\/maria-isabel-villarroel.jpg?resize=400%2C300&amp;ssl=1 400w\" sizes=\"auto, (max-width: 317px) 100vw, 317px\" \/><\/a><figcaption id=\"caption-attachment-39644\" class=\"wp-caption-text\">Mar\u00eda Isabel Villarroel, Oficial del Registro Civil de San Felipe.<\/figcaption><\/figure>\n<p>La Oficial del Registro Civil de San Felipe, Mar\u00eda Isabel Villarroel, reconoci\u00f3 las dificultades que se han presentado en la entrega de c\u00e9dulas de identidad y pasaportes, debido a las fallas que presenta el nuevo Sistema Morpho, implementado en octubre pasado a nivel nacional. La funcionaria se\u00f1al\u00f3 que los mayores problemas se presentan con las c\u00e9dulas para extranjeros que la solicitan por primera vez, gener\u00e1ndose grandes demoras en su entrega, as\u00ed como falencias en la informaci\u00f3n contenida en tales documentos de identificaci\u00f3n.<\/p>\n<p>Si bien a nivel nacional se han registrado complicaciones relativas incluso, al cambio de nombres, fotograf\u00edas erradas y faltas ortogr\u00e1ficas, lo cierto es que en San Felipe los problemas pasan principalmente por la demora en la emisi\u00f3n del documento, lo que ha significado molestias en los usuarios y malos ratos para los funcionarios, que son los que tienen que escuchar y atender las quejas.<\/p>\n<p>Hay casos de personas que llegan a hacer el tr\u00e1mite de obtenci\u00f3n de c\u00e9dula o pasaporte, cuyos antecedentes no pueden ser ingresados al sistema, quedando pendientes una y otra vez.<\/p>\n<p>\u00abLos plazos para entregar esas c\u00e9dulas son muy inciertos, no tenemos fecha de entrega. Esto es un problema del sistema Morpho, por lo que ac\u00e1 en San Felipe y a nivel nacional se han presentado problemas\u00bb, se\u00f1al\u00f3 Villarroel.<\/p>\n<p>La Jefa del Registro Civil explic\u00f3 que actualmente, debido a esta situaci\u00f3n, no se manejan fechas exactas para la entrega de los documentos de identificaci\u00f3n, principalmente la c\u00e9dula para extranjeros y la petici\u00f3n de primera filiaci\u00f3n, en la cual se debe tomar la impresi\u00f3n de los diez dedos.<\/p>\n<p>\u00abEse es todo el tr\u00e1mite que est\u00e1 pendiente, que est\u00e1 en demora. No hemos tenido problemas de cambio de identidad de personas. Lo que se ha producido es la demora m\u00e1s que nada y la aceptaci\u00f3n del sistema, a la posible rectificaci\u00f3n de la partida de nacimiento que haya tenido la persona. Es ah\u00ed donde est\u00e1 el problema mayor\u00bb, se\u00f1al\u00f3 la funcionaria.<\/p>\n<p>&nbsp;<\/p>\n","protected":false},"excerpt":{"rendered":"<p>La Oficial del Registro Civil de San Felipe, Mar\u00eda Isabel Villarroel, reconoci\u00f3 las dificultades que se han presentado en la entrega de c\u00e9dulas de identidad y pasaportes, debido a las fallas que&#8230;<\/p>\n","protected":false},"author":482,"featured_media":39644,"comment_status":"open","ping_status":"closed","sticky":false,"template":"","format":"standard","meta":{"advanced_seo_description":"","jetpack_seo_html_title":"","jetpack_seo_noindex":false,"_jetpack_memberships_contains_paid_content":false,"footnotes":""},"categories":[15],"tags":[],"class_list":["post-39643","post","type-post","status-publish","format-standard","has-post-thumbnail","hentry","category-comunidad"],"jetpack_featured_media_url":"https:\/\/i0.wp.com\/eltrabajo.cl\/portal\/wp-content\/uploads\/2013\/11\/maria-isabel-villarroel.jpg?fit=528%2C396&ssl=1","jetpack_sharing_enabled":true,"jetpack_likes_enabled":true,"jetpack-related-posts":[],"_links":{"self":[{"href":"https:\/\/eltrabajo.cl\/portal\/wp-json\/wp\/v2\/posts\/39643","targetHints":{"allow":["GET"]}}],"collection":[{"href":"https:\/\/eltrabajo.cl\/portal\/wp-json\/wp\/v2\/posts"}],"about":[{"href":"https:\/\/eltrabajo.cl\/portal\/wp-json\/wp\/v2\/types\/post"}],"author":[{"embeddable":true,"href":"https:\/\/eltrabajo.cl\/portal\/wp-json\/wp\/v2\/users\/482"}],"replies":[{"embeddable":true,"href":"https:\/\/eltrabajo.cl\/portal\/wp-json\/wp\/v2\/comments?post=39643"}],"version-history":[{"count":0,"href":"https:\/\/eltrabajo.cl\/portal\/wp-json\/wp\/v2\/posts\/39643\/revisions"}],"wp:featuredmedia":[{"embeddable":true,"href":"https:\/\/eltrabajo.cl\/portal\/wp-json\/wp\/v2\/media\/39644"}],"wp:attachment":[{"href":"https:\/\/eltrabajo.cl\/portal\/wp-json\/wp\/v2\/media?parent=39643"}],"wp:term":[{"taxonomy":"category","embeddable":true,"href":"https:\/\/eltrabajo.cl\/portal\/wp-json\/wp\/v2\/categories?post=39643"},{"taxonomy":"post_tag","embeddable":true,"href":"https:\/\/eltrabajo.cl\/portal\/wp-json\/wp\/v2\/tags?post=39643"}],"curies":[{"name":"wp","href":"https:\/\/api.w.org\/{rel}","templated":true}]}}