{"id":39658,"date":"2013-11-18T10:15:13","date_gmt":"2013-11-18T13:15:13","guid":{"rendered":"http:\/\/www.eltrabajo.cl\/portal\/?p=39658"},"modified":"2013-11-18T10:15:13","modified_gmt":"2013-11-18T13:15:13","slug":"bachelet-y-matthei-a-balotaje-y-rivas-y-nunez-reelectos-como-diputados","status":"publish","type":"post","link":"https:\/\/eltrabajo.cl\/portal\/bachelet-y-matthei-a-balotaje-y-rivas-y-nunez-reelectos-como-diputados\/","title":{"rendered":"Bachelet y Matthei a balotaje, y Rivas y N\u00fa\u00f1ez reelectos como diputados"},"content":{"rendered":"<figure id=\"attachment_39659\" aria-describedby=\"caption-attachment-39659\" style=\"width: 317px\" class=\"wp-caption alignleft\"><a href=\"https:\/\/i0.wp.com\/www.eltrabajo.cl\/portal\/wp-content\/uploads\/2013\/11\/gaspar-rivas.jpg\"><img data-recalc-dims=\"1\" loading=\"lazy\" decoding=\"async\" class=\" wp-image-39659 \" title=\"Gaspar Rivas, diputado reelecto, realiz\u00f3 un recorrido por los distintos locales de votaci\u00f3n.     Marco Antonio N\u00fa\u00f1ez, en el momento en que emite su sufragio en la Escuela Bernardo O\u2019Higgins de San Felipe.\" alt=\"Gaspar Rivas, diputado reelecto, realiz\u00f3 un recorrido por los distintos locales de votaci\u00f3n.     Marco Antonio N\u00fa\u00f1ez, en el momento en que emite su sufragio en la Escuela Bernardo O\u2019Higgins de San Felipe.\" src=\"https:\/\/i0.wp.com\/www.eltrabajo.cl\/portal\/wp-content\/uploads\/2013\/11\/gaspar-rivas.jpg?resize=317%2C238\" width=\"317\" height=\"238\" srcset=\"https:\/\/i0.wp.com\/eltrabajo.cl\/portal\/wp-content\/uploads\/2013\/11\/gaspar-rivas.jpg?w=529&amp;ssl=1 529w, https:\/\/i0.wp.com\/eltrabajo.cl\/portal\/wp-content\/uploads\/2013\/11\/gaspar-rivas.jpg?resize=200%2C150&amp;ssl=1 200w, https:\/\/i0.wp.com\/eltrabajo.cl\/portal\/wp-content\/uploads\/2013\/11\/gaspar-rivas.jpg?resize=300%2C225&amp;ssl=1 300w, https:\/\/i0.wp.com\/eltrabajo.cl\/portal\/wp-content\/uploads\/2013\/11\/gaspar-rivas.jpg?resize=150%2C112&amp;ssl=1 150w, https:\/\/i0.wp.com\/eltrabajo.cl\/portal\/wp-content\/uploads\/2013\/11\/gaspar-rivas.jpg?resize=400%2C300&amp;ssl=1 400w\" sizes=\"auto, (max-width: 317px) 100vw, 317px\" \/><\/a><figcaption id=\"caption-attachment-39659\" class=\"wp-caption-text\">Gaspar Rivas, diputado reelecto, realiz\u00f3 un recorrido por los distintos locales de votaci\u00f3n.<br \/>Marco Antonio N\u00fa\u00f1ez, en el momento en que emite su sufragio en la Escuela Bernardo O\u2019Higgins de San Felipe.<\/figcaption><\/figure>\n<p><strong>ACONCAGUA<\/strong>.- Mientras que Michelle Bachelet y Evelyn Matthei se tendr\u00e1n que disputar la silla de La Moneda el pr\u00f3ximo 15 de diciembre, los dados en la pol\u00edtica ya fueron echados para los actuales diputados Marco Antonio N\u00fa\u00f1ez (PPD) y Gaspar Rivas (RN), quienes resultaron triunfadores de las elecciones parlamentarias en el Distrito 11, realizadas la jornada de ayer domingo. N\u00fa\u00f1ez se coron\u00f3 el principal vencedor de esta jornada electoral, al obtener la primera mayor\u00eda de estas elecciones, consiguiendo cerca del 50 por ciento de los votos, sin llegar a obtener el anhelado doblaje que aspiraba su compa\u00f1ero de lista, Miguel Moreno.<\/p>\n<p>En tanto, Rivas logr\u00f3 imponerse a su compa\u00f1ero de lista Felipe Cuevas, quien obtuvo una votaci\u00f3n bastante menor, pese a haber recibido el pleno apoyo del ex diputado UDI Marcelo Forni. A nivel de presidenciales, la candidatura de Michelle Bachelet se impuso con creces en el Valle de Aconcagua, en tanto que Evelyn Matthei result\u00f3 con el segundo lugar, lo que ratifica el panorama nacional que deja de manifiesto la realizaci\u00f3n de segunda vuelta el pr\u00f3ximo 15 de diciembre.<\/p>\n<figure id=\"attachment_39660\" aria-describedby=\"caption-attachment-39660\" style=\"width: 317px\" class=\"wp-caption alignright\"><a href=\"https:\/\/i0.wp.com\/www.eltrabajo.cl\/portal\/wp-content\/uploads\/2013\/11\/marco-antonio-nu%C3%B1ez.jpg\"><img data-recalc-dims=\"1\" loading=\"lazy\" decoding=\"async\" class=\" wp-image-39660 \" title=\"Gaspar Rivas, diputado reelecto, realiz\u00f3 un recorrido por los distintos locales de votaci\u00f3n.     Marco Antonio N\u00fa\u00f1ez, en el momento en que emite su sufragio en la Escuela Bernardo O\u2019Higgins de San Felipe.\" alt=\"Gaspar Rivas, diputado reelecto, realiz\u00f3 un recorrido por los distintos locales de votaci\u00f3n.     Marco Antonio N\u00fa\u00f1ez, en el momento en que emite su sufragio en la Escuela Bernardo O\u2019Higgins de San Felipe.\" src=\"https:\/\/i0.wp.com\/www.eltrabajo.cl\/portal\/wp-content\/uploads\/2013\/11\/marco-antonio-nu%C3%B1ez.jpg?resize=317%2C238\" width=\"317\" height=\"238\" srcset=\"https:\/\/i0.wp.com\/eltrabajo.cl\/portal\/wp-content\/uploads\/2013\/11\/marco-antonio-nu%C3%B1ez.jpg?w=529&amp;ssl=1 529w, https:\/\/i0.wp.com\/eltrabajo.cl\/portal\/wp-content\/uploads\/2013\/11\/marco-antonio-nu%C3%B1ez.jpg?resize=200%2C150&amp;ssl=1 200w, https:\/\/i0.wp.com\/eltrabajo.cl\/portal\/wp-content\/uploads\/2013\/11\/marco-antonio-nu%C3%B1ez.jpg?resize=300%2C225&amp;ssl=1 300w, https:\/\/i0.wp.com\/eltrabajo.cl\/portal\/wp-content\/uploads\/2013\/11\/marco-antonio-nu%C3%B1ez.jpg?resize=150%2C112&amp;ssl=1 150w, https:\/\/i0.wp.com\/eltrabajo.cl\/portal\/wp-content\/uploads\/2013\/11\/marco-antonio-nu%C3%B1ez.jpg?resize=400%2C300&amp;ssl=1 400w\" sizes=\"auto, (max-width: 317px) 100vw, 317px\" \/><\/a><figcaption id=\"caption-attachment-39660\" class=\"wp-caption-text\">Gaspar Rivas, diputado reelecto, realiz\u00f3 un recorrido por los distintos locales de votaci\u00f3n.<br \/>Marco Antonio N\u00fa\u00f1ez, en el momento en que emite su sufragio en la Escuela Bernardo O\u2019Higgins de San Felipe.<\/figcaption><\/figure>\n<p>&nbsp;<\/p>\n<p><strong>CONSEJEROS REGIONALES<\/strong><\/p>\n<p>A nivel de consejeros regionales, Mario Sottolichio se impuso en la votaci\u00f3n, seguido de Rolando Stevenson \u2013que obtuvo una alta adhesi\u00f3n en la comuna de San Felipe-, en tanto que el tercer candidato electo Core, es Iv\u00e1n Reyes, quien ser\u00e1 el \u00fanico representante de la Alianza que ocupar\u00e1 este cargo. Sobre estos resultados, Sottolichio prefiri\u00f3 no entregar declaraciones a eso de las 21:00 horas, ya que no ten\u00eda claridad a\u00fan acerca de si efectivamente hab\u00eda logrado la primera mayor\u00eda. En tanto, Stevenson se mostr\u00f3 muy agradecido del apoyo de la comunidad, mientras que Iv\u00e1n Reyes dijo estar conforme por este resultado, lo que deja de manifiesto a su juicio, la positiva valoraci\u00f3n que realiza la comunidad a su trabajo como consejero regional en ejercicio.<\/p>\n<p>&nbsp;<\/p>\n","protected":false},"excerpt":{"rendered":"<p>ACONCAGUA.- Mientras que Michelle Bachelet y Evelyn Matthei se tendr\u00e1n que disputar la silla de La Moneda el pr\u00f3ximo 15 de diciembre, los dados en la pol\u00edtica ya fueron echados para los&#8230;<\/p>\n","protected":false},"author":482,"featured_media":39659,"comment_status":"open","ping_status":"closed","sticky":false,"template":"","format":"standard","meta":{"advanced_seo_description":"","jetpack_seo_html_title":"","jetpack_seo_noindex":false,"_jetpack_memberships_contains_paid_content":false,"footnotes":""},"categories":[15],"tags":[],"class_list":["post-39658","post","type-post","status-publish","format-standard","has-post-thumbnail","hentry","category-comunidad"],"jetpack_featured_media_url":"https:\/\/i0.wp.com\/eltrabajo.cl\/portal\/wp-content\/uploads\/2013\/11\/gaspar-rivas.jpg?fit=529%2C397&ssl=1","jetpack_sharing_enabled":true,"jetpack_likes_enabled":true,"jetpack-related-posts":[],"_links":{"self":[{"href":"https:\/\/eltrabajo.cl\/portal\/wp-json\/wp\/v2\/posts\/39658","targetHints":{"allow":["GET"]}}],"collection":[{"href":"https:\/\/eltrabajo.cl\/portal\/wp-json\/wp\/v2\/posts"}],"about":[{"href":"https:\/\/eltrabajo.cl\/portal\/wp-json\/wp\/v2\/types\/post"}],"author":[{"embeddable":true,"href":"https:\/\/eltrabajo.cl\/portal\/wp-json\/wp\/v2\/users\/482"}],"replies":[{"embeddable":true,"href":"https:\/\/eltrabajo.cl\/portal\/wp-json\/wp\/v2\/comments?post=39658"}],"version-history":[{"count":0,"href":"https:\/\/eltrabajo.cl\/portal\/wp-json\/wp\/v2\/posts\/39658\/revisions"}],"wp:featuredmedia":[{"embeddable":true,"href":"https:\/\/eltrabajo.cl\/portal\/wp-json\/wp\/v2\/media\/39659"}],"wp:attachment":[{"href":"https:\/\/eltrabajo.cl\/portal\/wp-json\/wp\/v2\/media?parent=39658"}],"wp:term":[{"taxonomy":"category","embeddable":true,"href":"https:\/\/eltrabajo.cl\/portal\/wp-json\/wp\/v2\/categories?post=39658"},{"taxonomy":"post_tag","embeddable":true,"href":"https:\/\/eltrabajo.cl\/portal\/wp-json\/wp\/v2\/tags?post=39658"}],"curies":[{"name":"wp","href":"https:\/\/api.w.org\/{rel}","templated":true}]}}