{"id":39674,"date":"2013-11-19T09:51:05","date_gmt":"2013-11-19T12:51:05","guid":{"rendered":"http:\/\/www.eltrabajo.cl\/portal\/?p=39674"},"modified":"2013-11-19T09:51:05","modified_gmt":"2013-11-19T12:51:05","slug":"hoy-despiden-a-rafael-huaso-henriquez-en-cementerio-almendral","status":"publish","type":"post","link":"https:\/\/eltrabajo.cl\/portal\/hoy-despiden-a-rafael-huaso-henriquez-en-cementerio-almendral\/","title":{"rendered":"Hoy despiden a Rafael \u2018Huaso\u2019 Henr\u00edquez en Cementerio Almendral"},"content":{"rendered":"<figure id=\"attachment_39675\" aria-describedby=\"caption-attachment-39675\" style=\"width: 191px\" class=\"wp-caption alignleft\"><a href=\"https:\/\/i0.wp.com\/www.eltrabajo.cl\/portal\/wp-content\/uploads\/2013\/11\/huaso1.jpg\"><img data-recalc-dims=\"1\" loading=\"lazy\" decoding=\"async\" class=\" wp-image-39675  \" title=\"As\u00ed luc\u00eda Rafael \u2018Huaso\u2019 Henr\u00edquez, figura del ayer deportivo del Un\u00ed y Huachipato de Chile.\" alt=\"As\u00ed luc\u00eda Rafael \u2018Huaso\u2019 Henr\u00edquez, figura del ayer deportivo del Un\u00ed y Huachipato de Chile.\" src=\"https:\/\/i0.wp.com\/www.eltrabajo.cl\/portal\/wp-content\/uploads\/2013\/11\/huaso1.jpg?resize=191%2C286\" width=\"191\" height=\"286\" srcset=\"https:\/\/i0.wp.com\/eltrabajo.cl\/portal\/wp-content\/uploads\/2013\/11\/huaso1.jpg?w=530&amp;ssl=1 530w, https:\/\/i0.wp.com\/eltrabajo.cl\/portal\/wp-content\/uploads\/2013\/11\/huaso1.jpg?resize=100%2C150&amp;ssl=1 100w, https:\/\/i0.wp.com\/eltrabajo.cl\/portal\/wp-content\/uploads\/2013\/11\/huaso1.jpg?resize=200%2C300&amp;ssl=1 200w, https:\/\/i0.wp.com\/eltrabajo.cl\/portal\/wp-content\/uploads\/2013\/11\/huaso1.jpg?resize=400%2C600&amp;ssl=1 400w\" sizes=\"auto, (max-width: 191px) 100vw, 191px\" \/><\/a><figcaption id=\"caption-attachment-39675\" class=\"wp-caption-text\">As\u00ed luc\u00eda Rafael \u2018Huaso\u2019 Henr\u00edquez, figura del ayer deportivo del Un\u00ed y Huachipato de Chile.<\/figcaption><\/figure>\n<p>Visti\u00f3 la polera N\u00ba 17 del Un\u00ed Un\u00ed y la hizo suya por muchos a\u00f1os en este club deportivo mientras goleaba a los mejores arqueros del pa\u00eds que lo ten\u00edan que enfrentar en cada partido; supo beber la miel de la gloria deportiva y tambi\u00e9n fue el jugador mejor vendido a un club en su \u00e9poca. Hablamos de Rafael \u2018Huaso\u2019 Henr\u00edquez, por quien el Club Deportivo Huachipato hab\u00eda pagado la astron\u00f3mica suma de $100 millones por el contrato del jugador en 1968.<\/p>\n<p>Pues es este mismo astro del f\u00fatbol nacional a quien le era tan f\u00e1cil fulminar a sus adversarios deportivos con sus potentes goles y a quien se vitoreaba con ah\u00ednco en todo Chile, es tambi\u00e9n al hombre; al amigo; al ex puntero izquierdo del Un\u00ed y al padre de dos preciosas hijas y un hijo de catorce a\u00f1os, a quien lloran todos hoy en San Felipe.<\/p>\n<p>\u2018El Huaso\u2019 Henr\u00edquez falleci\u00f3 a las 18:15 horas de este domingo en la UCI del Hospital San Camilo, luego que dos infartos atentaron contra su vida hace dos semanas, tiempo desde el cual \u00e9l luch\u00f3 por su vida, pero no logr\u00f3 superar el mal cardiaco.<\/p>\n<p>\u00abA \u00e9l le recuerdo desde que \u00e9ramos chicos, jugu\u00e9 a su lado durante 1970 y 1971, juntos hicimos estragos en los estadios con el Un\u00ed, supe que falleci\u00f3 y en verdad que me ha golpeado mucho, pues fue siempre uno de mis mejores amigos\u00bb, asegur\u00f3 a Diario El Trabajo Antonio \u2018Cocoa\u2019 Villarroel, amigo personal del hoy fallecido.<\/p>\n<p>\u00abNosotros estamos agradecidos con tantas muestras de cari\u00f1o para con mi hermano, \u00e9l supo alegrar la vida de millones cuando fue su tiempo, desde que ocurri\u00f3 el infarto han llamado ex jugadores de todo el pa\u00eds y amigos personales de Rafael, yo vengo de Coquimbo\u00bb, indic\u00f3 su hermano, Fernando Henr\u00edquez. Los funerales del \u2018Huaso\u2019 Henr\u00edquez se realizar\u00e1n hoy con una Misa a las 10:30 horas en la capilla de la poblaci\u00f3n El Pino, Camino Tocornal, de donde ser\u00e1 trasladado despu\u00e9s al Cementerio Almendral.<\/p>\n<p>Rafael naci\u00f3 el 20 de octubre de 1946 y se inici\u00f3 en el Club Tocornal de San Felipe.<\/p>\n<p>Roberto Gonz\u00e1lez Short<\/p>\n<p>rgonzalez@eltrabajo.cl<\/p>\n","protected":false},"excerpt":{"rendered":"<p>Visti\u00f3 la polera N\u00ba 17 del Un\u00ed Un\u00ed y la hizo suya por muchos a\u00f1os en este club deportivo mientras goleaba a los mejores arqueros del pa\u00eds que lo ten\u00edan que enfrentar&#8230;<\/p>\n","protected":false},"author":482,"featured_media":39675,"comment_status":"open","ping_status":"closed","sticky":false,"template":"","format":"standard","meta":{"advanced_seo_description":"","jetpack_seo_html_title":"","jetpack_seo_noindex":false,"_jetpack_memberships_contains_paid_content":false,"footnotes":""},"categories":[15],"tags":[],"class_list":["post-39674","post","type-post","status-publish","format-standard","has-post-thumbnail","hentry","category-comunidad"],"jetpack_featured_media_url":"https:\/\/i0.wp.com\/eltrabajo.cl\/portal\/wp-content\/uploads\/2013\/11\/huaso1.jpg?fit=530%2C795&ssl=1","jetpack_sharing_enabled":true,"jetpack_likes_enabled":true,"jetpack-related-posts":[],"_links":{"self":[{"href":"https:\/\/eltrabajo.cl\/portal\/wp-json\/wp\/v2\/posts\/39674","targetHints":{"allow":["GET"]}}],"collection":[{"href":"https:\/\/eltrabajo.cl\/portal\/wp-json\/wp\/v2\/posts"}],"about":[{"href":"https:\/\/eltrabajo.cl\/portal\/wp-json\/wp\/v2\/types\/post"}],"author":[{"embeddable":true,"href":"https:\/\/eltrabajo.cl\/portal\/wp-json\/wp\/v2\/users\/482"}],"replies":[{"embeddable":true,"href":"https:\/\/eltrabajo.cl\/portal\/wp-json\/wp\/v2\/comments?post=39674"}],"version-history":[{"count":0,"href":"https:\/\/eltrabajo.cl\/portal\/wp-json\/wp\/v2\/posts\/39674\/revisions"}],"wp:featuredmedia":[{"embeddable":true,"href":"https:\/\/eltrabajo.cl\/portal\/wp-json\/wp\/v2\/media\/39675"}],"wp:attachment":[{"href":"https:\/\/eltrabajo.cl\/portal\/wp-json\/wp\/v2\/media?parent=39674"}],"wp:term":[{"taxonomy":"category","embeddable":true,"href":"https:\/\/eltrabajo.cl\/portal\/wp-json\/wp\/v2\/categories?post=39674"},{"taxonomy":"post_tag","embeddable":true,"href":"https:\/\/eltrabajo.cl\/portal\/wp-json\/wp\/v2\/tags?post=39674"}],"curies":[{"name":"wp","href":"https:\/\/api.w.org\/{rel}","templated":true}]}}