{"id":39679,"date":"2013-11-19T09:54:06","date_gmt":"2013-11-19T12:54:06","guid":{"rendered":"http:\/\/www.eltrabajo.cl\/portal\/?p=39679"},"modified":"2013-11-19T09:54:06","modified_gmt":"2013-11-19T12:54:06","slug":"bomberos-obtienen-3er-lugar-en-convencion-de-bombas-espanolas-de-chile","status":"publish","type":"post","link":"https:\/\/eltrabajo.cl\/portal\/bomberos-obtienen-3er-lugar-en-convencion-de-bombas-espanolas-de-chile\/","title":{"rendered":"Bomberos obtienen 3er lugar en Convenci\u00f3n de Bombas Espa\u00f1olas de Chile"},"content":{"rendered":"<figure id=\"attachment_39680\" aria-describedby=\"caption-attachment-39680\" style=\"width: 529px\" class=\"wp-caption alignnone\"><a href=\"https:\/\/i0.wp.com\/www.eltrabajo.cl\/portal\/wp-content\/uploads\/2013\/11\/convcencion-quinta1.jpg\"><img data-recalc-dims=\"1\" loading=\"lazy\" decoding=\"async\" class=\"size-full wp-image-39680\" title=\"La Quinta Compa\u00f1\u00eda \u2018Bomba Espa\u00f1a\u2019 cumpli\u00f3 satisfactoriamente con las obligaciones impuestas por la Confederaci\u00f3n de Bombas Espa\u00f1olas.\" alt=\"La Quinta Compa\u00f1\u00eda \u2018Bomba Espa\u00f1a\u2019 cumpli\u00f3 satisfactoriamente con las obligaciones impuestas por la Confederaci\u00f3n de Bombas Espa\u00f1olas.\" src=\"https:\/\/i0.wp.com\/www.eltrabajo.cl\/portal\/wp-content\/uploads\/2013\/11\/convcencion-quinta1.jpg?resize=529%2C326\" width=\"529\" height=\"326\" srcset=\"https:\/\/i0.wp.com\/eltrabajo.cl\/portal\/wp-content\/uploads\/2013\/11\/convcencion-quinta1.jpg?w=529&amp;ssl=1 529w, https:\/\/i0.wp.com\/eltrabajo.cl\/portal\/wp-content\/uploads\/2013\/11\/convcencion-quinta1.jpg?resize=200%2C123&amp;ssl=1 200w, https:\/\/i0.wp.com\/eltrabajo.cl\/portal\/wp-content\/uploads\/2013\/11\/convcencion-quinta1.jpg?resize=300%2C184&amp;ssl=1 300w, https:\/\/i0.wp.com\/eltrabajo.cl\/portal\/wp-content\/uploads\/2013\/11\/convcencion-quinta1.jpg?resize=150%2C92&amp;ssl=1 150w, https:\/\/i0.wp.com\/eltrabajo.cl\/portal\/wp-content\/uploads\/2013\/11\/convcencion-quinta1.jpg?resize=400%2C246&amp;ssl=1 400w\" sizes=\"auto, (max-width: 529px) 100vw, 529px\" \/><\/a><figcaption id=\"caption-attachment-39680\" class=\"wp-caption-text\">La Quinta Compa\u00f1\u00eda \u2018Bomba Espa\u00f1a\u2019 cumpli\u00f3 satisfactoriamente con las obligaciones impuestas por la Confederaci\u00f3n de Bombas Espa\u00f1olas.<\/figcaption><\/figure>\n<p><strong>LOS ANDES<\/strong>.- La Quinta Compa\u00f1\u00eda \u2018Bomba Espa\u00f1a\u2019 del Cuerpo de Bomberos de Los Andes, asisti\u00f3 a la XI Convenci\u00f3n de Bombas Espa\u00f1olas de Chile realizada en la ciudad de Los \u00c1ngeles y organizada por la Cuarta Compa\u00f1\u00eda \u2018Bomba Espa\u00f1a\u2019 de esa ciudad, ocasi\u00f3n en la cual asistieron m\u00e1s de 150 voluntarios de todo Chile encabezados por el Embajador de Espa\u00f1a I\u00f1igo de Palacios.<\/p>\n<p>En la ocasi\u00f3n, la Quinta Compa\u00f1\u00eda recibi\u00f3 distinci\u00f3n con un tercer lugar a\u00f1o 2013 tras cumplir en buena forma las obligaciones que impone la Confederaci\u00f3n, siendo este un premio que se otorga anualmente a las tres primeras compa\u00f1\u00edas confederadas entre las 17 que conforman esta cofrad\u00eda.<\/p>\n<p>Iv\u00e1n Herrera Venegas, Director de la Quinta se mostr\u00f3 muy feliz por este lugar, \u201cya que llevamos integrando esta confederaci\u00f3n hace un poco m\u00e1s de dos a\u00f1os, donde el primer a\u00f1o obtuvimos el quinto lugar (a\u00f1o 2012) y donde nos propusimos para este a\u00f1o estar dentro de las tres primeras, lo cual logramos de forma satisfactoria ya que estuvimos a muy pocos puntos de los dos primeros lugares, siendo el primer lugar para la 10\u00aa Compa\u00f1\u00eda del Cuerpo de Bomberos de Santiago y el 2\u00b0 Lugar por la 9\u00aa Compa\u00f1\u00eda de Puerto Montt.<\/p>\n<p>\u201cAprovecho tambi\u00e9n para agradecer al Centro Espa\u00f1ol de Los Andes por haber confiado en nuestra Compa\u00f1\u00eda formando una coalici\u00f3n de m\u00e1s de cinco a\u00f1os entre ambas instituciones\u201d.<\/p>\n<p>La Quinta Compa\u00f1\u00eda \u2018Bomba Espa\u00f1a\u2019 del Cuerpo de Bomberos de Los Andes desde hace casi tres a\u00f1os, es integrante de la Confederaci\u00f3n de Bombas Espa\u00f1olas de Chile (Conbech), la cual es conformada por 17 Compa\u00f1\u00edas Chileno \u2013 Espa\u00f1olas desde Arica hasta Punta Arenas.<\/p>\n<p>Anualmente se organiza una convenci\u00f3n en el mes de noviembre, teniendo como sede alguna de las compa\u00f1\u00edas confederadas, siendo \u00e9sta una ocasi\u00f3n para intercambiar conocimientos y vivencias bomberiles, siendo adem\u00e1s la Conbech un nexo con las diferentes comunidades espa\u00f1olas para obtener donaciones en implementos para las compa\u00f1\u00edas.<\/p>\n<p>Asimismo el Director de la \u2018Bomba Espa\u00f1a\u2019 de Los Andes dio a conocer que para el a\u00f1o 2014 se realizar\u00e1 la XII Convenci\u00f3n de Bombas Espa\u00f1olas de Chile en nuestra ciudad, la que ser\u00e1 organizada por la compa\u00f1\u00eda y donde se esperan la asistencia de 250 bomberos de todo Chile, adem\u00e1s de la presencia del Embajador de Espa\u00f1a.<\/p>\n<p>&nbsp;<\/p>\n","protected":false},"excerpt":{"rendered":"<p>LOS ANDES.- La Quinta Compa\u00f1\u00eda \u2018Bomba Espa\u00f1a\u2019 del Cuerpo de Bomberos de Los Andes, asisti\u00f3 a la XI Convenci\u00f3n de Bombas Espa\u00f1olas de Chile realizada en la ciudad de Los \u00c1ngeles y&#8230;<\/p>\n","protected":false},"author":482,"featured_media":39680,"comment_status":"open","ping_status":"closed","sticky":false,"template":"","format":"standard","meta":{"advanced_seo_description":"","jetpack_seo_html_title":"","jetpack_seo_noindex":false,"_jetpack_memberships_contains_paid_content":false,"footnotes":""},"categories":[15],"tags":[],"class_list":["post-39679","post","type-post","status-publish","format-standard","has-post-thumbnail","hentry","category-comunidad"],"jetpack_featured_media_url":"https:\/\/i0.wp.com\/eltrabajo.cl\/portal\/wp-content\/uploads\/2013\/11\/convcencion-quinta1.jpg?fit=529%2C326&ssl=1","jetpack_sharing_enabled":true,"jetpack_likes_enabled":true,"jetpack-related-posts":[],"_links":{"self":[{"href":"https:\/\/eltrabajo.cl\/portal\/wp-json\/wp\/v2\/posts\/39679","targetHints":{"allow":["GET"]}}],"collection":[{"href":"https:\/\/eltrabajo.cl\/portal\/wp-json\/wp\/v2\/posts"}],"about":[{"href":"https:\/\/eltrabajo.cl\/portal\/wp-json\/wp\/v2\/types\/post"}],"author":[{"embeddable":true,"href":"https:\/\/eltrabajo.cl\/portal\/wp-json\/wp\/v2\/users\/482"}],"replies":[{"embeddable":true,"href":"https:\/\/eltrabajo.cl\/portal\/wp-json\/wp\/v2\/comments?post=39679"}],"version-history":[{"count":0,"href":"https:\/\/eltrabajo.cl\/portal\/wp-json\/wp\/v2\/posts\/39679\/revisions"}],"wp:featuredmedia":[{"embeddable":true,"href":"https:\/\/eltrabajo.cl\/portal\/wp-json\/wp\/v2\/media\/39680"}],"wp:attachment":[{"href":"https:\/\/eltrabajo.cl\/portal\/wp-json\/wp\/v2\/media?parent=39679"}],"wp:term":[{"taxonomy":"category","embeddable":true,"href":"https:\/\/eltrabajo.cl\/portal\/wp-json\/wp\/v2\/categories?post=39679"},{"taxonomy":"post_tag","embeddable":true,"href":"https:\/\/eltrabajo.cl\/portal\/wp-json\/wp\/v2\/tags?post=39679"}],"curies":[{"name":"wp","href":"https:\/\/api.w.org\/{rel}","templated":true}]}}