{"id":39682,"date":"2013-11-19T09:55:42","date_gmt":"2013-11-19T12:55:42","guid":{"rendered":"http:\/\/www.eltrabajo.cl\/portal\/?p=39682"},"modified":"2013-11-19T09:55:42","modified_gmt":"2013-11-19T12:55:42","slug":"banda-de-la-carmela-carvajal-fue-presentada-oficialmente","status":"publish","type":"post","link":"https:\/\/eltrabajo.cl\/portal\/banda-de-la-carmela-carvajal-fue-presentada-oficialmente\/","title":{"rendered":"Banda de la Carmela Carvajal fue presentada oficialmente"},"content":{"rendered":"<figure id=\"attachment_39683\" aria-describedby=\"caption-attachment-39683\" style=\"width: 528px\" class=\"wp-caption alignnone\"><a href=\"https:\/\/i0.wp.com\/www.eltrabajo.cl\/portal\/wp-content\/uploads\/2013\/11\/banda-escolar.jpg\"><img data-recalc-dims=\"1\" loading=\"lazy\" decoding=\"async\" class=\"size-full wp-image-39683\" title=\"Esta es la flamante Banda Escolar de la Escuela Carmela Carvajal de Curim\u00f3n, nuevo proyecto del municipio sanfelipe\u00f1o que fue presentado oficialmente a Diario El Trabajo.\" alt=\"Esta es la flamante Banda Escolar de la Escuela Carmela Carvajal de Curim\u00f3n, nuevo proyecto del municipio sanfelipe\u00f1o que fue presentado oficialmente a Diario El Trabajo.\" src=\"https:\/\/i0.wp.com\/www.eltrabajo.cl\/portal\/wp-content\/uploads\/2013\/11\/banda-escolar.jpg?resize=528%2C297\" width=\"528\" height=\"297\" srcset=\"https:\/\/i0.wp.com\/eltrabajo.cl\/portal\/wp-content\/uploads\/2013\/11\/banda-escolar.jpg?w=528&amp;ssl=1 528w, https:\/\/i0.wp.com\/eltrabajo.cl\/portal\/wp-content\/uploads\/2013\/11\/banda-escolar.jpg?resize=200%2C112&amp;ssl=1 200w, https:\/\/i0.wp.com\/eltrabajo.cl\/portal\/wp-content\/uploads\/2013\/11\/banda-escolar.jpg?resize=300%2C168&amp;ssl=1 300w, https:\/\/i0.wp.com\/eltrabajo.cl\/portal\/wp-content\/uploads\/2013\/11\/banda-escolar.jpg?resize=150%2C84&amp;ssl=1 150w, https:\/\/i0.wp.com\/eltrabajo.cl\/portal\/wp-content\/uploads\/2013\/11\/banda-escolar.jpg?resize=400%2C225&amp;ssl=1 400w\" sizes=\"auto, (max-width: 528px) 100vw, 528px\" \/><\/a><figcaption id=\"caption-attachment-39683\" class=\"wp-caption-text\">Esta es la flamante Banda Escolar de la Escuela Carmela Carvajal de Curim\u00f3n, nuevo proyecto del municipio sanfelipe\u00f1o que fue presentado oficialmente a Diario El Trabajo.<\/figcaption><\/figure>\n<p>La ma\u00f1ana de este lunes y de forma Exclusiva, la Direcci\u00f3n de la Escuela Carmela Carvajal procedi\u00f3 a presentar oficialmente ante Diario El Trabajo su banda escolar, proyecto estudiantil que est\u00e1 conformado por 35 estudiantes de todos los cursos. Se trata de un proyecto que est\u00e1 auspiciado por toda la comunidad educativa del sector, as\u00ed como el municipio y la Daem, quienes creyeron en la propuesta del centro de padres y la misma Direcci\u00f3n de la escuela.<\/p>\n<p>\u00abNosotros nos propusimos sacar adelante a estos peque\u00f1os, pues de alguna manera u otra a ellos les estaba costando asimilar conducta de Disciplina y Respeto, por lo que determinamos crear nuestra propia banda, una en la que a ellos les resultara c\u00f3modo aprender y disfrutar haci\u00e9ndolo, ya tenemos resultados positivos y tenemos tambi\u00e9n una larga lista de espera de chicos que quieren participar\u00bb, asegur\u00f3 a Diario El Trabajo la Directora de la Escuela Carmela Carvajal, Ana Mar\u00eda Leiva.<\/p>\n<p>Seg\u00fan lo report\u00f3 la funcionaria, son m\u00e1s de $4 millones en lo que est\u00e1n valorados todos los implementos de la banda. La misma tiene clarines, redobles, liras, tambores, cajas y pitos y es dirigida por el Profesor Juan Carlos Carvallo.<\/p>\n<p>Los estudiantes realizaron una muestra musical en el patio principal de la escuela, a manera de presentaci\u00f3n a la Prensa de la banda escolar, misma que existe ahora gracias a la Subvenci\u00f3n Especial Preferencial (SEP), con fondos del SEP de la Daem. En Diario El Trabajo y luego de disfrutar de la muestra ofrecida por estos 35 artistas de Curim\u00f3n, le damos Nota 7 a todos los involucrados en esta fenomenal aventura de aprendizaje y crecimiento art\u00edstico.<\/p>\n<p>Roberto Gonz\u00e1lez Short<\/p>\n<p>rgonzalez@eltrabajo.cl<\/p>\n<p>&nbsp;<\/p>\n","protected":false},"excerpt":{"rendered":"<p>La ma\u00f1ana de este lunes y de forma Exclusiva, la Direcci\u00f3n de la Escuela Carmela Carvajal procedi\u00f3 a presentar oficialmente ante Diario El Trabajo su banda escolar, proyecto estudiantil que est\u00e1 conformado&#8230;<\/p>\n","protected":false},"author":482,"featured_media":39683,"comment_status":"open","ping_status":"closed","sticky":false,"template":"","format":"standard","meta":{"advanced_seo_description":"","jetpack_seo_html_title":"","jetpack_seo_noindex":false,"_jetpack_memberships_contains_paid_content":false,"footnotes":""},"categories":[15],"tags":[],"class_list":["post-39682","post","type-post","status-publish","format-standard","has-post-thumbnail","hentry","category-comunidad"],"jetpack_featured_media_url":"https:\/\/i0.wp.com\/eltrabajo.cl\/portal\/wp-content\/uploads\/2013\/11\/banda-escolar.jpg?fit=528%2C297&ssl=1","jetpack_sharing_enabled":true,"jetpack_likes_enabled":true,"jetpack-related-posts":[],"_links":{"self":[{"href":"https:\/\/eltrabajo.cl\/portal\/wp-json\/wp\/v2\/posts\/39682","targetHints":{"allow":["GET"]}}],"collection":[{"href":"https:\/\/eltrabajo.cl\/portal\/wp-json\/wp\/v2\/posts"}],"about":[{"href":"https:\/\/eltrabajo.cl\/portal\/wp-json\/wp\/v2\/types\/post"}],"author":[{"embeddable":true,"href":"https:\/\/eltrabajo.cl\/portal\/wp-json\/wp\/v2\/users\/482"}],"replies":[{"embeddable":true,"href":"https:\/\/eltrabajo.cl\/portal\/wp-json\/wp\/v2\/comments?post=39682"}],"version-history":[{"count":0,"href":"https:\/\/eltrabajo.cl\/portal\/wp-json\/wp\/v2\/posts\/39682\/revisions"}],"wp:featuredmedia":[{"embeddable":true,"href":"https:\/\/eltrabajo.cl\/portal\/wp-json\/wp\/v2\/media\/39683"}],"wp:attachment":[{"href":"https:\/\/eltrabajo.cl\/portal\/wp-json\/wp\/v2\/media?parent=39682"}],"wp:term":[{"taxonomy":"category","embeddable":true,"href":"https:\/\/eltrabajo.cl\/portal\/wp-json\/wp\/v2\/categories?post=39682"},{"taxonomy":"post_tag","embeddable":true,"href":"https:\/\/eltrabajo.cl\/portal\/wp-json\/wp\/v2\/tags?post=39682"}],"curies":[{"name":"wp","href":"https:\/\/api.w.org\/{rel}","templated":true}]}}