{"id":39698,"date":"2013-11-19T10:06:04","date_gmt":"2013-11-19T13:06:04","guid":{"rendered":"http:\/\/www.eltrabajo.cl\/portal\/?p=39698"},"modified":"2013-11-19T10:06:04","modified_gmt":"2013-11-19T13:06:04","slug":"hoy-martes-se-reinician-clases-en-todos-los-colegios-publicos-de-los-andes","status":"publish","type":"post","link":"https:\/\/eltrabajo.cl\/portal\/hoy-martes-se-reinician-clases-en-todos-los-colegios-publicos-de-los-andes\/","title":{"rendered":"Hoy martes se reinician clases en todos los colegios p\u00fablicos de Los Andes"},"content":{"rendered":"<figure id=\"attachment_39699\" aria-describedby=\"caption-attachment-39699\" style=\"width: 528px\" class=\"wp-caption alignnone\"><a href=\"https:\/\/i0.wp.com\/www.eltrabajo.cl\/portal\/wp-content\/uploads\/2013\/11\/acuerdo-profes2.jpg\"><img data-recalc-dims=\"1\" loading=\"lazy\" decoding=\"async\" class=\"size-full wp-image-39699\" title=\"Finalmente se concret\u00f3 el anhelado acuerdo y hoy martes se reinician las clases en Los Andes.\" alt=\"Finalmente se concret\u00f3 el anhelado acuerdo y hoy martes se reinician las clases en Los Andes.\" src=\"https:\/\/i0.wp.com\/www.eltrabajo.cl\/portal\/wp-content\/uploads\/2013\/11\/acuerdo-profes2.jpg?resize=528%2C284\" width=\"528\" height=\"284\" srcset=\"https:\/\/i0.wp.com\/eltrabajo.cl\/portal\/wp-content\/uploads\/2013\/11\/acuerdo-profes2.jpg?w=528&amp;ssl=1 528w, https:\/\/i0.wp.com\/eltrabajo.cl\/portal\/wp-content\/uploads\/2013\/11\/acuerdo-profes2.jpg?resize=200%2C107&amp;ssl=1 200w, https:\/\/i0.wp.com\/eltrabajo.cl\/portal\/wp-content\/uploads\/2013\/11\/acuerdo-profes2.jpg?resize=300%2C161&amp;ssl=1 300w, https:\/\/i0.wp.com\/eltrabajo.cl\/portal\/wp-content\/uploads\/2013\/11\/acuerdo-profes2.jpg?resize=150%2C80&amp;ssl=1 150w, https:\/\/i0.wp.com\/eltrabajo.cl\/portal\/wp-content\/uploads\/2013\/11\/acuerdo-profes2.jpg?resize=400%2C215&amp;ssl=1 400w\" sizes=\"auto, (max-width: 528px) 100vw, 528px\" \/><\/a><figcaption id=\"caption-attachment-39699\" class=\"wp-caption-text\">Finalmente se concret\u00f3 el anhelado acuerdo y hoy martes se reinician las clases en Los Andes.<\/figcaption><\/figure>\n<p><strong>LOS ANDES.-<\/strong> Luego de m\u00e1s de dos semanas de paro y movilizaciones, el Colegio de Profesores, la Seremi de Educaci\u00f3n y la Municipalidad de Los Andes firmaron un protocolo de acuerdo que permitir\u00e1 se reanuden las clases en todos los colegios p\u00fablicos de la ciudad a contar de hoy martes.<\/p>\n<p>La firma de este documento estuvo encabezada por la Seremi de Educaci\u00f3n Patricia Colarte, el Alcalde Mauricio Navarro y el Presidente del Colegio de Profesores Alexis Cuevas Zambrano.<\/p>\n<p>Sobre este acuerdo, el Alcalde Navarro dijo que se va a llevar adelante un esfuerzo conjunto para poder contar con una educaci\u00f3n debidamente financiada.<\/p>\n<p>Asimismo, sostuvo que junto con los profesores llevar\u00e1n adelante un puerta a puerta para incentivar a los padres y apoderados para que matriculen a sus alumnos en los colegios municipalizados de la comuna, \u00abya que tenemos una educaci\u00f3n de gran calidad y necesitamos que nuestros alumnos se formen en esta educaci\u00f3n p\u00fablica de Los Andes, y este es el gran compromiso que hemos asumido en el d\u00eda de hoy con todos los actores que hemos participado de este gran acuerdo por la educaci\u00f3n Andina\u00bb.<\/p>\n<p>En relaci\u00f3n a la recuperaci\u00f3n de clases, el edil puntualiz\u00f3 que habr\u00e1 un calendario a fin de que no se afecte el t\u00e9rmino del a\u00f1o escolar.<\/p>\n<p>Por su parte, el Presidente Provincial del Colegio de Profesores, Alexis Cuevas, sostuvo que gracias a esta movilizaci\u00f3n se pudo lograr un compromiso de pago concreto por parte de la autoridad comunal, \u00abpues si bien la soluci\u00f3n no es del todo la que quisi\u00e9ramos, es un avance importante, pues ac\u00e1 hemos ganado en dignidad, unidad y hemos ganado en que la comunidad se ha dado cuenta por la socializaci\u00f3n que hicimos que los profesores estamos alerta ante cualquier tipo de irregularidad que pueda existir en el futuro o cualquier tipo de irregularidad en t\u00e9rminos de gesti\u00f3n, tenemos al profesorado muy preparado en esta situaci\u00f3n, estamos ya trabajando en relaci\u00f3n a la transparencia\u00bb.<\/p>\n<p>El dirigente confirm\u00f3 que este martes se retoman las clases de manera normal en todos los colegios p\u00fablicos de la comuna y de acuerdo al marco legal vigente se proceder\u00e1 a la recuperaci\u00f3n de las clases.<\/p>\n<p>Cuevas lament\u00f3 que se tenga que llegar a una situaci\u00f3n tan extrema como la huelga para poder exigir sus derechos laborales, \u00abpero creemos que hay un aprendizaje para que no vuelva ocurrir este tipo de situaciones\u00bb.<\/p>\n<p>En tanto, la Seremi de educaci\u00f3n Patricia Colarte, afirm\u00f3 que como Ministerio de Educaci\u00f3n estuvieron siguiendo de cerca este proceso de negociaciones para que llegara a feliz t\u00e9rmino.<\/p>\n<p>\u00abEn nuestro pa\u00eds hay muchos problemas, pero sin duda la f\u00f3rmula para poder avanzar es entendernos, es el di\u00e1logo, la conversaci\u00f3n y fundamentalmente el respeto. Para solucionar esto se necesitaba la participaci\u00f3n de todos los entes ya indicados y esa es la manera para que podamos avanzar en nuestro pa\u00eds\u00bb, expres\u00f3 la Seremi.<\/p>\n<p>La autoridad educacional explic\u00f3 que se agilizar\u00e1n las gestiones para que lo antes posible el municipio reciba los recursos del fondo de revitalizaci\u00f3n de la educaci\u00f3n p\u00fablica, los cuales ser\u00e1n destinados a sacar a los profesores de Dicom y cancelar las deudas con las cajas de compensaci\u00f3n, quedando pendiente el pago de bono SAE hasta cuando se apruebe el leaseback.<\/p>\n<p>De esta manera el municipio de Los Andes espera contar con recursos frescos del orden de los 270 millones de pesos para paliar las necesidades m\u00e1s urgentes de los profesores.<\/p>\n<p>&nbsp;<\/p>\n","protected":false},"excerpt":{"rendered":"<p>LOS ANDES.- Luego de m\u00e1s de dos semanas de paro y movilizaciones, el Colegio de Profesores, la Seremi de Educaci\u00f3n y la Municipalidad de Los Andes firmaron un protocolo de acuerdo que&#8230;<\/p>\n","protected":false},"author":482,"featured_media":39699,"comment_status":"open","ping_status":"closed","sticky":false,"template":"","format":"standard","meta":{"advanced_seo_description":"","jetpack_seo_html_title":"","jetpack_seo_noindex":false,"_jetpack_memberships_contains_paid_content":false,"footnotes":""},"categories":[1],"tags":[],"class_list":["post-39698","post","type-post","status-publish","format-standard","has-post-thumbnail","hentry","category-cronica"],"jetpack_featured_media_url":"https:\/\/i0.wp.com\/eltrabajo.cl\/portal\/wp-content\/uploads\/2013\/11\/acuerdo-profes2.jpg?fit=528%2C284&ssl=1","jetpack_sharing_enabled":true,"jetpack_likes_enabled":true,"jetpack-related-posts":[],"_links":{"self":[{"href":"https:\/\/eltrabajo.cl\/portal\/wp-json\/wp\/v2\/posts\/39698","targetHints":{"allow":["GET"]}}],"collection":[{"href":"https:\/\/eltrabajo.cl\/portal\/wp-json\/wp\/v2\/posts"}],"about":[{"href":"https:\/\/eltrabajo.cl\/portal\/wp-json\/wp\/v2\/types\/post"}],"author":[{"embeddable":true,"href":"https:\/\/eltrabajo.cl\/portal\/wp-json\/wp\/v2\/users\/482"}],"replies":[{"embeddable":true,"href":"https:\/\/eltrabajo.cl\/portal\/wp-json\/wp\/v2\/comments?post=39698"}],"version-history":[{"count":0,"href":"https:\/\/eltrabajo.cl\/portal\/wp-json\/wp\/v2\/posts\/39698\/revisions"}],"wp:featuredmedia":[{"embeddable":true,"href":"https:\/\/eltrabajo.cl\/portal\/wp-json\/wp\/v2\/media\/39699"}],"wp:attachment":[{"href":"https:\/\/eltrabajo.cl\/portal\/wp-json\/wp\/v2\/media?parent=39698"}],"wp:term":[{"taxonomy":"category","embeddable":true,"href":"https:\/\/eltrabajo.cl\/portal\/wp-json\/wp\/v2\/categories?post=39698"},{"taxonomy":"post_tag","embeddable":true,"href":"https:\/\/eltrabajo.cl\/portal\/wp-json\/wp\/v2\/tags?post=39698"}],"curies":[{"name":"wp","href":"https:\/\/api.w.org\/{rel}","templated":true}]}}