{"id":39704,"date":"2013-11-19T10:09:00","date_gmt":"2013-11-19T13:09:00","guid":{"rendered":"http:\/\/www.eltrabajo.cl\/portal\/?p=39704"},"modified":"2013-11-19T10:09:00","modified_gmt":"2013-11-19T13:09:00","slug":"ips-facilitara-acceso-a-informacion-de-causas-civiles-penales-y-de-familia","status":"publish","type":"post","link":"https:\/\/eltrabajo.cl\/portal\/ips-facilitara-acceso-a-informacion-de-causas-civiles-penales-y-de-familia\/","title":{"rendered":"IPS facilitar\u00e1 acceso a informaci\u00f3n de causas civiles, penales y de familia"},"content":{"rendered":"<figure id=\"attachment_39705\" aria-describedby=\"caption-attachment-39705\" style=\"width: 529px\" class=\"wp-caption alignnone\"><a href=\"https:\/\/i0.wp.com\/www.eltrabajo.cl\/portal\/wp-content\/uploads\/2013\/11\/convenio-ips-justicia.jpg\"><img data-recalc-dims=\"1\" loading=\"lazy\" decoding=\"async\" class=\"size-full wp-image-39705\" title=\"El nuevo convenio del IPS-ChileAtiende con el Poder Judicial facilitar\u00e1 el acceso a informaci\u00f3n de causas civiles, penales y de familia.\" alt=\"El nuevo convenio del IPS-ChileAtiende con el Poder Judicial facilitar\u00e1 el acceso a informaci\u00f3n de causas civiles, penales y de familia.\" src=\"https:\/\/i0.wp.com\/www.eltrabajo.cl\/portal\/wp-content\/uploads\/2013\/11\/convenio-ips-justicia.jpg?resize=529%2C336\" width=\"529\" height=\"336\" srcset=\"https:\/\/i0.wp.com\/eltrabajo.cl\/portal\/wp-content\/uploads\/2013\/11\/convenio-ips-justicia.jpg?w=529&amp;ssl=1 529w, https:\/\/i0.wp.com\/eltrabajo.cl\/portal\/wp-content\/uploads\/2013\/11\/convenio-ips-justicia.jpg?resize=200%2C127&amp;ssl=1 200w, https:\/\/i0.wp.com\/eltrabajo.cl\/portal\/wp-content\/uploads\/2013\/11\/convenio-ips-justicia.jpg?resize=300%2C190&amp;ssl=1 300w, https:\/\/i0.wp.com\/eltrabajo.cl\/portal\/wp-content\/uploads\/2013\/11\/convenio-ips-justicia.jpg?resize=150%2C95&amp;ssl=1 150w, https:\/\/i0.wp.com\/eltrabajo.cl\/portal\/wp-content\/uploads\/2013\/11\/convenio-ips-justicia.jpg?resize=400%2C254&amp;ssl=1 400w\" sizes=\"auto, (max-width: 529px) 100vw, 529px\" \/><\/a><figcaption id=\"caption-attachment-39705\" class=\"wp-caption-text\">El nuevo convenio del IPS-ChileAtiende con el Poder Judicial facilitar\u00e1 el acceso a informaci\u00f3n de causas civiles, penales y de familia.<\/figcaption><\/figure>\n<ul>\n<li><strong>Alianza permitir\u00e1 que usuarios sepan del estado de sus juicios en las sucursales de la instituci\u00f3n e incluso obtener la clave que se requiere para acceder a las causas que llevan los Tribunales de Familia.<\/strong><\/li>\n<\/ul>\n<p>Un nuevo convenio puso en marcha el IPS-ChileAtiende con el Poder Judicial para facilitar el acceso de la ciudadan\u00eda al estado de las causas civiles, penales y de familia, de manera de ampliar las posibilidades de las personas y aliviar en alguna medida la carga de los Tribunales de Familia.<\/p>\n<p>Junto a las seremis del Trabajo y Previsi\u00f3n Social, Lavinia Ceballos y de Justicia, Isabel Ancarola, el director regional del IPS-ChileAtiende, Claudio Lastra, explic\u00f3 los alcances de esta alianza con el propio presidente de la Corte de Apelaciones de Valpara\u00edso, Jaime Arancibia, que fue ampliamente valorada.<\/p>\n<p>Lastra manifest\u00f3 su alegr\u00eda \u201cporque ChileAtiende sigue ampliando la oferta de servicios y hoy, adem\u00e1s de muchos otros tr\u00e1mites, las personas podr\u00e1n consultar en nuestra sucursales sobre las causas civiles, penales y de familia\u201d. Precis\u00f3 que el convenio es particularmente beneficioso respecto de \u00e9stas \u00faltimas \u201cporque hasta ahora los usuarios deb\u00edan solicitar una clave en Tribunales o a trav\u00e9s de la web y hoy tambi\u00e9n lo pueden hacer en nuestras oficinas\u201d.<\/p>\n<p>El director asegur\u00f3 que el impacto \u201ces tremendo en t\u00e9rminos de cobertura, porque hoy ChileAtiende est\u00e1 presente en 29 comunas y cerca del 80% de los usuarios de la Regi\u00f3n tiene una oficina a menos de 50 kms., por lo tanto la penetraci\u00f3n en t\u00e9rminos de atenci\u00f3n presencial es importante y especialmente relevante para quienes no tienen acceso a internet\u201d.<\/p>\n<p>La Seremi del Trabajo, Lavinia Ceballos, destac\u00f3 este \u201cgran avance porque se incorpora otro servicio, pero sobre todo la posibilidad de hacer m\u00e1s transparente el sistema en nuestro pa\u00eds\u201d. Dijo que \u201cpersonas sin acceso a internet o que est\u00e1n alejadas del lugar donde est\u00e1 su juicio puedan informarse en esta plataforma es important\u00edsimo, sobre todo considerando que en nuestro pa\u00eds los Tribunales de Familia est\u00e1n con mucha carga\u201d.<\/p>\n<p>En tanto, la seremi de Justicia, Mar\u00eda Isabel Ancarola, destac\u00f3 este avance que es \u201csumamente importante para nosotros como Gobierno y para el Poder Judicial, toda vez que va a permitir acceder y conocer el estado de sus procesos\u201d. Agreg\u00f3 que \u201ceso va a facilitar que las personas est\u00e9n m\u00e1s encima de sus causas y por otro lado tambi\u00e9n desatochar la informaci\u00f3n que se solicita directamente en los distintos Tribunales\u201d, e invit\u00f3 a la ciudadan\u00eda a que \u201cconcurra a estas oficinas para conocer el estado de sus distintas causas judiciales\u201d.<\/p>\n<p>Por su parte, el Presidente de la Corte de Apelaciones de Valpara\u00edso, Jaime Arancibia, sostuvo que \u201cla atenci\u00f3n de justicia en general se facilita y el acceso a ella son a trav\u00e9s de estos sistemas que son muy beneficiosos para el usuario en el sentido que son sistemas amigables\u2026 de manera que esta alianza que se ha creado va a resultar muy beneficiosa para el propio usuario\u201d.<\/p>\n<p>Aclar\u00f3 que \u201cla informaci\u00f3n que se genera en los Tribunales es p\u00fablica y est\u00e1 al acceso de cualquier persona, la \u00fanica restricci\u00f3n corresponde a las causas de familia, que para acceder exige de una clave que se debe obtener en forma personal\u201d.<\/p>\n<p>&nbsp;<\/p>\n","protected":false},"excerpt":{"rendered":"<p>Alianza permitir\u00e1 que usuarios sepan del estado de sus juicios en las sucursales de la instituci\u00f3n e incluso obtener la clave que se requiere para acceder a las causas que llevan los&#8230;<\/p>\n","protected":false},"author":482,"featured_media":39705,"comment_status":"open","ping_status":"closed","sticky":false,"template":"","format":"standard","meta":{"advanced_seo_description":"","jetpack_seo_html_title":"","jetpack_seo_noindex":false,"_jetpack_memberships_contains_paid_content":false,"footnotes":""},"categories":[1],"tags":[],"class_list":["post-39704","post","type-post","status-publish","format-standard","has-post-thumbnail","hentry","category-cronica"],"jetpack_featured_media_url":"https:\/\/i0.wp.com\/eltrabajo.cl\/portal\/wp-content\/uploads\/2013\/11\/convenio-ips-justicia.jpg?fit=529%2C336&ssl=1","jetpack_sharing_enabled":true,"jetpack_likes_enabled":true,"jetpack-related-posts":[],"_links":{"self":[{"href":"https:\/\/eltrabajo.cl\/portal\/wp-json\/wp\/v2\/posts\/39704","targetHints":{"allow":["GET"]}}],"collection":[{"href":"https:\/\/eltrabajo.cl\/portal\/wp-json\/wp\/v2\/posts"}],"about":[{"href":"https:\/\/eltrabajo.cl\/portal\/wp-json\/wp\/v2\/types\/post"}],"author":[{"embeddable":true,"href":"https:\/\/eltrabajo.cl\/portal\/wp-json\/wp\/v2\/users\/482"}],"replies":[{"embeddable":true,"href":"https:\/\/eltrabajo.cl\/portal\/wp-json\/wp\/v2\/comments?post=39704"}],"version-history":[{"count":0,"href":"https:\/\/eltrabajo.cl\/portal\/wp-json\/wp\/v2\/posts\/39704\/revisions"}],"wp:featuredmedia":[{"embeddable":true,"href":"https:\/\/eltrabajo.cl\/portal\/wp-json\/wp\/v2\/media\/39705"}],"wp:attachment":[{"href":"https:\/\/eltrabajo.cl\/portal\/wp-json\/wp\/v2\/media?parent=39704"}],"wp:term":[{"taxonomy":"category","embeddable":true,"href":"https:\/\/eltrabajo.cl\/portal\/wp-json\/wp\/v2\/categories?post=39704"},{"taxonomy":"post_tag","embeddable":true,"href":"https:\/\/eltrabajo.cl\/portal\/wp-json\/wp\/v2\/tags?post=39704"}],"curies":[{"name":"wp","href":"https:\/\/api.w.org\/{rel}","templated":true}]}}