{"id":39722,"date":"2013-11-20T09:25:40","date_gmt":"2013-11-20T12:25:40","guid":{"rendered":"http:\/\/www.eltrabajo.cl\/portal\/?p=39722"},"modified":"2013-11-20T09:25:40","modified_gmt":"2013-11-20T12:25:40","slug":"emotivo-adios-a-joven-fallecida-en-accidente-de-moto-en-tocornal","status":"publish","type":"post","link":"https:\/\/eltrabajo.cl\/portal\/emotivo-adios-a-joven-fallecida-en-accidente-de-moto-en-tocornal\/","title":{"rendered":"Emotivo adi\u00f3s a joven fallecida en accidente de moto en Tocornal"},"content":{"rendered":"<figure id=\"attachment_39723\" aria-describedby=\"caption-attachment-39723\" style=\"width: 529px\" class=\"wp-caption alignnone\"><a href=\"https:\/\/i0.wp.com\/www.eltrabajo.cl\/portal\/wp-content\/uploads\/2013\/11\/anny-funeral1.jpg\"><img data-recalc-dims=\"1\" loading=\"lazy\" decoding=\"async\" class=\"size-full wp-image-39723\" title=\"Tras la misa se inicia el penoso viaja a su \u00faltima morada donde amistades, vecinos, compa\u00f1eros de trabajo y su familia brindaron el \u00faltimo adi\u00f3s a Anny.\" alt=\"Tras la misa se inicia el penoso viaja a su \u00faltima morada donde amistades, vecinos, compa\u00f1eros de trabajo y su familia brindaron el \u00faltimo adi\u00f3s a Anny.\" src=\"https:\/\/i0.wp.com\/www.eltrabajo.cl\/portal\/wp-content\/uploads\/2013\/11\/anny-funeral1.jpg?resize=529%2C369\" width=\"529\" height=\"369\" srcset=\"https:\/\/i0.wp.com\/eltrabajo.cl\/portal\/wp-content\/uploads\/2013\/11\/anny-funeral1.jpg?w=529&amp;ssl=1 529w, https:\/\/i0.wp.com\/eltrabajo.cl\/portal\/wp-content\/uploads\/2013\/11\/anny-funeral1.jpg?resize=200%2C139&amp;ssl=1 200w, https:\/\/i0.wp.com\/eltrabajo.cl\/portal\/wp-content\/uploads\/2013\/11\/anny-funeral1.jpg?resize=300%2C209&amp;ssl=1 300w, https:\/\/i0.wp.com\/eltrabajo.cl\/portal\/wp-content\/uploads\/2013\/11\/anny-funeral1.jpg?resize=150%2C104&amp;ssl=1 150w, https:\/\/i0.wp.com\/eltrabajo.cl\/portal\/wp-content\/uploads\/2013\/11\/anny-funeral1.jpg?resize=400%2C279&amp;ssl=1 400w\" sizes=\"auto, (max-width: 529px) 100vw, 529px\" \/><\/a><figcaption id=\"caption-attachment-39723\" class=\"wp-caption-text\">Tras la misa se inicia el penoso viaja a su \u00faltima morada donde amistades, vecinos, compa\u00f1eros de trabajo y su familia brindaron el \u00faltimo adi\u00f3s a Anny.<\/figcaption><\/figure>\n<ul>\n<li><strong>Sus restos fueron sepultados en el cementerio parroquial de Los Andes.<\/strong><\/li>\n<\/ul>\n<p><strong>LOS ANDES.-<\/strong> En medio de escenas de profundo dolor y pesar se realiz\u00f3 la ma\u00f1ana del lunes el funeral de la joven madre Anny S\u00e1nchez Villalobos (28), quien falleci\u00f3 tr\u00e1gicamente la madrugada del s\u00e1bado al chocar la moto en que se desplazaba junto a su amigo Edwin Ulloa Mu\u00f1oz, contra un \u00e1rbol en el camino Tocornal.<\/p>\n<p>Los restos de la joven fueron velados en su casa ubicada en la villa El Horizonte y luego llevados hasta la iglesia La Asunci\u00f3n donde se realiz\u00f3 la misa por el eterno descanso de su alma.<\/p>\n<p>En la parte final de la misa, la hermana de la joven agradeci\u00f3 a todos los que durante estos d\u00edas, de una u otra manera, hicieron llegar sus condolencias y manifestaron su apoyo por tan irreparable p\u00e9rdida, invitando a hacer oraci\u00f3n por la joven y tambi\u00e9n por su amigo Edwin.<\/p>\n<p>Amistades, vecinos, compa\u00f1eros de trabajo, quienes le conocieron y relaciones de sus familiares asistieron a la eucarist\u00eda y al camposanto para brindar con emoci\u00f3n el \u00faltimo adi\u00f3s a Anny.<\/p>\n<p>Cabe recordar que la causa de su deceso, as\u00ed como tambi\u00e9n la de Edwin, fue un traumatismo esquel\u00e9tico visceral y las razones por las cuales perdieron el control de la moto est\u00e1n siendo investigadas por la SIAT.<\/p>\n<p>&nbsp;<\/p>\n","protected":false},"excerpt":{"rendered":"<p>Sus restos fueron sepultados en el cementerio parroquial de Los Andes. LOS ANDES.- En medio de escenas de profundo dolor y pesar se realiz\u00f3 la ma\u00f1ana del lunes el funeral de la&#8230;<\/p>\n","protected":false},"author":482,"featured_media":39723,"comment_status":"open","ping_status":"closed","sticky":false,"template":"","format":"standard","meta":{"advanced_seo_description":"","jetpack_seo_html_title":"","jetpack_seo_noindex":false,"_jetpack_memberships_contains_paid_content":false,"footnotes":""},"categories":[15],"tags":[],"class_list":["post-39722","post","type-post","status-publish","format-standard","has-post-thumbnail","hentry","category-comunidad"],"jetpack_featured_media_url":"https:\/\/i0.wp.com\/eltrabajo.cl\/portal\/wp-content\/uploads\/2013\/11\/anny-funeral1.jpg?fit=529%2C369&ssl=1","jetpack_sharing_enabled":true,"jetpack_likes_enabled":true,"jetpack-related-posts":[],"_links":{"self":[{"href":"https:\/\/eltrabajo.cl\/portal\/wp-json\/wp\/v2\/posts\/39722","targetHints":{"allow":["GET"]}}],"collection":[{"href":"https:\/\/eltrabajo.cl\/portal\/wp-json\/wp\/v2\/posts"}],"about":[{"href":"https:\/\/eltrabajo.cl\/portal\/wp-json\/wp\/v2\/types\/post"}],"author":[{"embeddable":true,"href":"https:\/\/eltrabajo.cl\/portal\/wp-json\/wp\/v2\/users\/482"}],"replies":[{"embeddable":true,"href":"https:\/\/eltrabajo.cl\/portal\/wp-json\/wp\/v2\/comments?post=39722"}],"version-history":[{"count":0,"href":"https:\/\/eltrabajo.cl\/portal\/wp-json\/wp\/v2\/posts\/39722\/revisions"}],"wp:featuredmedia":[{"embeddable":true,"href":"https:\/\/eltrabajo.cl\/portal\/wp-json\/wp\/v2\/media\/39723"}],"wp:attachment":[{"href":"https:\/\/eltrabajo.cl\/portal\/wp-json\/wp\/v2\/media?parent=39722"}],"wp:term":[{"taxonomy":"category","embeddable":true,"href":"https:\/\/eltrabajo.cl\/portal\/wp-json\/wp\/v2\/categories?post=39722"},{"taxonomy":"post_tag","embeddable":true,"href":"https:\/\/eltrabajo.cl\/portal\/wp-json\/wp\/v2\/tags?post=39722"}],"curies":[{"name":"wp","href":"https:\/\/api.w.org\/{rel}","templated":true}]}}