{"id":39725,"date":"2013-11-20T09:27:51","date_gmt":"2013-11-20T12:27:51","guid":{"rendered":"http:\/\/www.eltrabajo.cl\/portal\/?p=39725"},"modified":"2013-11-20T09:27:51","modified_gmt":"2013-11-20T12:27:51","slug":"todo-listo-para-la-gala-folclorica-del-iac-2013","status":"publish","type":"post","link":"https:\/\/eltrabajo.cl\/portal\/todo-listo-para-la-gala-folclorica-del-iac-2013\/","title":{"rendered":"Todo listo para la Gala folcl\u00f3rica del IAC 2013"},"content":{"rendered":"<figure id=\"attachment_39726\" aria-describedby=\"caption-attachment-39726\" style=\"width: 529px\" class=\"wp-caption alignnone\"><a href=\"https:\/\/i0.wp.com\/www.eltrabajo.cl\/portal\/wp-content\/uploads\/2013\/11\/pamela-rosas.jpg\"><img data-recalc-dims=\"1\" loading=\"lazy\" decoding=\"async\" class=\"size-full wp-image-39726\" title=\"La Profesora Pamela Rosas muestra a Diario El Trabajo una de las m\u00e1scaras originales del folklore chileno que ser\u00e1n usadas en la Diablada en esta Gala folcl\u00f3rica IAC 2013.\" alt=\"La Profesora Pamela Rosas muestra a Diario El Trabajo una de las m\u00e1scaras originales del folklore chileno que ser\u00e1n usadas en la Diablada en esta Gala folcl\u00f3rica IAC 2013.\" src=\"https:\/\/i0.wp.com\/www.eltrabajo.cl\/portal\/wp-content\/uploads\/2013\/11\/pamela-rosas.jpg?resize=529%2C385\" width=\"529\" height=\"385\" srcset=\"https:\/\/i0.wp.com\/eltrabajo.cl\/portal\/wp-content\/uploads\/2013\/11\/pamela-rosas.jpg?w=529&amp;ssl=1 529w, https:\/\/i0.wp.com\/eltrabajo.cl\/portal\/wp-content\/uploads\/2013\/11\/pamela-rosas.jpg?resize=200%2C145&amp;ssl=1 200w, https:\/\/i0.wp.com\/eltrabajo.cl\/portal\/wp-content\/uploads\/2013\/11\/pamela-rosas.jpg?resize=300%2C218&amp;ssl=1 300w, https:\/\/i0.wp.com\/eltrabajo.cl\/portal\/wp-content\/uploads\/2013\/11\/pamela-rosas.jpg?resize=150%2C109&amp;ssl=1 150w, https:\/\/i0.wp.com\/eltrabajo.cl\/portal\/wp-content\/uploads\/2013\/11\/pamela-rosas.jpg?resize=400%2C291&amp;ssl=1 400w\" sizes=\"auto, (max-width: 529px) 100vw, 529px\" \/><\/a><figcaption id=\"caption-attachment-39726\" class=\"wp-caption-text\">La Profesora Pamela Rosas muestra a Diario El Trabajo una de las m\u00e1scaras originales del folklore chileno que ser\u00e1n usadas en la Diablada en esta Gala folcl\u00f3rica IAC 2013.<\/figcaption><\/figure>\n<ul>\n<li><strong>M\u00e1s de 52 estudiantes har\u00e1n de las suyas en esta nueva propuesta folcl\u00f3rica del Taller de Folklore del IAC dirigido por la profesora Pamela Rosas V\u00e1squez.<\/strong><\/li>\n<\/ul>\n<p>Ma\u00f1ana jueves a las 20:00 horas en el Instituto Abd\u00f3n Cifuentes, se realizar\u00e1 la Gala Folcl\u00f3rica \u2018De Norte a Sur\u2019 2013, misma en la que m\u00e1s de 50 personas estar\u00e1n en escena desarrollando tres cuadros art\u00edsticos. Esta actividad es dirigida por la Profesora de Lenguaje y Directora de Folklore del IAC, Pamela Rosas, experimentada artista con m\u00e1s de 20 a\u00f1os de trayectoria.<\/p>\n<p>\u00abEn el primer cuadro, llamado Mapuche Pewen, presentaremos la leyenda de Las tres fuentes, el segundo cuadro, La Tirana \u00d1usta Huillac, presentaremos una diablada con figurines y Zambos caporales, en el cuadro Chilo\u00e9 Cr\u00f3nicas de un Chilo\u00e9 m\u00e1gico, estaremos presentando la leyenda de La Pincoya y la de El Caleuche entre otras sorpresas, el Invitado este a\u00f1o es Cristian Videla\u00bb, coment\u00f3 Rosas a Diario El Trabajo.<\/p>\n","protected":false},"excerpt":{"rendered":"<p>M\u00e1s de 52 estudiantes har\u00e1n de las suyas en esta nueva propuesta folcl\u00f3rica del Taller de Folklore del IAC dirigido por la profesora Pamela Rosas V\u00e1squez. Ma\u00f1ana jueves a las 20:00 horas&#8230;<\/p>\n","protected":false},"author":482,"featured_media":39726,"comment_status":"open","ping_status":"closed","sticky":false,"template":"","format":"standard","meta":{"advanced_seo_description":"","jetpack_seo_html_title":"","jetpack_seo_noindex":false,"_jetpack_memberships_contains_paid_content":false,"footnotes":""},"categories":[15],"tags":[],"class_list":["post-39725","post","type-post","status-publish","format-standard","has-post-thumbnail","hentry","category-comunidad"],"jetpack_featured_media_url":"https:\/\/i0.wp.com\/eltrabajo.cl\/portal\/wp-content\/uploads\/2013\/11\/pamela-rosas.jpg?fit=529%2C385&ssl=1","jetpack_sharing_enabled":true,"jetpack_likes_enabled":true,"jetpack-related-posts":[],"_links":{"self":[{"href":"https:\/\/eltrabajo.cl\/portal\/wp-json\/wp\/v2\/posts\/39725","targetHints":{"allow":["GET"]}}],"collection":[{"href":"https:\/\/eltrabajo.cl\/portal\/wp-json\/wp\/v2\/posts"}],"about":[{"href":"https:\/\/eltrabajo.cl\/portal\/wp-json\/wp\/v2\/types\/post"}],"author":[{"embeddable":true,"href":"https:\/\/eltrabajo.cl\/portal\/wp-json\/wp\/v2\/users\/482"}],"replies":[{"embeddable":true,"href":"https:\/\/eltrabajo.cl\/portal\/wp-json\/wp\/v2\/comments?post=39725"}],"version-history":[{"count":0,"href":"https:\/\/eltrabajo.cl\/portal\/wp-json\/wp\/v2\/posts\/39725\/revisions"}],"wp:featuredmedia":[{"embeddable":true,"href":"https:\/\/eltrabajo.cl\/portal\/wp-json\/wp\/v2\/media\/39726"}],"wp:attachment":[{"href":"https:\/\/eltrabajo.cl\/portal\/wp-json\/wp\/v2\/media?parent=39725"}],"wp:term":[{"taxonomy":"category","embeddable":true,"href":"https:\/\/eltrabajo.cl\/portal\/wp-json\/wp\/v2\/categories?post=39725"},{"taxonomy":"post_tag","embeddable":true,"href":"https:\/\/eltrabajo.cl\/portal\/wp-json\/wp\/v2\/tags?post=39725"}],"curies":[{"name":"wp","href":"https:\/\/api.w.org\/{rel}","templated":true}]}}