{"id":39728,"date":"2013-11-20T09:29:02","date_gmt":"2013-11-20T12:29:02","guid":{"rendered":"http:\/\/www.eltrabajo.cl\/portal\/?p=39728"},"modified":"2013-11-20T09:29:02","modified_gmt":"2013-11-20T12:29:02","slug":"vecina-de-chacabuco-indignada-por-rayado-politico-en-el-muro-de-su-casa","status":"publish","type":"post","link":"https:\/\/eltrabajo.cl\/portal\/vecina-de-chacabuco-indignada-por-rayado-politico-en-el-muro-de-su-casa\/","title":{"rendered":"Vecina de Chacabuco indignada por rayado pol\u00edtico en el muro de su casa"},"content":{"rendered":"<figure id=\"attachment_39729\" aria-describedby=\"caption-attachment-39729\" style=\"width: 529px\" class=\"wp-caption alignnone\"><a href=\"https:\/\/i0.wp.com\/www.eltrabajo.cl\/portal\/wp-content\/uploads\/2013\/11\/muralla-rayada.jpg\"><img data-recalc-dims=\"1\" loading=\"lazy\" decoding=\"async\" class=\"size-full wp-image-39729\" title=\"El candidato Miguel Moreno ray\u00f3 la pared con su nombre y cuando le exigieron pintar para borrarlo, no hall\u00f3 nada mejor que dejar esta grotesca mancha.\" alt=\"El candidato Miguel Moreno ray\u00f3 la pared con su nombre y cuando le exigieron pintar para borrarlo, no hall\u00f3 nada mejor que dejar esta grotesca mancha.\" src=\"https:\/\/i0.wp.com\/www.eltrabajo.cl\/portal\/wp-content\/uploads\/2013\/11\/muralla-rayada.jpg?resize=529%2C353\" width=\"529\" height=\"353\" srcset=\"https:\/\/i0.wp.com\/eltrabajo.cl\/portal\/wp-content\/uploads\/2013\/11\/muralla-rayada.jpg?w=529&amp;ssl=1 529w, https:\/\/i0.wp.com\/eltrabajo.cl\/portal\/wp-content\/uploads\/2013\/11\/muralla-rayada.jpg?resize=200%2C133&amp;ssl=1 200w, https:\/\/i0.wp.com\/eltrabajo.cl\/portal\/wp-content\/uploads\/2013\/11\/muralla-rayada.jpg?resize=300%2C200&amp;ssl=1 300w, https:\/\/i0.wp.com\/eltrabajo.cl\/portal\/wp-content\/uploads\/2013\/11\/muralla-rayada.jpg?resize=150%2C100&amp;ssl=1 150w, https:\/\/i0.wp.com\/eltrabajo.cl\/portal\/wp-content\/uploads\/2013\/11\/muralla-rayada.jpg?resize=400%2C266&amp;ssl=1 400w\" sizes=\"auto, (max-width: 529px) 100vw, 529px\" \/><\/a><figcaption id=\"caption-attachment-39729\" class=\"wp-caption-text\">El candidato Miguel Moreno ray\u00f3 la pared con su nombre y cuando le exigieron pintar para borrarlo, no hall\u00f3 nada mejor que dejar esta grotesca mancha.<\/figcaption><\/figure>\n<p><strong>PUTAENDO.<\/strong>&#8211; Indignada se encuentra la se\u00f1ora Hogladalys Fern\u00e1ndez Calder\u00f3n luego que el muro de su vivienda ubicada en Calle Chacabuco, fuese rayado por el ex candidato a diputado Miguel Moreno.<\/p>\n<p>La propietaria de la vivienda, en un principio al percatarse que su casa hab\u00eda sido rayada, se contact\u00f3 con el Frente de Protecci\u00f3n del Patrimonio, Educaci\u00f3n, Cultura y Artes de Putaendo, quienes hicieron la denuncia por da\u00f1o en zona t\u00edpica ante el Consejo de Monumentos Nacionales y luego tom\u00f3 contacto con el mismo candidato a diputado, quien en primera instancia se desentendi\u00f3 del hecho y luego le manifest\u00f3 que enviar\u00eda a borrar el rayado efectuado en el muro de su vivienda.<\/p>\n<p>Hasta ah\u00ed todo bien, sin embargo, la molestia de la vecina creci\u00f3 luego de percatarse que efectivamente hab\u00edan borrado el rayado en su muralla, pero inexplicablemente se encontr\u00f3 con que el muro de adobe, de color rojo colonial, hab\u00eda sido pintado de color blanco encima del rayado que invitaba a votar por el ex candidato, lo que a juicio de la afectada hoy se convierte en una situaci\u00f3n m\u00e1s grave, pues acot\u00f3 que incluso la muralla qued\u00f3 peor de lo que ya estaba, puesto que la \u2018mancha\u2019 blanca que le dejaron es hasta m\u00e1s notoria que el rayado original.<\/p>\n<p>La vecina espera que el ex candidato Miguel Moreno cumpla su palabra y se apersone en su vivienda para que le d\u00e9 una explicaci\u00f3n como corresponde y le deje su muralla tal como ella la ten\u00eda, adem\u00e1s indic\u00f3 que mientras eso no ocurra lo seguir\u00e1 denunciando p\u00fablicamente.<\/p>\n<p>Patricio Gallardo M.<\/p>\n","protected":false},"excerpt":{"rendered":"<p>PUTAENDO.&#8211; Indignada se encuentra la se\u00f1ora Hogladalys Fern\u00e1ndez Calder\u00f3n luego que el muro de su vivienda ubicada en Calle Chacabuco, fuese rayado por el ex candidato a diputado Miguel Moreno. La propietaria&#8230;<\/p>\n","protected":false},"author":482,"featured_media":39729,"comment_status":"open","ping_status":"closed","sticky":false,"template":"","format":"standard","meta":{"advanced_seo_description":"","jetpack_seo_html_title":"","jetpack_seo_noindex":false,"_jetpack_memberships_contains_paid_content":false,"footnotes":""},"categories":[15],"tags":[],"class_list":["post-39728","post","type-post","status-publish","format-standard","has-post-thumbnail","hentry","category-comunidad"],"jetpack_featured_media_url":"https:\/\/i0.wp.com\/eltrabajo.cl\/portal\/wp-content\/uploads\/2013\/11\/muralla-rayada.jpg?fit=529%2C353&ssl=1","jetpack_sharing_enabled":true,"jetpack_likes_enabled":true,"jetpack-related-posts":[],"_links":{"self":[{"href":"https:\/\/eltrabajo.cl\/portal\/wp-json\/wp\/v2\/posts\/39728","targetHints":{"allow":["GET"]}}],"collection":[{"href":"https:\/\/eltrabajo.cl\/portal\/wp-json\/wp\/v2\/posts"}],"about":[{"href":"https:\/\/eltrabajo.cl\/portal\/wp-json\/wp\/v2\/types\/post"}],"author":[{"embeddable":true,"href":"https:\/\/eltrabajo.cl\/portal\/wp-json\/wp\/v2\/users\/482"}],"replies":[{"embeddable":true,"href":"https:\/\/eltrabajo.cl\/portal\/wp-json\/wp\/v2\/comments?post=39728"}],"version-history":[{"count":0,"href":"https:\/\/eltrabajo.cl\/portal\/wp-json\/wp\/v2\/posts\/39728\/revisions"}],"wp:featuredmedia":[{"embeddable":true,"href":"https:\/\/eltrabajo.cl\/portal\/wp-json\/wp\/v2\/media\/39729"}],"wp:attachment":[{"href":"https:\/\/eltrabajo.cl\/portal\/wp-json\/wp\/v2\/media?parent=39728"}],"wp:term":[{"taxonomy":"category","embeddable":true,"href":"https:\/\/eltrabajo.cl\/portal\/wp-json\/wp\/v2\/categories?post=39728"},{"taxonomy":"post_tag","embeddable":true,"href":"https:\/\/eltrabajo.cl\/portal\/wp-json\/wp\/v2\/tags?post=39728"}],"curies":[{"name":"wp","href":"https:\/\/api.w.org\/{rel}","templated":true}]}}