{"id":39734,"date":"2013-11-20T09:32:03","date_gmt":"2013-11-20T12:32:03","guid":{"rendered":"http:\/\/www.eltrabajo.cl\/portal\/?p=39734"},"modified":"2013-11-20T09:32:03","modified_gmt":"2013-11-20T12:32:03","slug":"director-liceo-america-dijo-fue-amenazado-por-presidente-de-junta-electoral","status":"publish","type":"post","link":"https:\/\/eltrabajo.cl\/portal\/director-liceo-america-dijo-fue-amenazado-por-presidente-de-junta-electoral\/","title":{"rendered":"Director Liceo Am\u00e9rica dijo fue amenazado por Presidente de Junta Electoral"},"content":{"rendered":"<figure id=\"attachment_39735\" aria-describedby=\"caption-attachment-39735\" style=\"width: 317px\" class=\"wp-caption alignleft\"><a href=\"https:\/\/i0.wp.com\/www.eltrabajo.cl\/portal\/wp-content\/uploads\/2013\/11\/enrrique-lebeaufee2.jpg\"><img data-recalc-dims=\"1\" loading=\"lazy\" decoding=\"async\" class=\" wp-image-39735 \" title=\"Enrique Le-Beuffe, Director del Liceo Am\u00e9rica, asegur\u00f3 que Ib\u00e1\u00f1ez lo amenaz\u00f3 e intent\u00f3 amedrentarlo.\" alt=\"Enrique Le-Beuffe, Director del Liceo Am\u00e9rica, asegur\u00f3 que Ib\u00e1\u00f1ez lo amenaz\u00f3 e intent\u00f3 amedrentarlo.\" src=\"https:\/\/i0.wp.com\/www.eltrabajo.cl\/portal\/wp-content\/uploads\/2013\/11\/enrrique-lebeaufee2.jpg?resize=317%2C314\" width=\"317\" height=\"314\" srcset=\"https:\/\/i0.wp.com\/eltrabajo.cl\/portal\/wp-content\/uploads\/2013\/11\/enrrique-lebeaufee2.jpg?w=529&amp;ssl=1 529w, https:\/\/i0.wp.com\/eltrabajo.cl\/portal\/wp-content\/uploads\/2013\/11\/enrrique-lebeaufee2.jpg?resize=151%2C150&amp;ssl=1 151w, https:\/\/i0.wp.com\/eltrabajo.cl\/portal\/wp-content\/uploads\/2013\/11\/enrrique-lebeaufee2.jpg?resize=300%2C296&amp;ssl=1 300w, https:\/\/i0.wp.com\/eltrabajo.cl\/portal\/wp-content\/uploads\/2013\/11\/enrrique-lebeaufee2.jpg?resize=150%2C148&amp;ssl=1 150w, https:\/\/i0.wp.com\/eltrabajo.cl\/portal\/wp-content\/uploads\/2013\/11\/enrrique-lebeaufee2.jpg?resize=400%2C395&amp;ssl=1 400w\" sizes=\"auto, (max-width: 317px) 100vw, 317px\" \/><\/a><figcaption id=\"caption-attachment-39735\" class=\"wp-caption-text\">Enrique Le-Beuffe, Director del Liceo Am\u00e9rica, asegur\u00f3 que Ib\u00e1\u00f1ez lo amenaz\u00f3 e intent\u00f3 amedrentarlo.<\/figcaption><\/figure>\n<ul>\n<li><strong>Dijo que fue el abogado Ib\u00e1\u00f1ez quien actu\u00f3 con prepotencia en su contra.<\/strong><\/li>\n<\/ul>\n<p><strong>LOS ANDES.<\/strong>&#8211; El Director del Liceo Polit\u00e9cnico Am\u00e9rica, Enrique Le-Beuffe, neg\u00f3 las acusaciones hechas en su contra por el Presidente de la Junta Electoral de Los Andes, H\u00e9ctor Ib\u00e1\u00f1ez, en orden a que hab\u00eda entorpecido el proceso eleccionario al negarse a facilitar algunas dependencias del establecimiento.<\/p>\n<p>El director manifest\u00f3 que el d\u00eda viernes en la ma\u00f1ana se procedi\u00f3 a hacer entrega del local a los militares y reci\u00e9n cerca de las 16 horas fue llamado por la delega electoral Mar\u00eda Araya, solicit\u00e1ndole ocupar una oficina perteneciente a la orientadora del colegio.<\/p>\n<p>Precis\u00f3 que \u00e9l se comunic\u00f3 v\u00eda telef\u00f3nica con la orientadora, quien le hizo ver que no era conveniente que su oficina fuera usada por el Servel al existir en ella documentaci\u00f3n personal de los alumnos, \u201cpues tampoco se sabe qu\u00e9 personas pod\u00edan entrar libremente a esas dependencias\u201d.<\/p>\n<p>Agreg\u00f3 que posteriormente recibi\u00f3 un llamado telef\u00f3nico por parte del Presidente de la Junta Electoral, H\u00e9ctor Ib\u00e1\u00f1ez, quien le exigi\u00f3 que se hiciera presente en el Liceo para que facilitara estas dependencias, \u201cpero \u00e9l me habl\u00f3 de manera muy prepotente, yo me encontraba en casa de mi madre en Santiago y le dije que yo no era portero de nadie y que nadie del Servel hab\u00eda venido cuando se entreg\u00f3 el Liceo en la ma\u00f1ana.<\/p>\n<p>\u201c\u00c9l me dijo que no ten\u00eda que dar cuenta a nadie de sus actos y a regl\u00f3n seguido me amenaz\u00f3 que me iba a llevar al Ministerio P\u00fablico, a la fiscal\u00eda, que nos \u00edbamos a encontrar en la justicia, es decir con todo tipo de amenazas y amedrentamientos\u201d, detall\u00f3 el director.<\/p>\n<p>Le-Beuffe dijo que esta situaci\u00f3n es inaceptable, \u201cy si he cometido alg\u00fan delito que se me diga, pero yo no tengo las llaves, no voto en Los Andes, entregu\u00e9 el colegio en el momento que corresponde y la verdad de las cosas es que aqu\u00ed hubo lugares del colegio que no se usaron y eso es responsabilidad de ellos\u201d.<\/p>\n<p>Agreg\u00f3 que \u201ceste se\u00f1or (Ib\u00e1\u00f1ez) no hab\u00eda nacido cuando yo ya hac\u00eda uso de mi derecho a votar y por lo tanto jam\u00e1s en vida he puesto un problema para nada y si alguien est\u00e1 dispuesto a apegarse a la ley y colaborar, ese he sido yo, pero lo que no acepto es que se me venga a amenazar y que se me diga que si yo no vengo inmediatamente me van a llevar a la justica, porque yo no soy funcionario del Servel y si necesitaba algo debi\u00f3 recurrir al municipio que es el due\u00f1o del colegio\u201d.<\/p>\n<p>Visiblemente molesto, el director del Liceo Am\u00e9rica afirm\u00f3 que nadie acudi\u00f3 a presentarse a pedir los requerimientos al Liceo, \u201cpues no me parece que haya una prepotencia tan grande, porque yo no puedo salir corriendo porque un se\u00f1or X me ordene que tengo que venir, pues ni siquiera a los funcionarios que dependen de m\u00ed les ordeno de esa manera, por lo tanto no tengo por qu\u00e9 aceptar, e incluso seg\u00fan me dicen en este colegio hubo absoluta normalidad en las votaciones y si no ocuparon todos los sectores que el colegio ten\u00eda no es responsabilidad m\u00eda\u201d.<\/p>\n<p>Advirti\u00f3 que si una persona, como en el caso de H\u00e9ctor Ib\u00e1\u00f1ez, que es abogado, cree que lo va a atemorizar, \u201cest\u00e1 profundamente equivocado, ya que quien tiene que interpretar es un tercero que es el que dirime y parece que este se\u00f1or es bastante prepotente porque incluso en la televisi\u00f3n dijo que yo era un ignorante\u201d.<\/p>\n<p>El director sostuvo que no hubo ning\u00fan tipo de obstrucci\u00f3n al proceso eleccionario, por cuanto nunca neg\u00f3 las llaves, \u201cpero si tengo que venir de Santiago a abrir la puerta de una oficina a una se\u00f1ora que se le meti\u00f3 en la cabeza que quer\u00eda ocuparla, no puede ser y por lo tanto eso no es obstrucci\u00f3n\u201d.<\/p>\n<p>&nbsp;<\/p>\n","protected":false},"excerpt":{"rendered":"<p>Dijo que fue el abogado Ib\u00e1\u00f1ez quien actu\u00f3 con prepotencia en su contra. LOS ANDES.&#8211; El Director del Liceo Polit\u00e9cnico Am\u00e9rica, Enrique Le-Beuffe, neg\u00f3 las acusaciones hechas en su contra por el&#8230;<\/p>\n","protected":false},"author":482,"featured_media":39735,"comment_status":"open","ping_status":"closed","sticky":false,"template":"","format":"standard","meta":{"advanced_seo_description":"","jetpack_seo_html_title":"","jetpack_seo_noindex":false,"_jetpack_memberships_contains_paid_content":false,"footnotes":""},"categories":[1],"tags":[],"class_list":["post-39734","post","type-post","status-publish","format-standard","has-post-thumbnail","hentry","category-cronica"],"jetpack_featured_media_url":"https:\/\/i0.wp.com\/eltrabajo.cl\/portal\/wp-content\/uploads\/2013\/11\/enrrique-lebeaufee2.jpg?fit=529%2C523&ssl=1","jetpack_sharing_enabled":true,"jetpack_likes_enabled":true,"jetpack-related-posts":[],"_links":{"self":[{"href":"https:\/\/eltrabajo.cl\/portal\/wp-json\/wp\/v2\/posts\/39734","targetHints":{"allow":["GET"]}}],"collection":[{"href":"https:\/\/eltrabajo.cl\/portal\/wp-json\/wp\/v2\/posts"}],"about":[{"href":"https:\/\/eltrabajo.cl\/portal\/wp-json\/wp\/v2\/types\/post"}],"author":[{"embeddable":true,"href":"https:\/\/eltrabajo.cl\/portal\/wp-json\/wp\/v2\/users\/482"}],"replies":[{"embeddable":true,"href":"https:\/\/eltrabajo.cl\/portal\/wp-json\/wp\/v2\/comments?post=39734"}],"version-history":[{"count":0,"href":"https:\/\/eltrabajo.cl\/portal\/wp-json\/wp\/v2\/posts\/39734\/revisions"}],"wp:featuredmedia":[{"embeddable":true,"href":"https:\/\/eltrabajo.cl\/portal\/wp-json\/wp\/v2\/media\/39735"}],"wp:attachment":[{"href":"https:\/\/eltrabajo.cl\/portal\/wp-json\/wp\/v2\/media?parent=39734"}],"wp:term":[{"taxonomy":"category","embeddable":true,"href":"https:\/\/eltrabajo.cl\/portal\/wp-json\/wp\/v2\/categories?post=39734"},{"taxonomy":"post_tag","embeddable":true,"href":"https:\/\/eltrabajo.cl\/portal\/wp-json\/wp\/v2\/tags?post=39734"}],"curies":[{"name":"wp","href":"https:\/\/api.w.org\/{rel}","templated":true}]}}