{"id":39737,"date":"2013-11-20T09:33:20","date_gmt":"2013-11-20T12:33:20","guid":{"rendered":"http:\/\/www.eltrabajo.cl\/portal\/?p=39737"},"modified":"2013-11-20T09:33:20","modified_gmt":"2013-11-20T12:33:20","slug":"municipales-deponen-paro-y-se-reintegran-desde-hoy-a-sus-labores","status":"publish","type":"post","link":"https:\/\/eltrabajo.cl\/portal\/municipales-deponen-paro-y-se-reintegran-desde-hoy-a-sus-labores\/","title":{"rendered":"Municipales deponen paro y se reintegran desde hoy a sus labores"},"content":{"rendered":"<figure id=\"attachment_39738\" aria-describedby=\"caption-attachment-39738\" style=\"width: 529px\" class=\"wp-caption alignnone\"><a href=\"https:\/\/i0.wp.com\/www.eltrabajo.cl\/portal\/wp-content\/uploads\/2013\/11\/municipales-reuniones3.jpg\"><img data-recalc-dims=\"1\" loading=\"lazy\" decoding=\"async\" class=\"size-full wp-image-39738\" title=\"Justo ayer los funcionarios municipales de Los Andes adelantaron que radicalizar\u00edan sus acciones si no consegu\u00edan ser escuchados por el gobierno, no descartando bloqueos de caminos u otras acciones de fuerza, cuando horas m\u00e1s tarde se supo del t\u00e9rmino del conflicto.\" alt=\"Justo ayer los funcionarios municipales de Los Andes adelantaron que radicalizar\u00edan sus acciones si no consegu\u00edan ser escuchados por el gobierno, no descartando bloqueos de caminos u otras acciones de fuerza, cuando horas m\u00e1s tarde se supo del t\u00e9rmino del conflicto.\" src=\"https:\/\/i0.wp.com\/www.eltrabajo.cl\/portal\/wp-content\/uploads\/2013\/11\/municipales-reuniones3.jpg?resize=529%2C353\" width=\"529\" height=\"353\" srcset=\"https:\/\/i0.wp.com\/eltrabajo.cl\/portal\/wp-content\/uploads\/2013\/11\/municipales-reuniones3.jpg?w=529&amp;ssl=1 529w, https:\/\/i0.wp.com\/eltrabajo.cl\/portal\/wp-content\/uploads\/2013\/11\/municipales-reuniones3.jpg?resize=200%2C133&amp;ssl=1 200w, https:\/\/i0.wp.com\/eltrabajo.cl\/portal\/wp-content\/uploads\/2013\/11\/municipales-reuniones3.jpg?resize=300%2C200&amp;ssl=1 300w, https:\/\/i0.wp.com\/eltrabajo.cl\/portal\/wp-content\/uploads\/2013\/11\/municipales-reuniones3.jpg?resize=150%2C100&amp;ssl=1 150w, https:\/\/i0.wp.com\/eltrabajo.cl\/portal\/wp-content\/uploads\/2013\/11\/municipales-reuniones3.jpg?resize=400%2C266&amp;ssl=1 400w\" sizes=\"auto, (max-width: 529px) 100vw, 529px\" \/><\/a><figcaption id=\"caption-attachment-39738\" class=\"wp-caption-text\">Justo ayer los funcionarios municipales de Los Andes adelantaron que radicalizar\u00edan sus acciones si no consegu\u00edan ser escuchados por el gobierno, no descartando bloqueos de caminos u otras acciones de fuerza, cuando horas m\u00e1s tarde se supo del t\u00e9rmino del conflicto.<\/figcaption><\/figure>\n<p>A partir de hoy mi\u00e9rcoles se reintegran a sus actividades normales los funcionarios municipales que se encontraban desde hace un mes en paro, luego que se lograra llegar a un acuerdo con la Comisi\u00f3n de Hacienda del Senado y el Gobierno, por las demandas que los mantuvieron movilizados por 31 d\u00edas.<\/p>\n<p>El presidente de la Confederaci\u00f3n Nacional de Funcionarios Municipales de Chile (Asemuch), \u00d3scar Y\u00e1\u00f1ez, confirm\u00f3 que el acuerdo se firm\u00f3 junto a los parlamentarios de la Comisi\u00f3n de Hacienda y el ministro del Interior, Andr\u00e9s Chadwick.<\/p>\n<p>\u00abNos incorporamos ma\u00f1ana (hoy) a trabajar definitivamente. Les pedimos las disculpas y las excusas a todos los usuarios, vecinos y contribuyentes que hayan tenido que pasar estas situaciones, pero son cosas que pasan. Est\u00e1bamos por una lucha que era justa, digna\u00bb, sentenci\u00f3.<\/p>\n<p>En esa l\u00ednea, Y\u00e1\u00f1ez se refiri\u00f3 a esta situaci\u00f3n, la cual significa que le han dado discusi\u00f3n inmediata al proyecto de mejoramiento de la gesti\u00f3n municipal, un aumento considerable de las remuneraciones de los funcionarios municipales del pa\u00eds.<\/p>\n<p>Adem\u00e1s, recoge tres puntos relevantes para los funcionarios, que tienen que ver con un incremento previsional, readecuaci\u00f3n de las plantas municipales y la homologaci\u00f3n en el pago de la asignaci\u00f3n profesional, t\u00e9cnica y de responsabilidad.<\/p>\n<p>Esas comisiones ser\u00e1n acotadas, que se iniciar\u00e1n diez d\u00edas despu\u00e9s de la suscripci\u00f3n del acuerdo y como fecha de t\u00e9rmino el 28 de febrero, de 2014.<\/p>\n<p>\u00abEn ese contexto, dando cumplimiento a las cuatro demandas e incorporando un quinto punto que tiene que ver con el retiro voluntario, damos por cumplido espec\u00edficamente el compromiso que hab\u00eda adquirido el Ejecutivo y tambi\u00e9n la comisi\u00f3n de Hacienda, coordinada por el senador Andr\u00e9s Zald\u00edvar (DC) y el senador Hern\u00e1n Larra\u00edn (UDI) y que se ha sumado el gobierno para cerrar\u00bb, dijo el dirigente.<\/p>\n<p>Finalmente, se\u00f1al\u00f3 que \u00aben virtud de esta situaci\u00f3n, hago un llamado al pa\u00eds que a partir de este momento, nosotros suspendemos la paralizaci\u00f3n de actividades que correspond\u00eda a 31 d\u00edas, e invitamos ma\u00f1ana en la ma\u00f1ana a las bases del pa\u00eds a entregar un informe de este protocolo de acuerdo\u00bb.<\/p>\n","protected":false},"excerpt":{"rendered":"<p>A partir de hoy mi\u00e9rcoles se reintegran a sus actividades normales los funcionarios municipales que se encontraban desde hace un mes en paro, luego que se lograra llegar a un acuerdo con&#8230;<\/p>\n","protected":false},"author":482,"featured_media":39738,"comment_status":"open","ping_status":"closed","sticky":false,"template":"","format":"standard","meta":{"advanced_seo_description":"","jetpack_seo_html_title":"","jetpack_seo_noindex":false,"_jetpack_memberships_contains_paid_content":false,"footnotes":""},"categories":[1],"tags":[],"class_list":["post-39737","post","type-post","status-publish","format-standard","has-post-thumbnail","hentry","category-cronica"],"jetpack_featured_media_url":"https:\/\/i0.wp.com\/eltrabajo.cl\/portal\/wp-content\/uploads\/2013\/11\/municipales-reuniones3.jpg?fit=529%2C353&ssl=1","jetpack_sharing_enabled":true,"jetpack_likes_enabled":true,"jetpack-related-posts":[],"_links":{"self":[{"href":"https:\/\/eltrabajo.cl\/portal\/wp-json\/wp\/v2\/posts\/39737","targetHints":{"allow":["GET"]}}],"collection":[{"href":"https:\/\/eltrabajo.cl\/portal\/wp-json\/wp\/v2\/posts"}],"about":[{"href":"https:\/\/eltrabajo.cl\/portal\/wp-json\/wp\/v2\/types\/post"}],"author":[{"embeddable":true,"href":"https:\/\/eltrabajo.cl\/portal\/wp-json\/wp\/v2\/users\/482"}],"replies":[{"embeddable":true,"href":"https:\/\/eltrabajo.cl\/portal\/wp-json\/wp\/v2\/comments?post=39737"}],"version-history":[{"count":0,"href":"https:\/\/eltrabajo.cl\/portal\/wp-json\/wp\/v2\/posts\/39737\/revisions"}],"wp:featuredmedia":[{"embeddable":true,"href":"https:\/\/eltrabajo.cl\/portal\/wp-json\/wp\/v2\/media\/39738"}],"wp:attachment":[{"href":"https:\/\/eltrabajo.cl\/portal\/wp-json\/wp\/v2\/media?parent=39737"}],"wp:term":[{"taxonomy":"category","embeddable":true,"href":"https:\/\/eltrabajo.cl\/portal\/wp-json\/wp\/v2\/categories?post=39737"},{"taxonomy":"post_tag","embeddable":true,"href":"https:\/\/eltrabajo.cl\/portal\/wp-json\/wp\/v2\/tags?post=39737"}],"curies":[{"name":"wp","href":"https:\/\/api.w.org\/{rel}","templated":true}]}}