{"id":39740,"date":"2013-11-20T09:35:16","date_gmt":"2013-11-20T12:35:16","guid":{"rendered":"http:\/\/www.eltrabajo.cl\/portal\/?p=39740"},"modified":"2013-11-20T09:35:16","modified_gmt":"2013-11-20T12:35:16","slug":"servicio-salud-aconcagua-puso-en-operaciones-nueva-base-samu-los-andes","status":"publish","type":"post","link":"https:\/\/eltrabajo.cl\/portal\/servicio-salud-aconcagua-puso-en-operaciones-nueva-base-samu-los-andes\/","title":{"rendered":"Servicio Salud Aconcagua puso en operaciones nueva base SAMU Los Andes"},"content":{"rendered":"<figure id=\"attachment_39741\" aria-describedby=\"caption-attachment-39741\" style=\"width: 529px\" class=\"wp-caption alignnone\"><a href=\"https:\/\/i0.wp.com\/www.eltrabajo.cl\/portal\/wp-content\/uploads\/2013\/11\/infante-samu-los-andes.jpg\"><img data-recalc-dims=\"1\" loading=\"lazy\" decoding=\"async\" class=\"size-full wp-image-39741\" title=\"Una inversi\u00f3n de 21 millones de pesos demand\u00f3 la remodelaci\u00f3n completa del Servicio de Atenci\u00f3n M\u00e9dico de Urgencia (Samu) de Los Andes, se\u00f1al\u00f3 el Director del Servicio de Salud Aconcagua, Rodrigo Infante.\" alt=\"Una inversi\u00f3n de 21 millones de pesos demand\u00f3 la remodelaci\u00f3n completa del Servicio de Atenci\u00f3n M\u00e9dico de Urgencia (Samu) de Los Andes, se\u00f1al\u00f3 el Director del Servicio de Salud Aconcagua, Rodrigo Infante.\" src=\"https:\/\/i0.wp.com\/www.eltrabajo.cl\/portal\/wp-content\/uploads\/2013\/11\/infante-samu-los-andes.jpg?resize=529%2C397\" width=\"529\" height=\"397\" srcset=\"https:\/\/i0.wp.com\/eltrabajo.cl\/portal\/wp-content\/uploads\/2013\/11\/infante-samu-los-andes.jpg?w=529&amp;ssl=1 529w, https:\/\/i0.wp.com\/eltrabajo.cl\/portal\/wp-content\/uploads\/2013\/11\/infante-samu-los-andes.jpg?resize=200%2C150&amp;ssl=1 200w, https:\/\/i0.wp.com\/eltrabajo.cl\/portal\/wp-content\/uploads\/2013\/11\/infante-samu-los-andes.jpg?resize=300%2C225&amp;ssl=1 300w, https:\/\/i0.wp.com\/eltrabajo.cl\/portal\/wp-content\/uploads\/2013\/11\/infante-samu-los-andes.jpg?resize=150%2C112&amp;ssl=1 150w, https:\/\/i0.wp.com\/eltrabajo.cl\/portal\/wp-content\/uploads\/2013\/11\/infante-samu-los-andes.jpg?resize=400%2C300&amp;ssl=1 400w\" sizes=\"auto, (max-width: 529px) 100vw, 529px\" \/><\/a><figcaption id=\"caption-attachment-39741\" class=\"wp-caption-text\">Una inversi\u00f3n de 21 millones de pesos demand\u00f3 la remodelaci\u00f3n completa del Servicio de Atenci\u00f3n M\u00e9dico de Urgencia (Samu) de Los Andes, se\u00f1al\u00f3 el Director del Servicio de Salud Aconcagua, Rodrigo Infante.<\/figcaption><\/figure>\n<p>El Director de la organizaci\u00f3n, Rodrigo Infante, manifest\u00f3 su conformidad con esta inversi\u00f3n de 21 millones de pesos, reiterando su deseo de contar con este tipo de espacios para los funcionarios del Sistema de Atenci\u00f3n M\u00e9dico de Urgencia, as\u00ed como de mantener una preocupaci\u00f3n constante por la calidad de los equipos con los que debe desempe\u00f1arse el personal.<\/p>\n<p>En el marco de una visita a los funcionarios del Sistema de Atenci\u00f3n M\u00e9dico de Urgencia que se encuentran ubicados en el Hospital de Los Andes, el Director del Servicio de Salud Aconcagua, Rodrigo Infante, expres\u00f3 su satisfacci\u00f3n por el t\u00e9rmino de esta obra, la que signific\u00f3 una inversi\u00f3n de 21 millones de pesos e incluy\u00f3 la remodelaci\u00f3n completa de la infraestructura f\u00edsica y la compra de equipos de radiocomunicaciones y programas para controlar los desplazamientos de las ambulancias.<\/p>\n<p>\u201cEsta es una nueva muestra del buen manejo financiero que hemos tenido en nuestra administraci\u00f3n, porque esta obra se ha hecho sin pedirle apoyo a nadie, s\u00f3lo con recursos propios y era una deuda pendiente con los funcionarios del SAMU de Los Andes, la que hoy hemos cumplido y hoy cuentan con espacios c\u00f3modos para esperar las posibles emergencias que puedan ocurrir. Esto es un tema de conceptos, de c\u00f3mo entendemos la labor del SAMU y yo la entiendo como el trabajo de un equipo altamente capacitado y que tiene que contar con todas las comodidades para enfrentarse a las emergencias m\u00e1s grandes\u201d, expres\u00f3 Infante.<\/p>\n<p>En la oportunidad, el Director del SSA expres\u00f3 que el ideal es que estas obras contin\u00faen y se le brinde a los funcionarios del SAMU todas las comodidades. \u201cMuchas veces los funcionarios son criticados por la comunidad, pero debemos tomar conciencia que ellos est\u00e1n para atender emergencias que obligan a un esfuerzo importante y en los que muchas veces est\u00e1 en riesgo la vida de una persona. Esto es lo mismo que el trabajo de bomberos, mientras no haya incendios, deben estar en las mejores condiciones de descanso para atenderlos, en salud es exactamente lo mismo y por ello es que hemos dispuesto un lugar con las mejores condiciones\u201d, dijo Rodrigo Infante.<\/p>\n<p>En cuanto al equipamiento inform\u00e1tico, la autoridad destac\u00f3 que hoy se cuenta con programas computacionales que permiten conocer exactamente los desplazamientos de las ambulancias, las velocidades y el comportamiento de los conductores de los m\u00f3viles. \u201cTenemos que optimizar nuestros recursos y por lo mismo hay que establecer medios de control, ya que nos permiten incluso tener m\u00e1s antecedentes cuando existen denuncias de parte de la comunidad. As\u00ed tambi\u00e9n hemos dispuesto que la base tenga una salida exclusiva por Avenida Argentina, ya que as\u00ed puede desplazare r\u00e1pidamente hacia las emergencias y no tener que pasar por los enormes tacos que se forman en el \u00faltimo tramo de Avenida Hermanos Clark, ya que en las emergencias un minuto puede ser de enorme importancia\u201d, manifest\u00f3 Rodrigo Infante.<\/p>\n<p>&nbsp;<\/p>\n","protected":false},"excerpt":{"rendered":"<p>El Director de la organizaci\u00f3n, Rodrigo Infante, manifest\u00f3 su conformidad con esta inversi\u00f3n de 21 millones de pesos, reiterando su deseo de contar con este tipo de espacios para los funcionarios del&#8230;<\/p>\n","protected":false},"author":482,"featured_media":39741,"comment_status":"open","ping_status":"closed","sticky":false,"template":"","format":"standard","meta":{"advanced_seo_description":"","jetpack_seo_html_title":"","jetpack_seo_noindex":false,"_jetpack_memberships_contains_paid_content":false,"footnotes":""},"categories":[1],"tags":[],"class_list":["post-39740","post","type-post","status-publish","format-standard","has-post-thumbnail","hentry","category-cronica"],"jetpack_featured_media_url":"https:\/\/i0.wp.com\/eltrabajo.cl\/portal\/wp-content\/uploads\/2013\/11\/infante-samu-los-andes.jpg?fit=529%2C397&ssl=1","jetpack_sharing_enabled":true,"jetpack_likes_enabled":true,"jetpack-related-posts":[],"_links":{"self":[{"href":"https:\/\/eltrabajo.cl\/portal\/wp-json\/wp\/v2\/posts\/39740","targetHints":{"allow":["GET"]}}],"collection":[{"href":"https:\/\/eltrabajo.cl\/portal\/wp-json\/wp\/v2\/posts"}],"about":[{"href":"https:\/\/eltrabajo.cl\/portal\/wp-json\/wp\/v2\/types\/post"}],"author":[{"embeddable":true,"href":"https:\/\/eltrabajo.cl\/portal\/wp-json\/wp\/v2\/users\/482"}],"replies":[{"embeddable":true,"href":"https:\/\/eltrabajo.cl\/portal\/wp-json\/wp\/v2\/comments?post=39740"}],"version-history":[{"count":0,"href":"https:\/\/eltrabajo.cl\/portal\/wp-json\/wp\/v2\/posts\/39740\/revisions"}],"wp:featuredmedia":[{"embeddable":true,"href":"https:\/\/eltrabajo.cl\/portal\/wp-json\/wp\/v2\/media\/39741"}],"wp:attachment":[{"href":"https:\/\/eltrabajo.cl\/portal\/wp-json\/wp\/v2\/media?parent=39740"}],"wp:term":[{"taxonomy":"category","embeddable":true,"href":"https:\/\/eltrabajo.cl\/portal\/wp-json\/wp\/v2\/categories?post=39740"},{"taxonomy":"post_tag","embeddable":true,"href":"https:\/\/eltrabajo.cl\/portal\/wp-json\/wp\/v2\/tags?post=39740"}],"curies":[{"name":"wp","href":"https:\/\/api.w.org\/{rel}","templated":true}]}}