{"id":39743,"date":"2013-11-20T09:36:26","date_gmt":"2013-11-20T12:36:26","guid":{"rendered":"http:\/\/www.eltrabajo.cl\/portal\/?p=39743"},"modified":"2013-11-20T09:36:26","modified_gmt":"2013-11-20T12:36:26","slug":"destacada-participacion-de-funcionarios-de-la-daem-en-ultimas-elecciones","status":"publish","type":"post","link":"https:\/\/eltrabajo.cl\/portal\/destacada-participacion-de-funcionarios-de-la-daem-en-ultimas-elecciones\/","title":{"rendered":"Destacada participaci\u00f3n de funcionarios de la Daem en \u00faltimas elecciones"},"content":{"rendered":"<figure id=\"attachment_39744\" aria-describedby=\"caption-attachment-39744\" style=\"width: 528px\" class=\"wp-caption alignnone\"><a href=\"https:\/\/i0.wp.com\/www.eltrabajo.cl\/portal\/wp-content\/uploads\/2013\/11\/daem-elecciones-4.jpg\"><img data-recalc-dims=\"1\" loading=\"lazy\" decoding=\"async\" class=\"size-full wp-image-39744\" title=\"El retiro de la propaganda electoral tambi\u00e9n fue asumido por personal de la Daem debido al paro de los municipales.\" alt=\"El retiro de la propaganda electoral tambi\u00e9n fue asumido por personal de la Daem debido al paro de los municipales.\" src=\"https:\/\/i0.wp.com\/www.eltrabajo.cl\/portal\/wp-content\/uploads\/2013\/11\/daem-elecciones-4.jpg?resize=528%2C375\" width=\"528\" height=\"375\" srcset=\"https:\/\/i0.wp.com\/eltrabajo.cl\/portal\/wp-content\/uploads\/2013\/11\/daem-elecciones-4.jpg?w=528&amp;ssl=1 528w, https:\/\/i0.wp.com\/eltrabajo.cl\/portal\/wp-content\/uploads\/2013\/11\/daem-elecciones-4.jpg?resize=200%2C142&amp;ssl=1 200w, https:\/\/i0.wp.com\/eltrabajo.cl\/portal\/wp-content\/uploads\/2013\/11\/daem-elecciones-4.jpg?resize=300%2C213&amp;ssl=1 300w, https:\/\/i0.wp.com\/eltrabajo.cl\/portal\/wp-content\/uploads\/2013\/11\/daem-elecciones-4.jpg?resize=150%2C106&amp;ssl=1 150w, https:\/\/i0.wp.com\/eltrabajo.cl\/portal\/wp-content\/uploads\/2013\/11\/daem-elecciones-4.jpg?resize=400%2C284&amp;ssl=1 400w\" sizes=\"auto, (max-width: 528px) 100vw, 528px\" \/><\/a><figcaption id=\"caption-attachment-39744\" class=\"wp-caption-text\">El retiro de la propaganda electoral tambi\u00e9n fue asumido por personal de la Daem debido al paro de los municipales.<\/figcaption><\/figure>\n<p>En los \u00faltimos comicios desarrollados a nivel nacional, y ante la movilizaci\u00f3n que mantiene a los funcionarios municipales en una jornada de paralizaci\u00f3n indefinida, destac\u00f3 la participaci\u00f3n de los funcionarios de la Daem y asistentes de la educaci\u00f3n, quienes desarrollaron una notable labor, realizando las funciones de abastecimiento, preparaci\u00f3n y coordinaci\u00f3n de la parte log\u00edstica y operacional del proceso.<\/p>\n<p>Para tal efecto es que tempranamente se comenz\u00f3 a elaborar un plan de acci\u00f3n tendiente a normalizar las exigencias de los comicios, haci\u00e9ndose cargo del traslado de los materiales necesarios para el proceso eleccionario, complementando las labores con los asistentes de la educaci\u00f3n, quienes se encargaron de la preparaci\u00f3n y armado de casetas y urnas, logrando as\u00ed dejar los establecimientos educacionales en \u00f3ptimas condiciones para este importante acto c\u00edvico.<\/p>\n<p>Durante la jornada, a las siete de la ma\u00f1ana comenzaron con los \u00faltimos preparativos para el evento, y dentro de las variadas tareas asignadas, se encargaron de la log\u00edstica desde primeras horas, recorriendo cada uno de los colegios y liceos, constatando que \u00e9stos contaran con los elementos necesarios para un proceso normal.<\/p>\n<p>Como es tradici\u00f3n, se habilitaron los colegios Bernardo O\u2019Higgins, Liceo Dr. Roberto Humeres Oyaneder, escuela Jos\u00e9 de San Mart\u00edn, escuela Manuel Rodr\u00edguez y el Liceo Corina Urbina, lo que implic\u00f3 que las jornadas diarias se extendieran m\u00e1s all\u00e1 de lo habitual.<\/p>\n<p>La larga tarea se extendi\u00f3 hasta pasadas las diez de la noche, logr\u00e1ndose un acto c\u00edvico de alto nivel, quedando en evidencia el profesionalismo y dedicaci\u00f3n con que los funcionarios realizaron cada una de las labores encomendadas, logrando el reconocimiento de las autoridades, y los ciudadanos quienes concurrieron hasta los locales de votaci\u00f3n.<\/p>\n","protected":false},"excerpt":{"rendered":"<p>En los \u00faltimos comicios desarrollados a nivel nacional, y ante la movilizaci\u00f3n que mantiene a los funcionarios municipales en una jornada de paralizaci\u00f3n indefinida, destac\u00f3 la participaci\u00f3n de los funcionarios de la&#8230;<\/p>\n","protected":false},"author":482,"featured_media":39744,"comment_status":"open","ping_status":"closed","sticky":false,"template":"","format":"standard","meta":{"advanced_seo_description":"","jetpack_seo_html_title":"","jetpack_seo_noindex":false,"_jetpack_memberships_contains_paid_content":false,"footnotes":""},"categories":[1],"tags":[],"class_list":["post-39743","post","type-post","status-publish","format-standard","has-post-thumbnail","hentry","category-cronica"],"jetpack_featured_media_url":"https:\/\/i0.wp.com\/eltrabajo.cl\/portal\/wp-content\/uploads\/2013\/11\/daem-elecciones-4.jpg?fit=528%2C375&ssl=1","jetpack_sharing_enabled":true,"jetpack_likes_enabled":true,"jetpack-related-posts":[],"_links":{"self":[{"href":"https:\/\/eltrabajo.cl\/portal\/wp-json\/wp\/v2\/posts\/39743","targetHints":{"allow":["GET"]}}],"collection":[{"href":"https:\/\/eltrabajo.cl\/portal\/wp-json\/wp\/v2\/posts"}],"about":[{"href":"https:\/\/eltrabajo.cl\/portal\/wp-json\/wp\/v2\/types\/post"}],"author":[{"embeddable":true,"href":"https:\/\/eltrabajo.cl\/portal\/wp-json\/wp\/v2\/users\/482"}],"replies":[{"embeddable":true,"href":"https:\/\/eltrabajo.cl\/portal\/wp-json\/wp\/v2\/comments?post=39743"}],"version-history":[{"count":0,"href":"https:\/\/eltrabajo.cl\/portal\/wp-json\/wp\/v2\/posts\/39743\/revisions"}],"wp:featuredmedia":[{"embeddable":true,"href":"https:\/\/eltrabajo.cl\/portal\/wp-json\/wp\/v2\/media\/39744"}],"wp:attachment":[{"href":"https:\/\/eltrabajo.cl\/portal\/wp-json\/wp\/v2\/media?parent=39743"}],"wp:term":[{"taxonomy":"category","embeddable":true,"href":"https:\/\/eltrabajo.cl\/portal\/wp-json\/wp\/v2\/categories?post=39743"},{"taxonomy":"post_tag","embeddable":true,"href":"https:\/\/eltrabajo.cl\/portal\/wp-json\/wp\/v2\/tags?post=39743"}],"curies":[{"name":"wp","href":"https:\/\/api.w.org\/{rel}","templated":true}]}}