{"id":39746,"date":"2013-11-20T09:41:19","date_gmt":"2013-11-20T12:41:19","guid":{"rendered":"http:\/\/www.eltrabajo.cl\/portal\/?p=39746"},"modified":"2013-11-20T09:41:19","modified_gmt":"2013-11-20T12:41:19","slug":"amigos-familiares-y-ex-futbolistas-del-uni-despidieron-al-huaso-henriquez","status":"publish","type":"post","link":"https:\/\/eltrabajo.cl\/portal\/amigos-familiares-y-ex-futbolistas-del-uni-despidieron-al-huaso-henriquez\/","title":{"rendered":"Amigos, familiares y ex futbolistas del Un\u00ed despidieron al \u2018Huaso\u2019 Henr\u00edquez"},"content":{"rendered":"<figure id=\"attachment_39747\" aria-describedby=\"caption-attachment-39747\" style=\"width: 529px\" class=\"wp-caption alignnone\"><a href=\"https:\/\/i0.wp.com\/www.eltrabajo.cl\/portal\/wp-content\/uploads\/2013\/11\/funerales1.jpg\"><img data-recalc-dims=\"1\" loading=\"lazy\" decoding=\"async\" class=\"size-full wp-image-39747\" title=\"DE CAPA CA\u00cdDA.- As\u00ed luc\u00eda el \u00e1nimo de quienes acompa\u00f1aron al \u2018Huaso\u2019 Henr\u00edquez a su \u00faltima morada la ma\u00f1ana de este martes.\" alt=\"DE CAPA CA\u00cdDA.- As\u00ed luc\u00eda el \u00e1nimo de quienes acompa\u00f1aron al \u2018Huaso\u2019 Henr\u00edquez a su \u00faltima morada la ma\u00f1ana de este martes.\" src=\"https:\/\/i0.wp.com\/www.eltrabajo.cl\/portal\/wp-content\/uploads\/2013\/11\/funerales1.jpg?resize=529%2C397\" width=\"529\" height=\"397\" srcset=\"https:\/\/i0.wp.com\/eltrabajo.cl\/portal\/wp-content\/uploads\/2013\/11\/funerales1.jpg?w=529&amp;ssl=1 529w, https:\/\/i0.wp.com\/eltrabajo.cl\/portal\/wp-content\/uploads\/2013\/11\/funerales1.jpg?resize=200%2C150&amp;ssl=1 200w, https:\/\/i0.wp.com\/eltrabajo.cl\/portal\/wp-content\/uploads\/2013\/11\/funerales1.jpg?resize=300%2C225&amp;ssl=1 300w, https:\/\/i0.wp.com\/eltrabajo.cl\/portal\/wp-content\/uploads\/2013\/11\/funerales1.jpg?resize=150%2C112&amp;ssl=1 150w, https:\/\/i0.wp.com\/eltrabajo.cl\/portal\/wp-content\/uploads\/2013\/11\/funerales1.jpg?resize=400%2C300&amp;ssl=1 400w\" sizes=\"auto, (max-width: 529px) 100vw, 529px\" \/><\/a><figcaption id=\"caption-attachment-39747\" class=\"wp-caption-text\">DE CAPA CA\u00cdDA.- As\u00ed luc\u00eda el \u00e1nimo de quienes acompa\u00f1aron al \u2018Huaso\u2019 Henr\u00edquez a su \u00faltima morada la ma\u00f1ana de este martes.<\/figcaption><\/figure>\n<p>En un ambiente de camarader\u00eda; sentimientos encontrados y en el m\u00e1s absoluto respeto, fueron celebradas las exequias durante la ma\u00f1ana de este martes en Los Pinos, Camino Tocornal, del ex futbolista del Uni\u00f3n San Felipe, Rafael \u2018Huaso\u2019 Henr\u00edquez. A los funerales se hicieron presentes cientos de amigos personales de Henr\u00edquez, el Alcalde Claudio Zurita y ex jugadores del Un\u00ed.<\/p>\n<figure id=\"attachment_39748\" aria-describedby=\"caption-attachment-39748\" style=\"width: 317px\" class=\"wp-caption alignright\"><a href=\"https:\/\/i0.wp.com\/www.eltrabajo.cl\/portal\/wp-content\/uploads\/2013\/11\/huaso-henriquez.jpg\"><img data-recalc-dims=\"1\" loading=\"lazy\" decoding=\"async\" class=\" wp-image-39748 \" title=\"Rafael Henr\u00edquez, naci\u00f3 el domingo 20 de octubre de 1946 y falleci\u00f3 el pasado domingo 17 de noviembre.\" alt=\"Rafael Henr\u00edquez, naci\u00f3 el domingo 20 de octubre de 1946 y falleci\u00f3 el pasado domingo 17 de noviembre.\" src=\"https:\/\/i0.wp.com\/www.eltrabajo.cl\/portal\/wp-content\/uploads\/2013\/11\/huaso-henriquez.jpg?resize=317%2C313\" width=\"317\" height=\"313\" srcset=\"https:\/\/i0.wp.com\/eltrabajo.cl\/portal\/wp-content\/uploads\/2013\/11\/huaso-henriquez.jpg?w=529&amp;ssl=1 529w, https:\/\/i0.wp.com\/eltrabajo.cl\/portal\/wp-content\/uploads\/2013\/11\/huaso-henriquez.jpg?resize=152%2C150&amp;ssl=1 152w, https:\/\/i0.wp.com\/eltrabajo.cl\/portal\/wp-content\/uploads\/2013\/11\/huaso-henriquez.jpg?resize=300%2C295&amp;ssl=1 300w, https:\/\/i0.wp.com\/eltrabajo.cl\/portal\/wp-content\/uploads\/2013\/11\/huaso-henriquez.jpg?resize=150%2C147&amp;ssl=1 150w\" sizes=\"auto, (max-width: 317px) 100vw, 317px\" \/><\/a><figcaption id=\"caption-attachment-39748\" class=\"wp-caption-text\">Rafael Henr\u00edquez, naci\u00f3 el domingo 20 de octubre de 1946 y falleci\u00f3 el pasado domingo 17 de noviembre.<\/figcaption><\/figure>\n<p>&nbsp;<\/p>\n<p><strong>VETERANOS\u00a0LE RECUERDAN<\/strong><\/p>\n<p>Nuestro medio habl\u00f3 con Luis Alberto Araya, Presidente del Club Deportivo Uni\u00f3n Tocornal, quien asegur\u00f3 que \u00abha sido un duro golpe para nosotros como instituci\u00f3n, as\u00ed como tambi\u00e9n para sus amigos y familiares, y digo que es un duro golpe, porque \u2018El Huaso\u2019 lleg\u00f3 a nuestras divisiones inferiores cuando era muy chico, \u00e9l sali\u00f3 de nuestras canteras, es y ser\u00e1 lo m\u00e1s grande que nuestro club ha tenido a nivel deportivo, estamos ya planificando jugar una Copa en su honor para este verano, \u00e9l era entrenador de f\u00fatbol de nuestros chicos, as\u00ed que todos sabremos corresponderle como merece\u00bb, coment\u00f3 el dirigente deportivo a Diario El Trabajo.<\/p>\n<p>Entre los dolientes que llegaron a la capilla de Los Pinos y que tambi\u00e9n acompa\u00f1aron al \u2018Huaso\u2019 a su \u00faltima morada en el Cementerio Almendral, hab\u00edan bastantes deportistas de varias \u00e9pocas, como es el caso del primer arquero que tuvo Uni\u00f3n San Felipe, Abelardo \u2018Chapir\u00f3n\u2019 Mu\u00f1oz, ahora de 77 a\u00f1os, quien indic\u00f3 a nuestro medio que \u00abrecuerdo que al \u2018Huaso\u2019 lo presentamos en una ocasi\u00f3n en la poblaci\u00f3n Yungay, en donde lo vieron en el Un\u00ed y ah\u00ed mismo fue contratado, yo jugu\u00e9 desde 1956 hasta 1964, y aunque me retir\u00e9, siempre \u00e9l y yo seguimos siendo amigos\u00bb, detall\u00f3 el ex arquero del Un\u00ed.<\/p>\n<p>\u2018El Chapir\u00f3n\u2019 agreg\u00f3 tambi\u00e9n que \u00ab\u2018El equipo de Los Humildes\u2019, como se le conoc\u00eda en aquellos a\u00f1os al Un\u00ed, obtuvo sus mejores triunfos en la era del \u2018Huaso\u2019, recuerdo que a veces a \u00e9l le sacaban payas porque jugaba descalzo, o que hab\u00eda jugado en alg\u00fan momento sin zapatos, sobre su condici\u00f3n de pobreza y humildad, \u00e9l nunca se avergonz\u00f3, siempre fue un caballero muy educado y un amigo leal\u00bb, puntualiz\u00f3 Abelardo.<\/p>\n<p>Siendo una realidad que \u2018El Huaso\u2019 no volver\u00e1 a nosotros y entendiendo tambi\u00e9n que sus aportes al f\u00fatbol nacional fueron muchos, quienes laboramos en Diario El Trabajo nos permitimos expresar a su familia nuestro sentido P\u00e9same, en virtud de su partida.<\/p>\n<p>Roberto Gonz\u00e1lez Short<\/p>\n<p>rgonzalez@eltrabajo.cl<\/p>\n<p>&nbsp;<\/p>\n","protected":false},"excerpt":{"rendered":"<p>En un ambiente de camarader\u00eda; sentimientos encontrados y en el m\u00e1s absoluto respeto, fueron celebradas las exequias durante la ma\u00f1ana de este martes en Los Pinos, Camino Tocornal, del ex futbolista del&#8230;<\/p>\n","protected":false},"author":482,"featured_media":39747,"comment_status":"open","ping_status":"closed","sticky":false,"template":"","format":"standard","meta":{"advanced_seo_description":"","jetpack_seo_html_title":"","jetpack_seo_noindex":false,"_jetpack_memberships_contains_paid_content":false,"footnotes":""},"categories":[15],"tags":[],"class_list":["post-39746","post","type-post","status-publish","format-standard","has-post-thumbnail","hentry","category-comunidad"],"jetpack_featured_media_url":"https:\/\/i0.wp.com\/eltrabajo.cl\/portal\/wp-content\/uploads\/2013\/11\/funerales1.jpg?fit=529%2C397&ssl=1","jetpack_sharing_enabled":true,"jetpack_likes_enabled":true,"jetpack-related-posts":[],"_links":{"self":[{"href":"https:\/\/eltrabajo.cl\/portal\/wp-json\/wp\/v2\/posts\/39746","targetHints":{"allow":["GET"]}}],"collection":[{"href":"https:\/\/eltrabajo.cl\/portal\/wp-json\/wp\/v2\/posts"}],"about":[{"href":"https:\/\/eltrabajo.cl\/portal\/wp-json\/wp\/v2\/types\/post"}],"author":[{"embeddable":true,"href":"https:\/\/eltrabajo.cl\/portal\/wp-json\/wp\/v2\/users\/482"}],"replies":[{"embeddable":true,"href":"https:\/\/eltrabajo.cl\/portal\/wp-json\/wp\/v2\/comments?post=39746"}],"version-history":[{"count":0,"href":"https:\/\/eltrabajo.cl\/portal\/wp-json\/wp\/v2\/posts\/39746\/revisions"}],"wp:featuredmedia":[{"embeddable":true,"href":"https:\/\/eltrabajo.cl\/portal\/wp-json\/wp\/v2\/media\/39747"}],"wp:attachment":[{"href":"https:\/\/eltrabajo.cl\/portal\/wp-json\/wp\/v2\/media?parent=39746"}],"wp:term":[{"taxonomy":"category","embeddable":true,"href":"https:\/\/eltrabajo.cl\/portal\/wp-json\/wp\/v2\/categories?post=39746"},{"taxonomy":"post_tag","embeddable":true,"href":"https:\/\/eltrabajo.cl\/portal\/wp-json\/wp\/v2\/tags?post=39746"}],"curies":[{"name":"wp","href":"https:\/\/api.w.org\/{rel}","templated":true}]}}