{"id":39763,"date":"2013-11-21T09:38:11","date_gmt":"2013-11-21T12:38:11","guid":{"rendered":"http:\/\/www.eltrabajo.cl\/portal\/?p=39763"},"modified":"2013-11-21T09:38:11","modified_gmt":"2013-11-21T12:38:11","slug":"bailando-cumbias-celebran-semana-de-la-educacion-parvularia","status":"publish","type":"post","link":"https:\/\/eltrabajo.cl\/portal\/bailando-cumbias-celebran-semana-de-la-educacion-parvularia\/","title":{"rendered":"Bailando cumbias celebran Semana de la Educaci\u00f3n Parvularia"},"content":{"rendered":"<figure id=\"attachment_39764\" aria-describedby=\"caption-attachment-39764\" style=\"width: 528px\" class=\"wp-caption alignnone\"><a href=\"https:\/\/i0.wp.com\/www.eltrabajo.cl\/portal\/wp-content\/uploads\/2013\/11\/parvulos1.jpg\"><img data-recalc-dims=\"1\" loading=\"lazy\" decoding=\"async\" class=\"size-full wp-image-39764\" title=\"Alegres y llenos de energ\u00eda, as\u00ed luc\u00edan la ma\u00f1ana de este mi\u00e9rcoles los 38 p\u00e1rvulos de la Escuela 21 de Mayo.\" alt=\"Alegres y llenos de energ\u00eda, as\u00ed luc\u00edan la ma\u00f1ana de este mi\u00e9rcoles los 38 p\u00e1rvulos de la Escuela 21 de Mayo.\" src=\"https:\/\/i0.wp.com\/www.eltrabajo.cl\/portal\/wp-content\/uploads\/2013\/11\/parvulos1.jpg?resize=528%2C350\" width=\"528\" height=\"350\" srcset=\"https:\/\/i0.wp.com\/eltrabajo.cl\/portal\/wp-content\/uploads\/2013\/11\/parvulos1.jpg?w=528&amp;ssl=1 528w, https:\/\/i0.wp.com\/eltrabajo.cl\/portal\/wp-content\/uploads\/2013\/11\/parvulos1.jpg?resize=200%2C132&amp;ssl=1 200w, https:\/\/i0.wp.com\/eltrabajo.cl\/portal\/wp-content\/uploads\/2013\/11\/parvulos1.jpg?resize=300%2C198&amp;ssl=1 300w, https:\/\/i0.wp.com\/eltrabajo.cl\/portal\/wp-content\/uploads\/2013\/11\/parvulos1.jpg?resize=150%2C99&amp;ssl=1 150w, https:\/\/i0.wp.com\/eltrabajo.cl\/portal\/wp-content\/uploads\/2013\/11\/parvulos1.jpg?resize=400%2C265&amp;ssl=1 400w\" sizes=\"auto, (max-width: 528px) 100vw, 528px\" \/><\/a><figcaption id=\"caption-attachment-39764\" class=\"wp-caption-text\">Alegres y llenos de energ\u00eda, as\u00ed luc\u00edan la ma\u00f1ana de este mi\u00e9rcoles los 38 p\u00e1rvulos de la Escuela 21 de Mayo.<\/figcaption><\/figure>\n<p>La Semana de la Educaci\u00f3n Parvularia 2013 se sigue celebrando en todo Chile y en la Escuela 21 de Mayo lo hicieron de la mejor manera. La ma\u00f1ana de este mi\u00e9rcoles grande fue la alegr\u00eda de los peques y adultos que asistieron al gimnasio de dicho centro educativo para homenajear a las dos parvularias Eliana Rocco y Patricia Lobo, profesionales que tienen a su cargo a los 38 p\u00e1rvulos de esa escuela.<\/p>\n<p>En la actividad se presentaron decenas de bailes infantiles y danza popular a ritmo de salsa, cumbias y cueca. Hubo tambi\u00e9n todo un zool\u00f3gico interpretado por los apoderados que tambi\u00e9n se unieron al festejo.<\/p>\n<p>La educaci\u00f3n infantil temprana es el nombre que recibe el ciclo formativo previo a la educaci\u00f3n primaria obligatoria establecida en muchas partes del mundo hispanoamericano. En algunos lugares, es parte del sistema formal de educaci\u00f3n y en otros es un centro de cuidado o jard\u00edn de infancia y cubre la edad de 0 a 6 a\u00f1os. Esta instituci\u00f3n tiene diversas formas de ser denominada, depende en gran parte si forma parte del sistema educativo o no, se la denomina escuela infantil, guarder\u00eda, jard\u00edn de infancia, jard\u00edn infantil, parvulario, k\u00ednder, kindergarten, jard\u00edn de infantes, jard\u00edn maternal, etc.<\/p>\n<p>Es por ello que en Diario El Trabajo felicitamos p\u00fablicamente a todas las parvularias de nuestra provincia.<\/p>\n<p>&nbsp;<\/p>\n","protected":false},"excerpt":{"rendered":"<p>La Semana de la Educaci\u00f3n Parvularia 2013 se sigue celebrando en todo Chile y en la Escuela 21 de Mayo lo hicieron de la mejor manera. La ma\u00f1ana de este mi\u00e9rcoles grande&#8230;<\/p>\n","protected":false},"author":482,"featured_media":39764,"comment_status":"open","ping_status":"closed","sticky":false,"template":"","format":"standard","meta":{"advanced_seo_description":"","jetpack_seo_html_title":"","jetpack_seo_noindex":false,"_jetpack_memberships_contains_paid_content":false,"footnotes":""},"categories":[15],"tags":[],"class_list":["post-39763","post","type-post","status-publish","format-standard","has-post-thumbnail","hentry","category-comunidad"],"jetpack_featured_media_url":"https:\/\/i0.wp.com\/eltrabajo.cl\/portal\/wp-content\/uploads\/2013\/11\/parvulos1.jpg?fit=528%2C350&ssl=1","jetpack_sharing_enabled":true,"jetpack_likes_enabled":true,"jetpack-related-posts":[],"_links":{"self":[{"href":"https:\/\/eltrabajo.cl\/portal\/wp-json\/wp\/v2\/posts\/39763","targetHints":{"allow":["GET"]}}],"collection":[{"href":"https:\/\/eltrabajo.cl\/portal\/wp-json\/wp\/v2\/posts"}],"about":[{"href":"https:\/\/eltrabajo.cl\/portal\/wp-json\/wp\/v2\/types\/post"}],"author":[{"embeddable":true,"href":"https:\/\/eltrabajo.cl\/portal\/wp-json\/wp\/v2\/users\/482"}],"replies":[{"embeddable":true,"href":"https:\/\/eltrabajo.cl\/portal\/wp-json\/wp\/v2\/comments?post=39763"}],"version-history":[{"count":0,"href":"https:\/\/eltrabajo.cl\/portal\/wp-json\/wp\/v2\/posts\/39763\/revisions"}],"wp:featuredmedia":[{"embeddable":true,"href":"https:\/\/eltrabajo.cl\/portal\/wp-json\/wp\/v2\/media\/39764"}],"wp:attachment":[{"href":"https:\/\/eltrabajo.cl\/portal\/wp-json\/wp\/v2\/media?parent=39763"}],"wp:term":[{"taxonomy":"category","embeddable":true,"href":"https:\/\/eltrabajo.cl\/portal\/wp-json\/wp\/v2\/categories?post=39763"},{"taxonomy":"post_tag","embeddable":true,"href":"https:\/\/eltrabajo.cl\/portal\/wp-json\/wp\/v2\/tags?post=39763"}],"curies":[{"name":"wp","href":"https:\/\/api.w.org\/{rel}","templated":true}]}}