{"id":39766,"date":"2013-11-21T09:39:34","date_gmt":"2013-11-21T12:39:34","guid":{"rendered":"http:\/\/www.eltrabajo.cl\/portal\/?p=39766"},"modified":"2013-11-21T09:39:34","modified_gmt":"2013-11-21T12:39:34","slug":"preocupa-extraccion-indiscriminada-de-aridos-en-la-ribera-del-rio-aconcagua","status":"publish","type":"post","link":"https:\/\/eltrabajo.cl\/portal\/preocupa-extraccion-indiscriminada-de-aridos-en-la-ribera-del-rio-aconcagua\/","title":{"rendered":"Preocupa extracci\u00f3n indiscriminada de \u00e1ridos en la ribera del R\u00edo Aconcagua"},"content":{"rendered":"<figure id=\"attachment_39767\" aria-describedby=\"caption-attachment-39767\" style=\"width: 528px\" class=\"wp-caption alignnone\"><a href=\"https:\/\/i0.wp.com\/www.eltrabajo.cl\/portal\/wp-content\/uploads\/2013\/11\/extraccion-de-aridos.jpg\"><img data-recalc-dims=\"1\" loading=\"lazy\" decoding=\"async\" class=\"size-full wp-image-39767\" title=\"La existencia de verdaderos socavones en el lecho del r\u00edo, es un tema que preocupa a la autoridad provincial.\" alt=\"La existencia de verdaderos socavones en el lecho del r\u00edo, es un tema que preocupa a la autoridad provincial.\" src=\"https:\/\/i0.wp.com\/www.eltrabajo.cl\/portal\/wp-content\/uploads\/2013\/11\/extraccion-de-aridos.jpg?resize=528%2C361\" width=\"528\" height=\"361\" srcset=\"https:\/\/i0.wp.com\/eltrabajo.cl\/portal\/wp-content\/uploads\/2013\/11\/extraccion-de-aridos.jpg?w=528&amp;ssl=1 528w, https:\/\/i0.wp.com\/eltrabajo.cl\/portal\/wp-content\/uploads\/2013\/11\/extraccion-de-aridos.jpg?resize=200%2C136&amp;ssl=1 200w, https:\/\/i0.wp.com\/eltrabajo.cl\/portal\/wp-content\/uploads\/2013\/11\/extraccion-de-aridos.jpg?resize=300%2C205&amp;ssl=1 300w, https:\/\/i0.wp.com\/eltrabajo.cl\/portal\/wp-content\/uploads\/2013\/11\/extraccion-de-aridos.jpg?resize=150%2C102&amp;ssl=1 150w, https:\/\/i0.wp.com\/eltrabajo.cl\/portal\/wp-content\/uploads\/2013\/11\/extraccion-de-aridos.jpg?resize=400%2C273&amp;ssl=1 400w\" sizes=\"auto, (max-width: 528px) 100vw, 528px\" \/><\/a><figcaption id=\"caption-attachment-39767\" class=\"wp-caption-text\">La existencia de verdaderos socavones en el lecho del r\u00edo, es un tema que preocupa a la autoridad provincial.<\/figcaption><\/figure>\n<ul>\n<li><strong>Gobernadora manifest\u00f3 que incluso se est\u00e1 interviniendo el lecho del r\u00edo, por lo que anunci\u00f3 una exhaustiva fiscalizaci\u00f3n.<\/strong><\/li>\n<\/ul>\n<p>Bastante preocupada se mostr\u00f3 la gobernadora provincial de San Felipe, Patricia Boffa, por lo que calific\u00f3 de \u201cextracci\u00f3n indiscriminada\u201d de \u00e1ridos desde la ribera norte del R\u00edo Aconcagua, motivo por el cual anunci\u00f3 que en los pr\u00f3ximos d\u00edas se realizar\u00e1 una exhaustiva fiscalizaci\u00f3n.<\/p>\n<p>La autoridad manifest\u00f3 que a prop\u00f3sito de esta situaci\u00f3n, ofici\u00f3 del tema al Intendente Ra\u00fal Celis, al Seremi de Obras P\u00fablicas Pedro Sariego y a otros estamentos involucrados, como son la Direcci\u00f3n General de Aguas y la Direcci\u00f3n de Obras Hidr\u00e1ulicas, por lo que se coordin\u00f3 una fiscalizaci\u00f3n \u201ccon tolerancia cero\u201d a esta actividad.<\/p>\n<p>\u201cHemos visto como tambi\u00e9n se est\u00e1 interviniendo el lecho del R\u00edo Aconcagua, es por eso la urgencia de esta fiscalizaci\u00f3n. Ya nos han contestado las autoridades regionales, en menos de media hora ten\u00edamos el oficio en nuestras manos, dici\u00e9ndonos que adem\u00e1s se pedir\u00e1 un informe a los municipios de las comunas que dan con la ribera del R\u00edo Aconcagua, para aunar criterios respecto de este accionar\u201d, se\u00f1al\u00f3 la gobernadora Boffa.<\/p>\n<p>Record\u00f3 la jefa provincial que en el a\u00f1o 2012, fue clausurada una empresa de extracci\u00f3n de \u00e1ridos, sin embargo en menos de veinte d\u00edas la municipalidad correspondiente le hab\u00eda vuelto a dar los permisos para operar.<\/p>\n<p>\u201cPor lo tanto, debemos aunar criterios, ya que este es un tema muy delicado para la gente del valle de Aconcagua, muy delicado en esta \u00e9poca en que tenemos una sequ\u00eda prolongada, que no nos quiere dejar y por lo tanto, debemos proteger y cuidar el R\u00edo Aconcagua, cuya agua alimenta los cultivos del valle\u201d, se\u00f1al\u00f3 Patricia Boffa.<\/p>\n<p>A\u00f1adi\u00f3 que se realizar\u00e1 una fiscalizaci\u00f3n muy rigurosa, ya que se teme que puedan existir faenas de extracci\u00f3n de \u00e1ridos clandestinas.<\/p>\n<p>La Gobernadora Boffa en todo caso fue enf\u00e1tica en se\u00f1alar que si existe una faena de extracci\u00f3n de \u00e1ridos que cumple con la normativa, no hay ning\u00fan problema, \u201cpero no vamos a permitir que estas empresas intervengan el lecho del r\u00edo, porque eso nos complica a todos los aconcag\u00fcinos\u201d.<\/p>\n<p>Agreg\u00f3 la autoridad que \u201chay verdaderos socavones en el R\u00edo Aconcagua\u201d, por lo que esta no ser\u00e1 la primera vez que se realice una fiscalizaci\u00f3n, reconociendo en este sentido la importancia de aunar criterios con los municipios, lo que no quiere decir que estos organismos sean los responsables de esta problem\u00e1tica que se est\u00e1 presentando.<\/p>\n<p>&nbsp;<\/p>\n<p>&nbsp;<\/p>\n","protected":false},"excerpt":{"rendered":"<p>Gobernadora manifest\u00f3 que incluso se est\u00e1 interviniendo el lecho del r\u00edo, por lo que anunci\u00f3 una exhaustiva fiscalizaci\u00f3n. Bastante preocupada se mostr\u00f3 la gobernadora provincial de San Felipe, Patricia Boffa, por lo&#8230;<\/p>\n","protected":false},"author":482,"featured_media":39767,"comment_status":"open","ping_status":"closed","sticky":false,"template":"","format":"standard","meta":{"advanced_seo_description":"","jetpack_seo_html_title":"","jetpack_seo_noindex":false,"_jetpack_memberships_contains_paid_content":false,"footnotes":""},"categories":[1],"tags":[],"class_list":["post-39766","post","type-post","status-publish","format-standard","has-post-thumbnail","hentry","category-cronica"],"jetpack_featured_media_url":"https:\/\/i0.wp.com\/eltrabajo.cl\/portal\/wp-content\/uploads\/2013\/11\/extraccion-de-aridos.jpg?fit=528%2C361&ssl=1","jetpack_sharing_enabled":true,"jetpack_likes_enabled":true,"jetpack-related-posts":[],"_links":{"self":[{"href":"https:\/\/eltrabajo.cl\/portal\/wp-json\/wp\/v2\/posts\/39766","targetHints":{"allow":["GET"]}}],"collection":[{"href":"https:\/\/eltrabajo.cl\/portal\/wp-json\/wp\/v2\/posts"}],"about":[{"href":"https:\/\/eltrabajo.cl\/portal\/wp-json\/wp\/v2\/types\/post"}],"author":[{"embeddable":true,"href":"https:\/\/eltrabajo.cl\/portal\/wp-json\/wp\/v2\/users\/482"}],"replies":[{"embeddable":true,"href":"https:\/\/eltrabajo.cl\/portal\/wp-json\/wp\/v2\/comments?post=39766"}],"version-history":[{"count":0,"href":"https:\/\/eltrabajo.cl\/portal\/wp-json\/wp\/v2\/posts\/39766\/revisions"}],"wp:featuredmedia":[{"embeddable":true,"href":"https:\/\/eltrabajo.cl\/portal\/wp-json\/wp\/v2\/media\/39767"}],"wp:attachment":[{"href":"https:\/\/eltrabajo.cl\/portal\/wp-json\/wp\/v2\/media?parent=39766"}],"wp:term":[{"taxonomy":"category","embeddable":true,"href":"https:\/\/eltrabajo.cl\/portal\/wp-json\/wp\/v2\/categories?post=39766"},{"taxonomy":"post_tag","embeddable":true,"href":"https:\/\/eltrabajo.cl\/portal\/wp-json\/wp\/v2\/tags?post=39766"}],"curies":[{"name":"wp","href":"https:\/\/api.w.org\/{rel}","templated":true}]}}