{"id":39769,"date":"2013-11-21T09:42:04","date_gmt":"2013-11-21T12:42:04","guid":{"rendered":"http:\/\/www.eltrabajo.cl\/portal\/?p=39769"},"modified":"2013-11-21T09:42:04","modified_gmt":"2013-11-21T12:42:04","slug":"el-martes-estaran-operativos-nuevos-ascensores-en-edificio-de-la-gobernacion","status":"publish","type":"post","link":"https:\/\/eltrabajo.cl\/portal\/el-martes-estaran-operativos-nuevos-ascensores-en-edificio-de-la-gobernacion\/","title":{"rendered":"El martes estar\u00e1n operativos nuevos ascensores en edificio de la Gobernaci\u00f3n"},"content":{"rendered":"<figure id=\"attachment_39770\" aria-describedby=\"caption-attachment-39770\" style=\"width: 317px\" class=\"wp-caption alignleft\"><a href=\"https:\/\/i0.wp.com\/www.eltrabajo.cl\/portal\/wp-content\/uploads\/2013\/11\/patricia-boffa2.jpg\"><img data-recalc-dims=\"1\" loading=\"lazy\" decoding=\"async\" class=\" wp-image-39770 \" title=\"Patricia Boffa, Gobernadora de San Felipe.\" alt=\"Patricia Boffa, Gobernadora de San Felipe.\" src=\"https:\/\/i0.wp.com\/www.eltrabajo.cl\/portal\/wp-content\/uploads\/2013\/11\/patricia-boffa2.jpg?resize=317%2C364\" width=\"317\" height=\"364\" srcset=\"https:\/\/i0.wp.com\/eltrabajo.cl\/portal\/wp-content\/uploads\/2013\/11\/patricia-boffa2.jpg?w=529&amp;ssl=1 529w, https:\/\/i0.wp.com\/eltrabajo.cl\/portal\/wp-content\/uploads\/2013\/11\/patricia-boffa2.jpg?resize=130%2C150&amp;ssl=1 130w, https:\/\/i0.wp.com\/eltrabajo.cl\/portal\/wp-content\/uploads\/2013\/11\/patricia-boffa2.jpg?resize=261%2C300&amp;ssl=1 261w, https:\/\/i0.wp.com\/eltrabajo.cl\/portal\/wp-content\/uploads\/2013\/11\/patricia-boffa2.jpg?resize=400%2C458&amp;ssl=1 400w\" sizes=\"auto, (max-width: 317px) 100vw, 317px\" \/><\/a><figcaption id=\"caption-attachment-39770\" class=\"wp-caption-text\">Patricia Boffa, Gobernadora de San Felipe.<\/figcaption><\/figure>\n<p>El pr\u00f3ximo martes 26 de noviembre deber\u00e1n estar operativos los nuevos ascensores de la Gobernaci\u00f3n Provincial de San Felipe.<\/p>\n<p>De acuerdo a lo informado por la Gobernadora Patricia Boffa, la empresa a cargo del proyecto, \u2018Ascensores Chile\u2019, registr\u00f3 un retraso en el t\u00e9rmino de los trabajos, acci\u00f3n que oblig\u00f3 a la autoridad provincial a hacer efectiva una multa de 1 unidad tributaria mensual por cada d\u00eda de atraso, la que debe ser pagada en el Gobierno Regional.<\/p>\n<p>\u201cEl proyecto de los nuevos ascensores de la Gobernaci\u00f3n Provincial ha sido muy anhelado por los funcionarios y la comunidad. Los trabajos han demorado casi un a\u00f1o y fue financiado \u00edntegramente por el Gobierno Regional, con una inversi\u00f3n de 88 millones de pesos.<\/p>\n<p>\u201cNosotros hemos solicitado como Gobernaci\u00f3n, a la unidad t\u00e9cnica del proyecto, que en este caso es la municipalidad, que se imputen las multas correspondientes a la empresa \u2018Ascensores Chile\u2019 por el no cumplimiento de la fecha en que deb\u00edan ser entregados los ascensores y que corresponde al 28 de octubre. Por lo tanto, hemos solicitado que se apliquen las m\u00e1ximas sanciones que estipulan las bases a la mencionada empresa\u201d.<\/p>\n<p>Agreg\u00f3 la Gobernadora Patricia Boffa, que desde que asumiera como Gobernadora y tras conocer el estado en que se encontraban estos ascensores, inici\u00f3 las gestiones para buscar los recursos y cambiarlos.<\/p>\n<p>Para ello cont\u00f3 con el apoyo del Consejero Regional Iv\u00e1n Reyes, quien tras contar con el proyecto lo present\u00f3 a pleno en el Gobierno Regional, donde se adjudicaron los recursos. A\u00f1adi\u00f3 Boffa que el cambio de los ascensores es una parte de un gran proyecto que experimentar\u00e1 este edificio de los servicios p\u00fablicos, cuyas obras ser\u00e1n informadas en detalle en los pr\u00f3ximos d\u00edas.<\/p>\n<p>&nbsp;<\/p>\n","protected":false},"excerpt":{"rendered":"<p>El pr\u00f3ximo martes 26 de noviembre deber\u00e1n estar operativos los nuevos ascensores de la Gobernaci\u00f3n Provincial de San Felipe. De acuerdo a lo informado por la Gobernadora Patricia Boffa, la empresa a&#8230;<\/p>\n","protected":false},"author":482,"featured_media":39770,"comment_status":"open","ping_status":"closed","sticky":false,"template":"","format":"standard","meta":{"advanced_seo_description":"","jetpack_seo_html_title":"","jetpack_seo_noindex":false,"_jetpack_memberships_contains_paid_content":false,"footnotes":""},"categories":[1],"tags":[],"class_list":["post-39769","post","type-post","status-publish","format-standard","has-post-thumbnail","hentry","category-cronica"],"jetpack_featured_media_url":"https:\/\/i0.wp.com\/eltrabajo.cl\/portal\/wp-content\/uploads\/2013\/11\/patricia-boffa2.jpg?fit=529%2C606&ssl=1","jetpack_sharing_enabled":true,"jetpack_likes_enabled":true,"jetpack-related-posts":[],"_links":{"self":[{"href":"https:\/\/eltrabajo.cl\/portal\/wp-json\/wp\/v2\/posts\/39769","targetHints":{"allow":["GET"]}}],"collection":[{"href":"https:\/\/eltrabajo.cl\/portal\/wp-json\/wp\/v2\/posts"}],"about":[{"href":"https:\/\/eltrabajo.cl\/portal\/wp-json\/wp\/v2\/types\/post"}],"author":[{"embeddable":true,"href":"https:\/\/eltrabajo.cl\/portal\/wp-json\/wp\/v2\/users\/482"}],"replies":[{"embeddable":true,"href":"https:\/\/eltrabajo.cl\/portal\/wp-json\/wp\/v2\/comments?post=39769"}],"version-history":[{"count":0,"href":"https:\/\/eltrabajo.cl\/portal\/wp-json\/wp\/v2\/posts\/39769\/revisions"}],"wp:featuredmedia":[{"embeddable":true,"href":"https:\/\/eltrabajo.cl\/portal\/wp-json\/wp\/v2\/media\/39770"}],"wp:attachment":[{"href":"https:\/\/eltrabajo.cl\/portal\/wp-json\/wp\/v2\/media?parent=39769"}],"wp:term":[{"taxonomy":"category","embeddable":true,"href":"https:\/\/eltrabajo.cl\/portal\/wp-json\/wp\/v2\/categories?post=39769"},{"taxonomy":"post_tag","embeddable":true,"href":"https:\/\/eltrabajo.cl\/portal\/wp-json\/wp\/v2\/tags?post=39769"}],"curies":[{"name":"wp","href":"https:\/\/api.w.org\/{rel}","templated":true}]}}