{"id":39773,"date":"2013-11-21T09:43:40","date_gmt":"2013-11-21T12:43:40","guid":{"rendered":"http:\/\/www.eltrabajo.cl\/portal\/?p=39773"},"modified":"2013-11-21T09:43:40","modified_gmt":"2013-11-21T12:43:40","slug":"gremios-del-psiquiatrico-aseguran-que-fueron-informados-a-ultima-hora","status":"publish","type":"post","link":"https:\/\/eltrabajo.cl\/portal\/gremios-del-psiquiatrico-aseguran-que-fueron-informados-a-ultima-hora\/","title":{"rendered":"Gremios del Psiqui\u00e1trico aseguran que fueron informados a \u00faltima hora"},"content":{"rendered":"<figure id=\"attachment_39774\" aria-describedby=\"caption-attachment-39774\" style=\"width: 528px\" class=\"wp-caption alignnone\"><a href=\"https:\/\/i0.wp.com\/www.eltrabajo.cl\/portal\/wp-content\/uploads\/2013\/11\/dirigentes-psiquiatrico.jpg\"><img data-recalc-dims=\"1\" loading=\"lazy\" decoding=\"async\" class=\"size-full wp-image-39774\" title=\"Los dirigentes aseguran que les informaron a \u00faltima hora del viernes que no tendr\u00edan locomoci\u00f3n para el d\u00eda de la elecci\u00f3n.\" alt=\"Los dirigentes aseguran que les informaron a \u00faltima hora del viernes que no tendr\u00edan locomoci\u00f3n para el d\u00eda de la elecci\u00f3n.\" src=\"https:\/\/i0.wp.com\/www.eltrabajo.cl\/portal\/wp-content\/uploads\/2013\/11\/dirigentes-psiquiatrico.jpg?resize=528%2C314\" width=\"528\" height=\"314\" srcset=\"https:\/\/i0.wp.com\/eltrabajo.cl\/portal\/wp-content\/uploads\/2013\/11\/dirigentes-psiquiatrico.jpg?w=528&amp;ssl=1 528w, https:\/\/i0.wp.com\/eltrabajo.cl\/portal\/wp-content\/uploads\/2013\/11\/dirigentes-psiquiatrico.jpg?resize=200%2C118&amp;ssl=1 200w, https:\/\/i0.wp.com\/eltrabajo.cl\/portal\/wp-content\/uploads\/2013\/11\/dirigentes-psiquiatrico.jpg?resize=300%2C178&amp;ssl=1 300w, https:\/\/i0.wp.com\/eltrabajo.cl\/portal\/wp-content\/uploads\/2013\/11\/dirigentes-psiquiatrico.jpg?resize=150%2C89&amp;ssl=1 150w, https:\/\/i0.wp.com\/eltrabajo.cl\/portal\/wp-content\/uploads\/2013\/11\/dirigentes-psiquiatrico.jpg?resize=400%2C237&amp;ssl=1 400w\" sizes=\"auto, (max-width: 528px) 100vw, 528px\" \/><\/a><figcaption id=\"caption-attachment-39774\" class=\"wp-caption-text\">Los dirigentes aseguran que les informaron a \u00faltima hora del viernes que no tendr\u00edan locomoci\u00f3n para el d\u00eda de la elecci\u00f3n.<\/figcaption><\/figure>\n<p><strong>PUTAENDO<\/strong>.- En forma categ\u00f3rica, representantes de los gremios de los trabajadores del Hospital Psiqui\u00e1trico Dr. Philippe Pinel de Putaendo, desmintieron las declaraciones de la Gobernadora Patricia Boffa en cuanto a que la direcci\u00f3n del recinto les hab\u00eda informado con anticipaci\u00f3n que no tendr\u00edan movilizaci\u00f3n el d\u00eda de la elecci\u00f3n reci\u00e9n pasada.<\/p>\n<p>Orlando Ahumada, presidente de la Asociaci\u00f3n de T\u00e9cnicos Param\u00e9dicos, y Kassandra Gonz\u00e1lez, presidenta de la FENATS, junto a otros dirigentes indicaron que el jueves de la semana pasada mantuvieron una reuni\u00f3n de coordinaci\u00f3n con la directora del Hospital Psiqui\u00e1trico para solicitar que el d\u00eda de la elecci\u00f3n se dispusiera movilizaci\u00f3n para trasladar a los usuarios del recinto, adem\u00e1s de los funcionarios que estaban trabajando ese d\u00eda, tal como se ha hecho en todas las elecciones, e incluso la direcci\u00f3n del hospital se comprometi\u00f3 a disponer de un chofer y un furg\u00f3n para tal efecto.<\/p>\n<p>Orlando Ahumada se\u00f1al\u00f3 que hist\u00f3ricamente, en los 30 a\u00f1os que lleva trabajando en el Hospital Psiqui\u00e1trico, en todas las elecciones se ha dispuesto que un furg\u00f3n traslade a los usuarios que tienen derecho a sufragar y tambi\u00e9n a los funcionarios que ese d\u00eda se encuentran trabajando, pero que extra\u00f1amente reci\u00e9n el viernes en la tarde y a \u00faltima hora apareci\u00f3 un documento que indicaba que en esta ocasi\u00f3n no habr\u00eda locomoci\u00f3n para lo antes expuesto, lo que el dirigente calific\u00f3 como demasiado raro, pues se inform\u00f3 a \u00faltima hora cuando ya los dirigentes se hab\u00edan retirado de sus labores y reci\u00e9n el domingo pudieron corroborar que la orden era efectiva.<\/p>\n<p>El dirigente dijo adem\u00e1s que le sorprende de sobremanera que la gobernadora Boffa haya enviado comunicados de prensa indicando que ellos estaban informados de esta situaci\u00f3n, lo que desminti\u00f3 categ\u00f3ricamente, se\u00f1alando adem\u00e1s que si cada funcionario que trabaj\u00f3 el domingo pasado hubiese ocupado las dos horas que la ley establece para ir a votar, literalmente el hospital hubiese colapsado en cuanto a la atenci\u00f3n de los usuarios y por eso resulta importante contar con locomoci\u00f3n que siempre hab\u00eda estado disponible en los diferentes procesos electorales.<\/p>\n<p>Por su parte, la presidenta de la FENATS, Kassandra Gonz\u00e1lez, dijo que no es la intenci\u00f3n causar pol\u00e9mica ni armar una far\u00e1ndula con el tema, pero que est\u00e1n muy sentidos como gremio, pues asever\u00f3 que \u201cla Gobernadora Boffa debe informarse mejor antes de entregar una opini\u00f3n\u201d, agregando que como gremio han sido respetuosos de todas las autoridades, pero que en esta ocasi\u00f3n nunca fueron informados y que como trabajadores entienden que si hay una ley que regula la salida de veh\u00edculos fiscales desde un hospital p\u00fablico, no es un tema nuevo y que al no haber facilitado locomoci\u00f3n solo pudieron sufragar tres usuarios, no los 20 \u00f3 30 que pueden y tienen derecho a votar.<\/p>\n<p>La dirigente pidi\u00f3 que la opini\u00f3n p\u00fablica entienda que de modo alguno han querido realizar alg\u00fan tipo de intervencionismo, pues jam\u00e1s los gremios se van a prestar para eso y que solo piden m\u00e1s responsabilidad por parte de la gobernadora, que puede tener todas las facultades que le entrega la ley, pero que no puede pasar por sobre los derechos de los trabajadores y de los usuarios y entregar una informaci\u00f3n err\u00f3nea a la comunidad.<\/p>\n<p>Finalmente, ambos dirigentes dijeron sentirse profundamente dolidos por los comentarios que en las redes sociales varias personas hicieron en contra de los usuarios del hospital, a quienes ofendieron con burlas de grueso calibre que ten\u00edan relaci\u00f3n con que por el hecho de ser personas con discapacidad no pod\u00edan discernir para poder votar, por lo que la dirigente indic\u00f3 que es una falta de respeto a personas que son especiales, pero que son personas como cualquier otra que tienen el leg\u00edtimo derecho de emitir una opini\u00f3n, pues los usuarios que pueden votar son aquellos que est\u00e1n avalados por informes m\u00e9dicos que les permiten insertarse en la sociedad.<\/p>\n<p>Patricio Gallardo M.<\/p>\n<p>&nbsp;<\/p>\n","protected":false},"excerpt":{"rendered":"<p>PUTAENDO.- En forma categ\u00f3rica, representantes de los gremios de los trabajadores del Hospital Psiqui\u00e1trico Dr. Philippe Pinel de Putaendo, desmintieron las declaraciones de la Gobernadora Patricia Boffa en cuanto a que la&#8230;<\/p>\n","protected":false},"author":482,"featured_media":39774,"comment_status":"open","ping_status":"closed","sticky":false,"template":"","format":"standard","meta":{"advanced_seo_description":"","jetpack_seo_html_title":"","jetpack_seo_noindex":false,"_jetpack_memberships_contains_paid_content":false,"footnotes":""},"categories":[1],"tags":[],"class_list":["post-39773","post","type-post","status-publish","format-standard","has-post-thumbnail","hentry","category-cronica"],"jetpack_featured_media_url":"https:\/\/i0.wp.com\/eltrabajo.cl\/portal\/wp-content\/uploads\/2013\/11\/dirigentes-psiquiatrico.jpg?fit=528%2C314&ssl=1","jetpack_sharing_enabled":true,"jetpack_likes_enabled":true,"jetpack-related-posts":[],"_links":{"self":[{"href":"https:\/\/eltrabajo.cl\/portal\/wp-json\/wp\/v2\/posts\/39773","targetHints":{"allow":["GET"]}}],"collection":[{"href":"https:\/\/eltrabajo.cl\/portal\/wp-json\/wp\/v2\/posts"}],"about":[{"href":"https:\/\/eltrabajo.cl\/portal\/wp-json\/wp\/v2\/types\/post"}],"author":[{"embeddable":true,"href":"https:\/\/eltrabajo.cl\/portal\/wp-json\/wp\/v2\/users\/482"}],"replies":[{"embeddable":true,"href":"https:\/\/eltrabajo.cl\/portal\/wp-json\/wp\/v2\/comments?post=39773"}],"version-history":[{"count":0,"href":"https:\/\/eltrabajo.cl\/portal\/wp-json\/wp\/v2\/posts\/39773\/revisions"}],"wp:featuredmedia":[{"embeddable":true,"href":"https:\/\/eltrabajo.cl\/portal\/wp-json\/wp\/v2\/media\/39774"}],"wp:attachment":[{"href":"https:\/\/eltrabajo.cl\/portal\/wp-json\/wp\/v2\/media?parent=39773"}],"wp:term":[{"taxonomy":"category","embeddable":true,"href":"https:\/\/eltrabajo.cl\/portal\/wp-json\/wp\/v2\/categories?post=39773"},{"taxonomy":"post_tag","embeddable":true,"href":"https:\/\/eltrabajo.cl\/portal\/wp-json\/wp\/v2\/tags?post=39773"}],"curies":[{"name":"wp","href":"https:\/\/api.w.org\/{rel}","templated":true}]}}