{"id":39776,"date":"2013-11-21T09:45:32","date_gmt":"2013-11-21T12:45:32","guid":{"rendered":"http:\/\/www.eltrabajo.cl\/portal\/?p=39776"},"modified":"2013-11-21T09:45:32","modified_gmt":"2013-11-21T12:45:32","slug":"este-miercoles-los-funcionarios-municipales-volvieron-a-sus-labores","status":"publish","type":"post","link":"https:\/\/eltrabajo.cl\/portal\/este-miercoles-los-funcionarios-municipales-volvieron-a-sus-labores\/","title":{"rendered":"Este mi\u00e9rcoles los funcionarios municipales volvieron a sus labores"},"content":{"rendered":"<figure id=\"attachment_39777\" aria-describedby=\"caption-attachment-39777\" style=\"width: 370px\" class=\"wp-caption alignleft\"><a href=\"https:\/\/i0.wp.com\/www.eltrabajo.cl\/portal\/wp-content\/uploads\/2013\/11\/fin-movilizacion.jpg\"><img data-recalc-dims=\"1\" loading=\"lazy\" decoding=\"async\" class=\" wp-image-39777 \" title=\"Vladimir Tapia estrecha la mano del Alcalde Patricio Freire, simbolizando el t\u00e9rmino del largo paro de los funcionarios municipales. \" alt=\"Vladimir Tapia estrecha la mano del Alcalde Patricio Freire, simbolizando el t\u00e9rmino del largo paro de los funcionarios municipales. \" src=\"https:\/\/i0.wp.com\/www.eltrabajo.cl\/portal\/wp-content\/uploads\/2013\/11\/fin-movilizacion.jpg?resize=370%2C266\" width=\"370\" height=\"266\" srcset=\"https:\/\/i0.wp.com\/eltrabajo.cl\/portal\/wp-content\/uploads\/2013\/11\/fin-movilizacion.jpg?w=529&amp;ssl=1 529w, https:\/\/i0.wp.com\/eltrabajo.cl\/portal\/wp-content\/uploads\/2013\/11\/fin-movilizacion.jpg?resize=200%2C143&amp;ssl=1 200w, https:\/\/i0.wp.com\/eltrabajo.cl\/portal\/wp-content\/uploads\/2013\/11\/fin-movilizacion.jpg?resize=300%2C215&amp;ssl=1 300w, https:\/\/i0.wp.com\/eltrabajo.cl\/portal\/wp-content\/uploads\/2013\/11\/fin-movilizacion.jpg?resize=150%2C107&amp;ssl=1 150w, https:\/\/i0.wp.com\/eltrabajo.cl\/portal\/wp-content\/uploads\/2013\/11\/fin-movilizacion.jpg?resize=400%2C287&amp;ssl=1 400w\" sizes=\"auto, (max-width: 370px) 100vw, 370px\" \/><\/a><figcaption id=\"caption-attachment-39777\" class=\"wp-caption-text\">Vladimir Tapia estrecha la mano del Alcalde Patricio Freire, simbolizando el t\u00e9rmino del largo paro de los funcionarios municipales.<\/figcaption><\/figure>\n<ul>\n<li><strong>Municipalidad de San Felipe vuelve a atender con normalidad al terminar el paro de funcionarios<\/strong><\/li>\n<\/ul>\n<p>Este mi\u00e9rcoles los funcionarios municipales volvieron a sus labores, luego que el martes se llegara a acuerdo con el Gobierno, lo que signific\u00f3 que desde temprano el edificio consistorial retornara a sus funciones normales de atenci\u00f3n al p\u00fablico.<\/p>\n<p>El Alcalde Patricio Freire destac\u00f3 el t\u00e9rmino de la paralizaci\u00f3n luego de que se llegara a acuerdo en beneficio de los funcionarios municipales, e hizo un llamado a la comunidad a la comprensi\u00f3n por el tiempo que debieron esperar para obtener sus documentos debido a la extensi\u00f3n de la paralizaci\u00f3n, se\u00f1alando que desde este mi\u00e9rcoles las puertas est\u00e1n abiertas para realizar todos estos tr\u00e1mites, atenci\u00f3n que se realizar\u00e1 en horario normal.<\/p>\n<p>\u201cLos funcionarios municipales son una familia, y estamos trabajando juntos por la comunidad y por los proyectos de ciudad y para beneficio de todos en San Felipe\u201d, dijo el Alcalde Freire.<\/p>\n<p>El presidente de Asemuch, Vladimir Tapia, sostuvo que luego de las negociaciones, los funcionarios cuentan con una propuesta clara y consensuada, donde act\u00faa como garante el Senado y que dej\u00f3 conformes a los trabajadores.<\/p>\n<p>\u201cNosotros nos encontramos satisfechos, puesto que antes del movimiento que comienza el 16 de octubre y habiendo pasado m\u00e1s de 30 d\u00edas, hemos logrado allanar al Gobierno para que acepte las condiciones y se haga justicia en un tema que se arrastra por casi 30 a\u00f1os\u201d, dijo Tapia.<\/p>\n<p>El dirigente reconoci\u00f3 que movilizar a los municipios a lo largo del pa\u00eds no fue f\u00e1cil, por ello destac\u00f3 lo logrado y agradeci\u00f3 el apoyo que tuvieron de parte de las autoridades, espec\u00edficamente de los alcaldes, quienes a su juicio entendieron la situaci\u00f3n de la planta de funcionarios.<\/p>\n<p>\u201cEn ese contexto los alcaldes lo entienden perfectamente bien y saben que al solucionar ese tema se solucionan las problem\u00e1ticas que tienen la mayor\u00eda de las municipalidades del pa\u00eds en t\u00e9rminos estructurales, y de esa manera entregar un mejor servicio a la comunidad\u201d, manifest\u00f3 Tapia.<\/p>\n<p>Y agreg\u00f3 que el apoyo de los ediles fue fundamental al lograr un di\u00e1logo para actuar y as\u00ed lograr sus peticiones.<\/p>\n<p>Adem\u00e1s a primeras horas de la ma\u00f1ana de este mi\u00e9rcoles los funcionarios municipales participaron en una asamblea, donde estuvieron presentes el Alcalde Patricio Freire y el Concejal Ricardo Covarrubias, instancia donde Vladimir Tapia abord\u00f3 el tema del incremento previsional, el cual el Ejecutivo se compromete a encargar un informe de derecho constitucional que analice en profundidad las distintas situaciones jur\u00eddicas existentes, el que una vez recibido se constituir\u00e1 una mesa t\u00e9cnica tripartita con participaci\u00f3n del Ejecutivo, representantes de los funcionarios municipales y alcaldes, quienes deber\u00e1n entregar sus propuestas antes del 28 de febrero del 2014.<\/p>\n<p>Otro tema en discusi\u00f3n fue el de las plantas municipales y asignaciones profesionales, t\u00e9cnicas y de responsabilidad, donde el Ejecutivo se comprometi\u00f3 a instalar dentro de diez d\u00edas dos mesas t\u00e9cnicas tripartitas constituidas por el Gobierno, representantes de los funcionarios municipales y alcaldes, quienes tambi\u00e9n deben entregar sus propuestas antes del 28 de febrero del 2014.<\/p>\n<p>Y por \u00faltimo el dirigente de Asemuch indic\u00f3 que el cuarto punto en discusi\u00f3n es la soluci\u00f3n de cupos para rezagados mediante la Ley 20.649 sobre incentivo al retiro, en el cual el Ejecutivo enviar\u00e1 a tramitaci\u00f3n dentro del a\u00f1o en curso un proyecto de ley que, sujeto a la disponibilidad de cupos existentes, a todas aquellas personas rezagadas que cumpliendo con los requisitos necesarios y habiendo postulado oportunamente no alcanzaron a ser beneficiados.<\/p>\n<p>En la asamblea el Alcalde Patricio Freire y el Concejal Covarrubias, coincidieron en destacar sus compromisos con los funcionarios municipales, raz\u00f3n por la cual siempre estuvieron presentes en todas las mesas de negociaciones insertas tanto en la Asociaci\u00f3n Chilena de Municipalidades como asimismo en la Mesa Nacional de Concejales.<\/p>\n<p>&nbsp;<\/p>\n","protected":false},"excerpt":{"rendered":"<p>Municipalidad de San Felipe vuelve a atender con normalidad al terminar el paro de funcionarios Este mi\u00e9rcoles los funcionarios municipales volvieron a sus labores, luego que el martes se llegara a acuerdo&#8230;<\/p>\n","protected":false},"author":482,"featured_media":39777,"comment_status":"open","ping_status":"closed","sticky":false,"template":"","format":"standard","meta":{"advanced_seo_description":"","jetpack_seo_html_title":"","jetpack_seo_noindex":false,"_jetpack_memberships_contains_paid_content":false,"footnotes":""},"categories":[1],"tags":[],"class_list":["post-39776","post","type-post","status-publish","format-standard","has-post-thumbnail","hentry","category-cronica"],"jetpack_featured_media_url":"https:\/\/i0.wp.com\/eltrabajo.cl\/portal\/wp-content\/uploads\/2013\/11\/fin-movilizacion.jpg?fit=529%2C380&ssl=1","jetpack_sharing_enabled":true,"jetpack_likes_enabled":true,"jetpack-related-posts":[],"_links":{"self":[{"href":"https:\/\/eltrabajo.cl\/portal\/wp-json\/wp\/v2\/posts\/39776","targetHints":{"allow":["GET"]}}],"collection":[{"href":"https:\/\/eltrabajo.cl\/portal\/wp-json\/wp\/v2\/posts"}],"about":[{"href":"https:\/\/eltrabajo.cl\/portal\/wp-json\/wp\/v2\/types\/post"}],"author":[{"embeddable":true,"href":"https:\/\/eltrabajo.cl\/portal\/wp-json\/wp\/v2\/users\/482"}],"replies":[{"embeddable":true,"href":"https:\/\/eltrabajo.cl\/portal\/wp-json\/wp\/v2\/comments?post=39776"}],"version-history":[{"count":0,"href":"https:\/\/eltrabajo.cl\/portal\/wp-json\/wp\/v2\/posts\/39776\/revisions"}],"wp:featuredmedia":[{"embeddable":true,"href":"https:\/\/eltrabajo.cl\/portal\/wp-json\/wp\/v2\/media\/39777"}],"wp:attachment":[{"href":"https:\/\/eltrabajo.cl\/portal\/wp-json\/wp\/v2\/media?parent=39776"}],"wp:term":[{"taxonomy":"category","embeddable":true,"href":"https:\/\/eltrabajo.cl\/portal\/wp-json\/wp\/v2\/categories?post=39776"},{"taxonomy":"post_tag","embeddable":true,"href":"https:\/\/eltrabajo.cl\/portal\/wp-json\/wp\/v2\/tags?post=39776"}],"curies":[{"name":"wp","href":"https:\/\/api.w.org\/{rel}","templated":true}]}}