{"id":39779,"date":"2013-11-21T09:46:43","date_gmt":"2013-11-21T12:46:43","guid":{"rendered":"http:\/\/www.eltrabajo.cl\/portal\/?p=39779"},"modified":"2013-11-21T09:46:43","modified_gmt":"2013-11-21T12:46:43","slug":"funcionarios-municipales-realizaron-limpieza-de-la-pileta-de-la-plaza-de-armas","status":"publish","type":"post","link":"https:\/\/eltrabajo.cl\/portal\/funcionarios-municipales-realizaron-limpieza-de-la-pileta-de-la-plaza-de-armas\/","title":{"rendered":"Funcionarios municipales realizaron limpieza de la Pileta de la Plaza de Armas"},"content":{"rendered":"<figure id=\"attachment_39780\" aria-describedby=\"caption-attachment-39780\" style=\"width: 529px\" class=\"wp-caption alignnone\"><a href=\"https:\/\/i0.wp.com\/www.eltrabajo.cl\/portal\/wp-content\/uploads\/2013\/11\/pileta.jpg\"><img data-recalc-dims=\"1\" loading=\"lazy\" decoding=\"async\" class=\"size-full wp-image-39780\" title=\"La pileta de la Plaza de Armas fue de inmediato sometida a limpieza tras el t\u00e9rmino del paro de los municipales.\" alt=\"La pileta de la Plaza de Armas fue de inmediato sometida a limpieza tras el t\u00e9rmino del paro de los municipales.\" src=\"https:\/\/i0.wp.com\/www.eltrabajo.cl\/portal\/wp-content\/uploads\/2013\/11\/pileta.jpg?resize=529%2C355\" width=\"529\" height=\"355\" srcset=\"https:\/\/i0.wp.com\/eltrabajo.cl\/portal\/wp-content\/uploads\/2013\/11\/pileta.jpg?w=529&amp;ssl=1 529w, https:\/\/i0.wp.com\/eltrabajo.cl\/portal\/wp-content\/uploads\/2013\/11\/pileta.jpg?resize=200%2C134&amp;ssl=1 200w, https:\/\/i0.wp.com\/eltrabajo.cl\/portal\/wp-content\/uploads\/2013\/11\/pileta.jpg?resize=300%2C201&amp;ssl=1 300w, https:\/\/i0.wp.com\/eltrabajo.cl\/portal\/wp-content\/uploads\/2013\/11\/pileta.jpg?resize=150%2C100&amp;ssl=1 150w, https:\/\/i0.wp.com\/eltrabajo.cl\/portal\/wp-content\/uploads\/2013\/11\/pileta.jpg?resize=400%2C268&amp;ssl=1 400w\" sizes=\"auto, (max-width: 529px) 100vw, 529px\" \/><\/a><figcaption id=\"caption-attachment-39780\" class=\"wp-caption-text\">La pileta de la Plaza de Armas fue de inmediato sometida a limpieza tras el t\u00e9rmino del paro de los municipales.<\/figcaption><\/figure>\n<ul>\n<li><strong>El llamado a la comunidad es a cuidar este sector, ya que en el interior se encontraron piedras y adoquines, lo que estropea el principal paseo peatonal de la comuna.<\/strong><\/li>\n<\/ul>\n<p>En horas de la ma\u00f1ana de este mi\u00e9rcoles, funcionarios municipales comenzaron la limpieza de la pileta de la Plaza de Armas de San Felipe, dando un mejor aspecto al principal paseo peatonal de la ciudad.<\/p>\n<p>Luego que este martes culminara la movilizaci\u00f3n de los funcionarios, una de las primeras tareas encomendadas por el Alcalde Patricio Freire fue limpiar y hermosear este sector.<\/p>\n<p>En horas de la tarde la pileta se encontraba sin agua y se realizaba la mantenci\u00f3n a la sala de m\u00e1quinas, a lo que se suma el lavado que se hizo hace algunos d\u00edas del piso de la plaza.<\/p>\n<p>Seg\u00fan Ricardo Le\u00f3n, encargado de operaciones del municipio, la pileta deber\u00eda quedar en operaciones en el transcurso del d\u00eda, ya que fue bastante el trabajo que se debi\u00f3 realizar. Por ello el funcionario hizo un llamado a la comunidad a cuidar y mantener limpio este sector y la plaza en general, ya que al momento de sacar el agua de la pileta se encontraron piedras y adoquines, lo que da mal aspecto a este sector de la comuna.<\/p>\n<p>\u201cSi a una pileta la gente tira mugre y basura, se ve mal y eso afea la opini\u00f3n que el municipio tiene con la comunidad. Nosotros hacemos un tremendo esfuerzo, el Alcalde Patricio Freire, preocupado del hermoseamiento de la comuna en general y del cuidado de la plaza de Armas y especialmente de la pileta, nos pide que tengamos los trabajos necesarios para que podamos mantener esta pileta en buen estado de funcionamiento para la alegr\u00eda de todos los vecinos de San Felipe\u201d, dijo Le\u00f3n.<\/p>\n<p>Asimismo el funcionario agreg\u00f3 que este mi\u00e9rcoles se terminaba de retirar toda la propaganda pol\u00edtica que todav\u00eda se encontraba instalada en distintos sectores de la comuna, lo que se realiza con costo municipal.<\/p>\n<p>\u201cLos candidatos no retiraron toda la propaganda, algunos lo hicieron y otros no sacaron ninguna, entonces estamos retirando, con un tremendo esfuerzo municipal, la propaganda de todos los candidatos que estuvieron en las elecciones pasadas y que hoy permanecen colgados en los postes y \u00e1rboles de la ciudad\u201d, dijo Le\u00f3n.<\/p>\n<p>&nbsp;<\/p>\n","protected":false},"excerpt":{"rendered":"<p>El llamado a la comunidad es a cuidar este sector, ya que en el interior se encontraron piedras y adoquines, lo que estropea el principal paseo peatonal de la comuna. En horas&#8230;<\/p>\n","protected":false},"author":482,"featured_media":39780,"comment_status":"open","ping_status":"closed","sticky":false,"template":"","format":"standard","meta":{"advanced_seo_description":"","jetpack_seo_html_title":"","jetpack_seo_noindex":false,"_jetpack_memberships_contains_paid_content":false,"footnotes":""},"categories":[1],"tags":[],"class_list":["post-39779","post","type-post","status-publish","format-standard","has-post-thumbnail","hentry","category-cronica"],"jetpack_featured_media_url":"https:\/\/i0.wp.com\/eltrabajo.cl\/portal\/wp-content\/uploads\/2013\/11\/pileta.jpg?fit=529%2C355&ssl=1","jetpack_sharing_enabled":true,"jetpack_likes_enabled":true,"jetpack-related-posts":[],"_links":{"self":[{"href":"https:\/\/eltrabajo.cl\/portal\/wp-json\/wp\/v2\/posts\/39779","targetHints":{"allow":["GET"]}}],"collection":[{"href":"https:\/\/eltrabajo.cl\/portal\/wp-json\/wp\/v2\/posts"}],"about":[{"href":"https:\/\/eltrabajo.cl\/portal\/wp-json\/wp\/v2\/types\/post"}],"author":[{"embeddable":true,"href":"https:\/\/eltrabajo.cl\/portal\/wp-json\/wp\/v2\/users\/482"}],"replies":[{"embeddable":true,"href":"https:\/\/eltrabajo.cl\/portal\/wp-json\/wp\/v2\/comments?post=39779"}],"version-history":[{"count":0,"href":"https:\/\/eltrabajo.cl\/portal\/wp-json\/wp\/v2\/posts\/39779\/revisions"}],"wp:featuredmedia":[{"embeddable":true,"href":"https:\/\/eltrabajo.cl\/portal\/wp-json\/wp\/v2\/media\/39780"}],"wp:attachment":[{"href":"https:\/\/eltrabajo.cl\/portal\/wp-json\/wp\/v2\/media?parent=39779"}],"wp:term":[{"taxonomy":"category","embeddable":true,"href":"https:\/\/eltrabajo.cl\/portal\/wp-json\/wp\/v2\/categories?post=39779"},{"taxonomy":"post_tag","embeddable":true,"href":"https:\/\/eltrabajo.cl\/portal\/wp-json\/wp\/v2\/tags?post=39779"}],"curies":[{"name":"wp","href":"https:\/\/api.w.org\/{rel}","templated":true}]}}